{"id":7461,"date":"2021-12-16T08:31:15","date_gmt":"2021-12-16T11:31:15","guid":{"rendered":"https:\/\/sincomavi.org.br\/?p=7461"},"modified":"2021-12-16T08:31:16","modified_gmt":"2021-12-16T11:31:16","slug":"vendas-recuam-no-comercio","status":"publish","type":"post","link":"https:\/\/sincomavi.org.br\/?p=7461","title":{"rendered":"Vendas recuam no com\u00e9rcio"},"content":{"rendered":"<style>.wp-block-kadence-spacer.kt-block-spacer-_101538-1d .kt-block-spacer{height:60px;}.wp-block-kadence-spacer.kt-block-spacer-_101538-1d .kt-divider{border-top-width:1px;height:1px;border-top-color:#eee;width:80%;border-top-style:solid;}<\/style>\n<div class=\"wp-block-kadence-spacer aligncenter kt-block-spacer-_101538-1d\"><div class=\"kt-block-spacer kt-block-spacer-halign-center\" style=\"height:60px\"><hr class=\"kt-divider\" style=\"border-top-color:#eee;border-top-width:1px;width:80%;border-top-style:solid\"\/><\/div><\/div>\n\n\n\n<p>O desempenho do varejo no Brasil contou com uma queda de 1% em novembro, tendo como refer\u00eancia outubro de 2021 com dados dessazonalizados, conforme informa\u00e7\u00f5es coletadas pela Boa Vista. Na compara\u00e7\u00e3o interanual, novembro do ano passado, houve um recuo de 2,8%.<\/p>\n\n\n\n<p>Os principais pontos que influenciaram esse resultado foram a renda depreciada da popula\u00e7\u00e3o em fun\u00e7\u00e3o da alta infla\u00e7\u00e3o e a taxa de juros elevada, o que limita o cr\u00e9dito. Os analistas da Boa Vista lembram ainda que em novembro o Aux\u00edlio Brasil n\u00e3o foi t\u00e3o substantivo quanto era pretendido pelo governo; em m\u00e9dia, o benef\u00edcio foi de R$ 222, ao inv\u00e9s de R$ 400. Al\u00e9m disso, o n\u00famero de fam\u00edlias atendidas \u00e9 muito menor.<\/p>\n\n\n\n<div class=\"wp-block-image\"><figure class=\"aligncenter size-full\"><img loading=\"lazy\" decoding=\"async\" width=\"500\" height=\"244\" src=\"https:\/\/sincomavi.org.br\/wp-content\/uploads\/2021\/12\/mercado.png\" alt=\"\" class=\"wp-image-7462\" srcset=\"https:\/\/sincomavi.org.br\/wp-content\/uploads\/2021\/12\/mercado.png 500w, https:\/\/sincomavi.org.br\/wp-content\/uploads\/2021\/12\/mercado-300x146.png 300w\" sizes=\"auto, (max-width: 500px) 100vw, 500px\" \/><\/figure><\/div>\n\n\n\n<h2 class=\"wp-block-heading\"><br><br>Fim de ano<\/h2>\n\n\n\n<p>Diante disso, as expectativas dos comerciantes em rela\u00e7\u00e3o \u00e0s vendas de Natal n\u00e3o s\u00e3o das melhores. Pesquisa realizada pela pr\u00f3pria Boa Vista revela que apenas 41% das empresas consultadas projetam aumento de vendas no per\u00edodo de festas. J\u00e1 37% dos empres\u00e1rios se mostraram pessimistas e acreditam em queda nas vendas, ao passo que os 22% restantes esperam vendas iguais. Apenas como refer\u00eancia, em 2020, eram 40% os otimistas, 17% esperavam vendas iguais ao ano anterior e 43% esperavam vendas menores, o que demonstra que o pessimismo entre os empres\u00e1rios \u00e9 menor em 2021.<\/p>\n\n\n\n<p>Para Flavio Calife, economista da Boa Vista, mesmo com o avan\u00e7o da vacina\u00e7\u00e3o, o que contribui para a retomada das atividades nos mais diversos segmentos, o crescimento econ\u00f4mico ainda \u00e9 lento. \u201cH\u00e1 cautela por parte de empres\u00e1rios e consumidores, o que se reflete em uma expectativa retra\u00edda de vendas para o Natal e Fim de Ano, similar ao que os empres\u00e1rios previram em dezembro de 2020\u201d, avalia.<\/p>\n\n\n<style>.wp-block-kadence-spacer.kt-block-spacer-_19d3c6-a1 .kt-block-spacer{height:60px;}.wp-block-kadence-spacer.kt-block-spacer-_19d3c6-a1 .kt-divider{border-top-width:1px;height:1px;border-top-color:#eee;width:80%;border-top-style:solid;}<\/style>\n<div class=\"wp-block-kadence-spacer aligncenter kt-block-spacer-_19d3c6-a1\"><div class=\"kt-block-spacer kt-block-spacer-halign-center\" style=\"height:60px\"><hr class=\"kt-divider\" style=\"border-top-color:#eee;border-top-width:1px;width:80%;border-top-style:solid\"\/><\/div><\/div>\n","protected":false},"excerpt":{"rendered":"<p>O desempenho do varejo no Brasil contou com uma queda de 1% em novembro, tendo como refer\u00eancia outubro de 2021 com dados dessazonalizados, conforme informa\u00e7\u00f5es coletadas pela Boa Vista. Na compara\u00e7\u00e3o interanual, novembro do ano passado, houve um recuo de 2,8%. Os principais pontos que influenciaram esse resultado foram a renda depreciada da popula\u00e7\u00e3o em [&hellip;]<\/p>\n","protected":false},"author":1,"featured_media":7463,"comment_status":"closed","ping_status":"open","sticky":false,"template":"","format":"standard","meta":{"tdm_status":"","tdm_grid_status":"","footnotes":""},"categories":[153],"tags":[],"class_list":["post-7461","post","type-post","status-publish","format-standard","has-post-thumbnail","hentry","category-noticias"],"amp_enabled":true,"_links":{"self":[{"href":"https:\/\/sincomavi.org.br\/index.php?rest_route=\/wp\/v2\/posts\/7461","targetHints":{"allow":["GET"]}}],"collection":[{"href":"https:\/\/sincomavi.org.br\/index.php?rest_route=\/wp\/v2\/posts"}],"about":[{"href":"https:\/\/sincomavi.org.br\/index.php?rest_route=\/wp\/v2\/types\/post"}],"author":[{"embeddable":true,"href":"https:\/\/sincomavi.org.br\/index.php?rest_route=\/wp\/v2\/users\/1"}],"replies":[{"embeddable":true,"href":"https:\/\/sincomavi.org.br\/index.php?rest_route=%2Fwp%2Fv2%2Fcomments&post=7461"}],"version-history":[{"count":1,"href":"https:\/\/sincomavi.org.br\/index.php?rest_route=\/wp\/v2\/posts\/7461\/revisions"}],"predecessor-version":[{"id":7464,"href":"https:\/\/sincomavi.org.br\/index.php?rest_route=\/wp\/v2\/posts\/7461\/revisions\/7464"}],"wp:featuredmedia":[{"embeddable":true,"href":"https:\/\/sincomavi.org.br\/index.php?rest_route=\/wp\/v2\/media\/7463"}],"wp:attachment":[{"href":"https:\/\/sincomavi.org.br\/index.php?rest_route=%2Fwp%2Fv2%2Fmedia&parent=7461"}],"wp:term":[{"taxonomy":"category","embeddable":true,"href":"https:\/\/sincomavi.org.br\/index.php?rest_route=%2Fwp%2Fv2%2Fcategories&post=7461"},{"taxonomy":"post_tag","embeddable":true,"href":"https:\/\/sincomavi.org.br\/index.php?rest_route=%2Fwp%2Fv2%2Ftags&post=7461"}],"curies":[{"name":"wp","href":"https:\/\/api.w.org\/{rel}","templated":true}]}}