{"id":7455,"date":"2021-12-14T07:45:10","date_gmt":"2021-12-14T10:45:10","guid":{"rendered":"https:\/\/sincomavi.org.br\/?p=7455"},"modified":"2021-12-14T07:45:11","modified_gmt":"2021-12-14T10:45:11","slug":"cct-2021-2022-cotia-e-regiao","status":"publish","type":"post","link":"https:\/\/sincomavi.org.br\/?p=7455","title":{"rendered":"CCT 2021-2022 Cotia e Regi\u00e3o"},"content":{"rendered":"<style>.wp-block-kadence-spacer.kt-block-spacer-_e74203-31 .kt-block-spacer{height:60px;}.wp-block-kadence-spacer.kt-block-spacer-_e74203-31 .kt-divider{border-top-width:1px;height:1px;border-top-color:#eee;width:80%;border-top-style:solid;}<\/style>\n<div class=\"wp-block-kadence-spacer aligncenter kt-block-spacer-_e74203-31\"><div class=\"kt-block-spacer kt-block-spacer-halign-center\" style=\"height:60px\"><hr class=\"kt-divider\" style=\"border-top-color:#eee;border-top-width:1px;width:80%;border-top-style:solid\"\/><\/div><\/div>\n\n\n\n<p>Ap\u00f3s uma longa e intensa negocia\u00e7\u00e3o foi assinada a Conven\u00e7\u00e3o Coletiva de Trabalho com o Sindicato dos Empregados no Com\u00e9rcio de Cotia e Regi\u00e3o, com base territorial nos munic\u00edpios de Cotia, Embu-Gua\u00e7u, Itapecerica da Serra, Juquitiba, S\u00e3o Louren\u00e7o da Serra e Vargem Grande Paulista, com vig\u00eancia de 01\/10\/21 at\u00e9 30\/09\/22, que abrange e deve ser seguida pelas empresas representadas pelo Sincomavi e pelo Sincomaco, que voltou a assinar de forma conjunta.<\/p>\n\n\n\n<p>Existem muitas altera\u00e7\u00f5es em rela\u00e7\u00e3o \u00e0 outras CCTs assinadas pelo Sincomavi, sendo que as principais ocorreram nos seguintes itens:<\/p>\n\n\n\n<ul class=\"wp-block-list\"><li>reajustamento salarial sem possibilidade de parcelamento, mas vigorando a partir de 01\/12\/2021,<br><\/li><li>abono indenizat\u00f3rio decorrente do item acima,<\/li><\/ul>\n\n\n\n<ul class=\"wp-block-list\"><li>atualiza\u00e7\u00e3o de outros valores econ\u00f4micos da CCT,<\/li><\/ul>\n\n\n\n<ul class=\"wp-block-list\"><li>sal\u00e1rios de admiss\u00e3o desdobrado para empresas do varejo (Sincomavi) e do atacado (Sincomaco).<\/li><\/ul>\n\n\n\n<p>Dado a novidade e o alcance dessas normas, especialmente o reajuste vigorando a partir de 01\/12\/2021, o Departamento Jur\u00eddico do Sincomavi aconselha a todos o estudo completo do acordo, principalmente as cl\u00e1usulas referentes ao reajustamento e pisos de admiss\u00e3o.<\/p>\n\n\n\n<p>Lembrem-se tamb\u00e9m que existe na CCT diversos benef\u00edcios para as empresa que dependem de Certificados e Termos de Ades\u00e3o para serem usufru\u00eddos. Os j\u00e1 existentes devem ser renovados obrigatoriamente, pois perderam sua validade.<\/p>\n\n\n\n<div style=\"height:34px\" aria-hidden=\"true\" class=\"wp-block-spacer\"><\/div>\n\n\n<style>.wp-block-kadence-advancedbtn.kb-btns_16ec78-62{gap:var(--global-kb-gap-xs, 0.5rem );justify-content:center;align-items:center;}.kt-btns_16ec78-62 .kt-button{font-weight:normal;font-style:normal;}.kt-btns_16ec78-62 .kt-btn-wrap-0{margin-right:5px;}.wp-block-kadence-advancedbtn.kt-btns_16ec78-62 .kt-btn-wrap-0 .kt-button{color:#555555;border-color:#555555;}.wp-block-kadence-advancedbtn.kt-btns_16ec78-62 .kt-btn-wrap-0 .kt-button:hover, .wp-block-kadence-advancedbtn.kt-btns_16ec78-62 .kt-btn-wrap-0 .kt-button:focus{color:#ffffff;border-color:#444444;}.wp-block-kadence-advancedbtn.kt-btns_16ec78-62 .kt-btn-wrap-0 .kt-button::before{display:none;}.wp-block-kadence-advancedbtn.kt-btns_16ec78-62 .kt-btn-wrap-0 .kt-button:hover, .wp-block-kadence-advancedbtn.kt-btns_16ec78-62 .kt-btn-wrap-0 .kt-button:focus{background:#444444;}<\/style>\n<div class=\"wp-block-kadence-advancedbtn kt-btn-align-center kt-btn-tablet-align-inherit kt-btn-mobile-align-inherit kt-btns-wrap kt-btns_16ec78-62\"><div class=\"kt-btn-wrap kt-btn-wrap-0\"><a class=\"kt-button button kt-btn-0-action kt-btn-size-standard kt-btn-style-basic kt-btn-svg-show-always kt-btn-has-text-true kt-btn-has-svg-false\" href=\"https:\/\/sincomavi.org.br\/wp-content\/uploads\/2021\/12\/CCT-COTIA-2021-2022-SITE.pdf\" target=\"_blank\" rel=\"noreferrer noopener\"><span class=\"kt-btn-inner-text\">DOWNLOAD<\/span><\/a><\/div><\/div>\n\n\n\n<div style=\"height:34px\" aria-hidden=\"true\" class=\"wp-block-spacer\"><\/div>\n\n\n<style>.wp-block-kadence-spacer.kt-block-spacer-_695873-b2 .kt-block-spacer{height:60px;}.wp-block-kadence-spacer.kt-block-spacer-_695873-b2 .kt-divider{border-top-width:1px;height:1px;border-top-color:#eee;width:80%;border-top-style:solid;}<\/style>\n<div class=\"wp-block-kadence-spacer aligncenter kt-block-spacer-_695873-b2\"><div class=\"kt-block-spacer kt-block-spacer-halign-center\" style=\"height:60px\"><hr class=\"kt-divider\" style=\"border-top-color:#eee;border-top-width:1px;width:80%;border-top-style:solid\"\/><\/div><\/div>\n","protected":false},"excerpt":{"rendered":"<p>Ap\u00f3s uma longa e intensa negocia\u00e7\u00e3o foi assinada a Conven\u00e7\u00e3o Coletiva de Trabalho com o Sindicato dos Empregados no Com\u00e9rcio de Cotia e Regi\u00e3o, com base territorial nos munic\u00edpios de Cotia, Embu-Gua\u00e7u, Itapecerica da Serra, Juquitiba, S\u00e3o Louren\u00e7o da Serra e Vargem Grande Paulista, com vig\u00eancia de 01\/10\/21 at\u00e9 30\/09\/22, que abrange e deve ser [&hellip;]<\/p>\n","protected":false},"author":1,"featured_media":7456,"comment_status":"closed","ping_status":"open","sticky":false,"template":"","format":"standard","meta":{"tdm_status":"","tdm_grid_status":"","footnotes":""},"categories":[157],"tags":[192,852],"class_list":["post-7455","post","type-post","status-publish","format-standard","has-post-thumbnail","hentry","category-alerta","tag-convencao-coletiva-de-trabalho","tag-cotia-e-regiao"],"amp_enabled":true,"_links":{"self":[{"href":"https:\/\/sincomavi.org.br\/index.php?rest_route=\/wp\/v2\/posts\/7455","targetHints":{"allow":["GET"]}}],"collection":[{"href":"https:\/\/sincomavi.org.br\/index.php?rest_route=\/wp\/v2\/posts"}],"about":[{"href":"https:\/\/sincomavi.org.br\/index.php?rest_route=\/wp\/v2\/types\/post"}],"author":[{"embeddable":true,"href":"https:\/\/sincomavi.org.br\/index.php?rest_route=\/wp\/v2\/users\/1"}],"replies":[{"embeddable":true,"href":"https:\/\/sincomavi.org.br\/index.php?rest_route=%2Fwp%2Fv2%2Fcomments&post=7455"}],"version-history":[{"count":2,"href":"https:\/\/sincomavi.org.br\/index.php?rest_route=\/wp\/v2\/posts\/7455\/revisions"}],"predecessor-version":[{"id":7546,"href":"https:\/\/sincomavi.org.br\/index.php?rest_route=\/wp\/v2\/posts\/7455\/revisions\/7546"}],"wp:featuredmedia":[{"embeddable":true,"href":"https:\/\/sincomavi.org.br\/index.php?rest_route=\/wp\/v2\/media\/7456"}],"wp:attachment":[{"href":"https:\/\/sincomavi.org.br\/index.php?rest_route=%2Fwp%2Fv2%2Fmedia&parent=7455"}],"wp:term":[{"taxonomy":"category","embeddable":true,"href":"https:\/\/sincomavi.org.br\/index.php?rest_route=%2Fwp%2Fv2%2Fcategories&post=7455"},{"taxonomy":"post_tag","embeddable":true,"href":"https:\/\/sincomavi.org.br\/index.php?rest_route=%2Fwp%2Fv2%2Ftags&post=7455"}],"curies":[{"name":"wp","href":"https:\/\/api.w.org\/{rel}","templated":true}]}}