{"id":7430,"date":"2021-12-08T16:14:21","date_gmt":"2021-12-08T19:14:21","guid":{"rendered":"https:\/\/sincomavi.org.br\/?p=7430"},"modified":"2021-12-10T13:15:26","modified_gmt":"2021-12-10T16:15:26","slug":"cct-2021-2022-motoristas-da-capital","status":"publish","type":"post","link":"https:\/\/sincomavi.org.br\/?p=7430","title":{"rendered":"CCT 2021-2022 Motoristas da capital"},"content":{"rendered":"<style>.wp-block-kadence-spacer.kt-block-spacer-_ab3abe-a3 .kt-block-spacer{height:60px;}.wp-block-kadence-spacer.kt-block-spacer-_ab3abe-a3 .kt-divider{border-top-width:1px;height:1px;border-top-color:#eee;width:80%;border-top-style:solid;}<\/style>\n<div class=\"wp-block-kadence-spacer aligncenter kt-block-spacer-_ab3abe-a3\"><div class=\"kt-block-spacer kt-block-spacer-halign-center\" style=\"height:60px\"><hr class=\"kt-divider\" style=\"border-top-color:#eee;border-top-width:1px;width:80%;border-top-style:solid\"\/><\/div><\/div>\n\n\n\n<p>Assinada a Conven\u00e7\u00e3o Coletiva de Trabalho com o Sindicato dos Condutores em Transportes Rodovi\u00e1rios de Cargas Pr\u00f3prias de S\u00e3o Paulo (Motoristas da Capital), com vig\u00eancia de 01\/11\/21 at\u00e9 31\/10\/22, que abrange e deve ser seguida pelas empresas estabelecidas na capital representadas pelo Sincomavi e pelo Sincomaco de forma conjunta.<\/p>\n\n\n\n<p>As altera\u00e7\u00f5es principais ocorreram nos seguintes itens:<\/p>\n\n\n\n<ul class=\"wp-block-list\"><li>Reajustamento salarial com possibilidade (op\u00e7\u00e3o da empresa) de parcelamento.<\/li><\/ul>\n\n\n\n<ul class=\"wp-block-list\"><li>Atualiza\u00e7\u00e3o de outros valores econ\u00f4micos da CCT.<\/li><\/ul>\n\n\n\n<ul class=\"wp-block-list\"><li>Sal\u00e1rios de admiss\u00e3o.<\/li><\/ul>\n\n\n\n<p>Dado a novidade e o alcance dessas normas, especialmente para as empresas que adotarem a op\u00e7\u00e3o de parcelamento do reajuste, o Departamento Jur\u00eddico do Sincomavi aconselha a todos o estudo completo do acordo, principalmente as cl\u00e1usulas referentes ao reajustamento e pisos de admiss\u00e3o.<\/p>\n\n\n\n<p>Lembrem-se tamb\u00e9m que existe na CCT diversos benef\u00edcios para as empresas, que dependem de Certificados e Termos de Ades\u00e3o para serem usufru\u00eddos. Os j\u00e1 existentes devem ser renovados obrigatoriamente, pois perderam sua validade.<\/p>\n\n\n\n<div style=\"height:39px\" aria-hidden=\"true\" class=\"wp-block-spacer\"><\/div>\n\n\n<style>.wp-block-kadence-advancedbtn.kb-btns_542438-3e{gap:var(--global-kb-gap-xs, 0.5rem );justify-content:center;align-items:center;}.kt-btns_542438-3e .kt-button{font-weight:normal;font-style:normal;}.kt-btns_542438-3e .kt-btn-wrap-0{margin-right:5px;}.wp-block-kadence-advancedbtn.kt-btns_542438-3e .kt-btn-wrap-0 .kt-button{color:#555555;border-color:#555555;}.wp-block-kadence-advancedbtn.kt-btns_542438-3e .kt-btn-wrap-0 .kt-button:hover, .wp-block-kadence-advancedbtn.kt-btns_542438-3e .kt-btn-wrap-0 .kt-button:focus{color:#ffffff;border-color:#444444;}.wp-block-kadence-advancedbtn.kt-btns_542438-3e .kt-btn-wrap-0 .kt-button::before{display:none;}.wp-block-kadence-advancedbtn.kt-btns_542438-3e .kt-btn-wrap-0 .kt-button:hover, .wp-block-kadence-advancedbtn.kt-btns_542438-3e .kt-btn-wrap-0 .kt-button:focus{background:#444444;}<\/style>\n<div class=\"wp-block-kadence-advancedbtn kt-btn-align-center kt-btn-tablet-align-inherit kt-btn-mobile-align-inherit kt-btns-wrap kt-btns_542438-3e\"><div class=\"kt-btn-wrap kt-btn-wrap-0\"><a class=\"kt-button button kt-btn-0-action kt-btn-size-standard kt-btn-style-basic kt-btn-svg-show-always kt-btn-has-text-true kt-btn-has-svg-false\" href=\"https:\/\/sincomavi.org.br\/wp-content\/uploads\/2021\/12\/CCT-SINDICAPRO-CARGAS-PROPRIAS-MOTORISTAS-CAPITAL-2021-2022-DATA-CORRIGIDA.pdf\" target=\"_blank\" rel=\"noreferrer noopener\"><span class=\"kt-btn-inner-text\">DOWNLOAD<\/span><\/a><\/div><\/div>\n\n\n\n<div style=\"height:39px\" aria-hidden=\"true\" class=\"wp-block-spacer\"><\/div>\n\n\n<style>.wp-block-kadence-spacer.kt-block-spacer-_95343b-5f .kt-block-spacer{height:60px;}.wp-block-kadence-spacer.kt-block-spacer-_95343b-5f .kt-divider{border-top-width:1px;height:1px;border-top-color:#eee;width:80%;border-top-style:solid;}<\/style>\n<div class=\"wp-block-kadence-spacer aligncenter kt-block-spacer-_95343b-5f\"><div class=\"kt-block-spacer kt-block-spacer-halign-center\" style=\"height:60px\"><hr class=\"kt-divider\" style=\"border-top-color:#eee;border-top-width:1px;width:80%;border-top-style:solid\"\/><\/div><\/div>\n","protected":false},"excerpt":{"rendered":"<p>Assinada a Conven\u00e7\u00e3o Coletiva de Trabalho com o Sindicato dos Condutores em Transportes Rodovi\u00e1rios de Cargas Pr\u00f3prias de S\u00e3o Paulo (Motoristas da Capital), com vig\u00eancia de 01\/11\/21 at\u00e9 31\/10\/22, que abrange e deve ser seguida pelas empresas estabelecidas na capital representadas pelo Sincomavi e pelo Sincomaco de forma conjunta. As altera\u00e7\u00f5es principais ocorreram nos seguintes [&hellip;]<\/p>\n","protected":false},"author":1,"featured_media":7433,"comment_status":"closed","ping_status":"open","sticky":false,"template":"","format":"standard","meta":{"tdm_status":"","tdm_grid_status":"","footnotes":""},"categories":[157],"tags":[192,319,363],"class_list":["post-7430","post","type-post","status-publish","format-standard","has-post-thumbnail","hentry","category-alerta","tag-convencao-coletiva-de-trabalho","tag-motoristas-capital","tag-relacoes-trabalhistas"],"amp_enabled":true,"_links":{"self":[{"href":"https:\/\/sincomavi.org.br\/index.php?rest_route=\/wp\/v2\/posts\/7430","targetHints":{"allow":["GET"]}}],"collection":[{"href":"https:\/\/sincomavi.org.br\/index.php?rest_route=\/wp\/v2\/posts"}],"about":[{"href":"https:\/\/sincomavi.org.br\/index.php?rest_route=\/wp\/v2\/types\/post"}],"author":[{"embeddable":true,"href":"https:\/\/sincomavi.org.br\/index.php?rest_route=\/wp\/v2\/users\/1"}],"replies":[{"embeddable":true,"href":"https:\/\/sincomavi.org.br\/index.php?rest_route=%2Fwp%2Fv2%2Fcomments&post=7430"}],"version-history":[{"count":3,"href":"https:\/\/sincomavi.org.br\/index.php?rest_route=\/wp\/v2\/posts\/7430\/revisions"}],"predecessor-version":[{"id":7545,"href":"https:\/\/sincomavi.org.br\/index.php?rest_route=\/wp\/v2\/posts\/7430\/revisions\/7545"}],"wp:featuredmedia":[{"embeddable":true,"href":"https:\/\/sincomavi.org.br\/index.php?rest_route=\/wp\/v2\/media\/7433"}],"wp:attachment":[{"href":"https:\/\/sincomavi.org.br\/index.php?rest_route=%2Fwp%2Fv2%2Fmedia&parent=7430"}],"wp:term":[{"taxonomy":"category","embeddable":true,"href":"https:\/\/sincomavi.org.br\/index.php?rest_route=%2Fwp%2Fv2%2Fcategories&post=7430"},{"taxonomy":"post_tag","embeddable":true,"href":"https:\/\/sincomavi.org.br\/index.php?rest_route=%2Fwp%2Fv2%2Ftags&post=7430"}],"curies":[{"name":"wp","href":"https:\/\/api.w.org\/{rel}","templated":true}]}}