{"id":7425,"date":"2021-12-08T11:53:17","date_gmt":"2021-12-08T14:53:17","guid":{"rendered":"https:\/\/sincomavi.org.br\/?p=7425"},"modified":"2022-09-23T11:14:20","modified_gmt":"2022-09-23T14:14:20","slug":"vendas-de-materiais-de-construcao-continuam-desacelerando-em-sao-paulo","status":"publish","type":"post","link":"https:\/\/sincomavi.org.br\/?p=7425","title":{"rendered":"Vendas de material de constru\u00e7\u00e3o continuam desacelerando em S\u00e3o Paulo"},"content":{"rendered":"<style>.wp-block-kadence-spacer.kt-block-spacer-_af9418-b1 .kt-block-spacer{height:60px;}.wp-block-kadence-spacer.kt-block-spacer-_af9418-b1 .kt-divider{border-top-width:1px;height:1px;border-top-color:#eee;width:80%;border-top-style:solid;}<\/style>\n<div class=\"wp-block-kadence-spacer aligncenter kt-block-spacer-_af9418-b1\"><div class=\"kt-block-spacer kt-block-spacer-halign-center\"><hr class=\"kt-divider\"\/><\/div><\/div>\n\n\n\n<p>Dados recentes da Pesquisa Mensal do Com\u00e9rcio (PMC), do Instituto Brasileiro de Geografia e Estat\u00edstica (IBGE), mostram que o volume de vendas do com\u00e9rcio de material de constru\u00e7\u00e3o apresentou nova retra\u00e7\u00e3o de vendas na compara\u00e7\u00e3o interanual. Em outubro o recuo foi de 15,7% em compara\u00e7\u00e3o com o mesmo m\u00eas do ano passado no Estado de S\u00e3o Paulo &#8211; a quarta queda seguida e a primeira vez que o desempenho negativo nas vendas da economia paulista foi mais acentuado que no \u00e2mbito nacional (-13,7%) para este per\u00edodo recente.<\/p>\n\n\n\n<p class=\"has-text-align-center\"><strong>Evolu\u00e7\u00e3o mensal do \u00edndice de volume de vendas do com\u00e9rcio de material de constru\u00e7\u00e3o \u2013 M\u00eas contra mesmo m\u00eas do ano anterior<\/strong><\/p>\n\n\n\n<div class=\"wp-block-image\"><figure class=\"aligncenter size-full\"><img loading=\"lazy\" decoding=\"async\" width=\"837\" height=\"484\" src=\"https:\/\/sincomavi.org.br\/wp-content\/uploads\/2021\/12\/image-7.png\" alt=\"\" class=\"wp-image-7426\" srcset=\"https:\/\/sincomavi.org.br\/wp-content\/uploads\/2021\/12\/image-7.png 837w, https:\/\/sincomavi.org.br\/wp-content\/uploads\/2021\/12\/image-7-300x173.png 300w, https:\/\/sincomavi.org.br\/wp-content\/uploads\/2021\/12\/image-7-768x444.png 768w, https:\/\/sincomavi.org.br\/wp-content\/uploads\/2021\/12\/image-7-726x420.png 726w, https:\/\/sincomavi.org.br\/wp-content\/uploads\/2021\/12\/image-7-640x370.png 640w, https:\/\/sincomavi.org.br\/wp-content\/uploads\/2021\/12\/image-7-681x394.png 681w\" sizes=\"auto, (max-width: 837px) 100vw, 837px\" \/><figcaption>Fonte: IBGE<\/figcaption><\/figure><\/div>\n\n\n\n<p>Ao se observar o desempenho acumulado no ano e nos doze meses at\u00e9 o m\u00eas de outubro, h\u00e1 continuidade na desacelera\u00e7\u00e3o do segmento comercial em quest\u00e3o. No Estado de S\u00e3o Paulo o volume de vendas no com\u00e9rcio de material de constru\u00e7\u00e3o avan\u00e7ou 8,1% em rela\u00e7\u00e3o ao per\u00edodo janeiro-outubro de 2020 e cresce 10,6% no acumulado entre novembro de 2020 a outubro de 2021. No m\u00eas de setembro os percentuais eram respectivamente positivos em 11,5% e 15,0%.<\/p>\n\n\n\n<p class=\"has-text-align-center\"><strong>Evolu\u00e7\u00e3o mensal do \u00edndice de volume de vendas do com\u00e9rcio de material de constru\u00e7\u00e3o no Estado de SP \u2013 taxa de 12 meses e do acumulado no ano<\/strong><\/p>\n\n\n\n<div class=\"wp-block-image\"><figure class=\"aligncenter size-full\"><img loading=\"lazy\" decoding=\"async\" width=\"750\" height=\"450\" src=\"https:\/\/sincomavi.org.br\/wp-content\/uploads\/2021\/12\/image-8.png\" alt=\"\" class=\"wp-image-7427\" srcset=\"https:\/\/sincomavi.org.br\/wp-content\/uploads\/2021\/12\/image-8.png 750w, https:\/\/sincomavi.org.br\/wp-content\/uploads\/2021\/12\/image-8-300x180.png 300w, https:\/\/sincomavi.org.br\/wp-content\/uploads\/2021\/12\/image-8-700x420.png 700w, https:\/\/sincomavi.org.br\/wp-content\/uploads\/2021\/12\/image-8-640x384.png 640w, https:\/\/sincomavi.org.br\/wp-content\/uploads\/2021\/12\/image-8-681x409.png 681w\" sizes=\"auto, (max-width: 750px) 100vw, 750px\" \/><figcaption>Fonte: IBGE<\/figcaption><\/figure><\/div>\n\n\n\n<p>\u201cAinda que em 2021 o segmento de material de constru\u00e7\u00e3o possua o terceiro melhor desempenho em volume de vendas no Estado de S\u00e3o Paulo, dentre as atividades que comp\u00f5em o setor comercial, e em 12 meses esteja com o segundo melhor resultado, o que se nota desde julho \u00e9 um processo de desacelera\u00e7\u00e3o deste segmento em rela\u00e7\u00e3o ao mesmo per\u00edodo do ano passado\u201d, avalia o economista Jaime Vasconcellos.<\/p>\n\n\n\n<p>Em sua opini\u00e3o, essa desacelera\u00e7\u00e3o torna-se cada vez mais acentuada, dado que ao mesmo tempo que no segundo semestre de 2020 houve forte recupera\u00e7\u00e3o das vendas, a realidade atual \u00e9 de queda do consumo frente a uma alta e persistente da infla\u00e7\u00e3o &#8211; seja de mercadorias do setor e em geral da economia brasileira. Soma-se a isso a uni\u00e3o entre custo de cr\u00e9dito mais elevado e avan\u00e7o do endividamento das fam\u00edlias.<\/p>\n\n\n\n<p>\u201cEm setembro, alertamos que a magnitude desta acomoda\u00e7\u00e3o do setor condicionaria o n\u00edvel de preocupa\u00e7\u00e3o que o Sincomavi teria com o desempenho de vendas das atividades empresariais sob sua representa\u00e7\u00e3o\u201d, ressalta. \u201cA despeito do ano positivo, a realidade traz preocupa\u00e7\u00e3o no sentido da velocidade desta retra\u00e7\u00e3o, ainda mais porque os condicionantes ao consumo, citados acima, n\u00e3o parecem no curto prazo que ir\u00e3o se modificar, isto \u00e9, a redu\u00e7\u00e3o no ritmo de vendas deve prevalecer at\u00e9 o fim do ano e trazem sinal de alerta para 2022\u201d.<\/p>\n\n\n<style>.wp-block-kadence-spacer.kt-block-spacer-_17b8c3-ee .kt-block-spacer{height:60px;}.wp-block-kadence-spacer.kt-block-spacer-_17b8c3-ee .kt-divider{border-top-width:1px;height:1px;border-top-color:#eee;width:80%;border-top-style:solid;}<\/style>\n<div class=\"wp-block-kadence-spacer aligncenter kt-block-spacer-_17b8c3-ee\"><div class=\"kt-block-spacer kt-block-spacer-halign-center\"><hr class=\"kt-divider\"\/><\/div><\/div>\n","protected":false},"excerpt":{"rendered":"<p>Dados recentes da Pesquisa Mensal do Com\u00e9rcio (PMC), do Instituto Brasileiro de Geografia e Estat\u00edstica (IBGE), mostram que o volume de vendas do com\u00e9rcio de material de constru\u00e7\u00e3o apresentou nova retra\u00e7\u00e3o de vendas na compara\u00e7\u00e3o interanual. Em outubro o recuo foi de 15,7% em compara\u00e7\u00e3o com o mesmo m\u00eas do ano passado no Estado de [&hellip;]<\/p>\n","protected":false},"author":1,"featured_media":7428,"comment_status":"closed","ping_status":"open","sticky":false,"template":"","format":"standard","meta":{"tdm_status":"","tdm_grid_status":"","footnotes":""},"categories":[153],"tags":[199,161,158,162,200,75],"class_list":["post-7425","post","type-post","status-publish","format-standard","has-post-thumbnail","hentry","category-noticias","tag-comercio","tag-ibge","tag-material-de-construcao","tag-pmc","tag-varejo","tag-vendas"],"amp_enabled":true,"_links":{"self":[{"href":"https:\/\/sincomavi.org.br\/index.php?rest_route=\/wp\/v2\/posts\/7425","targetHints":{"allow":["GET"]}}],"collection":[{"href":"https:\/\/sincomavi.org.br\/index.php?rest_route=\/wp\/v2\/posts"}],"about":[{"href":"https:\/\/sincomavi.org.br\/index.php?rest_route=\/wp\/v2\/types\/post"}],"author":[{"embeddable":true,"href":"https:\/\/sincomavi.org.br\/index.php?rest_route=\/wp\/v2\/users\/1"}],"replies":[{"embeddable":true,"href":"https:\/\/sincomavi.org.br\/index.php?rest_route=%2Fwp%2Fv2%2Fcomments&post=7425"}],"version-history":[{"count":3,"href":"https:\/\/sincomavi.org.br\/index.php?rest_route=\/wp\/v2\/posts\/7425\/revisions"}],"predecessor-version":[{"id":8883,"href":"https:\/\/sincomavi.org.br\/index.php?rest_route=\/wp\/v2\/posts\/7425\/revisions\/8883"}],"wp:featuredmedia":[{"embeddable":true,"href":"https:\/\/sincomavi.org.br\/index.php?rest_route=\/wp\/v2\/media\/7428"}],"wp:attachment":[{"href":"https:\/\/sincomavi.org.br\/index.php?rest_route=%2Fwp%2Fv2%2Fmedia&parent=7425"}],"wp:term":[{"taxonomy":"category","embeddable":true,"href":"https:\/\/sincomavi.org.br\/index.php?rest_route=%2Fwp%2Fv2%2Fcategories&post=7425"},{"taxonomy":"post_tag","embeddable":true,"href":"https:\/\/sincomavi.org.br\/index.php?rest_route=%2Fwp%2Fv2%2Ftags&post=7425"}],"curies":[{"name":"wp","href":"https:\/\/api.w.org\/{rel}","templated":true}]}}