{"id":7422,"date":"2021-12-08T09:08:02","date_gmt":"2021-12-08T12:08:02","guid":{"rendered":"https:\/\/sincomavi.org.br\/?p=7422"},"modified":"2021-12-08T09:08:03","modified_gmt":"2021-12-08T12:08:03","slug":"carta-de-conjuntura-dezembro-de-2021","status":"publish","type":"post","link":"https:\/\/sincomavi.org.br\/?p=7422","title":{"rendered":"Carta de conjuntura | dezembro de 2021"},"content":{"rendered":"<style>.wp-block-kadence-spacer.kt-block-spacer-_9d8780-be .kt-block-spacer{height:60px;}.wp-block-kadence-spacer.kt-block-spacer-_9d8780-be .kt-divider{border-top-width:1px;height:1px;border-top-color:#eee;width:80%;border-top-style:solid;}<\/style>\n<div class=\"wp-block-kadence-spacer aligncenter kt-block-spacer-_9d8780-be\"><div class=\"kt-block-spacer kt-block-spacer-halign-center\" style=\"height:60px\"><hr class=\"kt-divider\" style=\"border-top-color:#eee;border-top-width:1px;width:80%;border-top-style:solid\"\/><\/div><\/div>\n\n\n\n<p><strong>Jaime Vasconcellos, economista.<\/strong><\/p>\n\n\n\n<p>Chegamos a nossa \u00faltima carta de conjuntura de 2021. Este foi um ano dicot\u00f4mico e que finaliza com desafios distintos daqueles quando iniciou. Os primeiros seis meses foram marcados pelos fortes impactos da segunda onda da Covid, puxando para baixo setores de servi\u00e7os e com\u00e9rcio, bem como indicadores inflacion\u00e1rios, gerando discuss\u00f5es sobre novos amparos fiscais para alimentar a economia. J\u00e1 sua segunda metade foi marcada por arrefecimento da pandemia, retomada do com\u00e9rcio e servi\u00e7os e por um avan\u00e7o inflacion\u00e1rio persistente e puxado por choques de oferta, redu\u00e7\u00e3o de chuvas, avan\u00e7o de pre\u00e7os do petr\u00f3leo e alimentado por incertezas quanto \u00e0 sa\u00fade fiscal do Estado brasileiro.<\/p>\n\n\n\n<p>Deste processo todo, duas preocupa\u00e7\u00f5es tornaram-se quatro para 2022. As duas preocupa\u00e7\u00f5es de 2021 ser\u00e3o o futuro da Covid-19, principalmente devido a possibilidades de suas novas variantes, e a infla\u00e7\u00e3o alta e duradoura que ser\u00e1 vista tamb\u00e9m ao menos na primeira metade do ano que vem. Para segurar esta infla\u00e7\u00e3o o Banco central tem avan\u00e7ado fortemente os juros da economia, que derruba a demanda para trazer os pre\u00e7os para baixo. Esse avan\u00e7o de juros causa dois efeitos colaterais muito fortes e nortear\u00e1 2022, isto \u00e9, com juro alto teremos crescimento econ\u00f4mico baixo e o endividamento das fam\u00edlias tender\u00e1 a se manter em elevados patamares.<\/p>\n\n\n\n<p>Em suma, fechamos o ano com infla\u00e7\u00e3o alta, juros altos e crescimento elevado, ocasionado pela fraca base de compara\u00e7\u00e3o do que foi 2020. Em 2022 fecharemos o ano com infla\u00e7\u00e3o pela metade do que a vista atualmente e economia de lado, com riscos at\u00e9 mesmo de uma recess\u00e3o. Isso tudo com fam\u00edlias endividadas, cr\u00e9dito caro e desemprego significativo, ainda mais no primeiro quadrimestre.<\/p>\n\n\n\n<p>Essas not\u00edcias preocupantes para a macroeconomia em 2022 precisam chegar como convite (ou convoca\u00e7\u00e3o) para o planejamento e cautela ao empres\u00e1rio. Infla\u00e7\u00e3o e custo de cr\u00e9dito elevado tendem a diminuir poder de compra das fam\u00edlias, isso impacta receitas e naturalmente decis\u00f5es como precifica\u00e7\u00e3o e estoque dos estabelecimentos. Com menos recursos, a renda familiar deve ser novamente direcionada para bens essenciais e de consumo n\u00e3o adi\u00e1vel, portanto criar estrat\u00e9gias para venda de tais produtos pode ser uma boa ideia. Fora isso, manter contato com consumidor, ser assertivo na negocia\u00e7\u00e3o, ter cuidados com prazos de pagamento e estocagem de mercadorias e manter f\u00f4lego e liquidez em capital podem garantir uma passagem menos tumultuada por um ano que j\u00e1 seria vol\u00e1til pela presen\u00e7a de elei\u00e7\u00f5es gerais, e que fica mais desafiador com a conjuntura acima destacada.<\/p>\n\n\n\n<p>Continuaremos na luta em 2022!<\/p>\n\n\n\n<p>Abaixo seguem nossas \u00faltimas proje\u00e7\u00f5es macroecon\u00f4micas para o encerramento de 2021:<\/p>\n\n\n\n<p>\u2022 <strong>PIB<\/strong>: +4,7%&nbsp;&nbsp;&nbsp;&nbsp;&nbsp;&nbsp;&nbsp;&nbsp;&nbsp;&nbsp;&nbsp;&nbsp;&nbsp; &nbsp;&nbsp;&nbsp;&nbsp;&nbsp;&nbsp;&nbsp;&nbsp;&nbsp;&nbsp;&nbsp;&nbsp;&nbsp;&nbsp;&nbsp;&nbsp;&nbsp;&nbsp;&nbsp;&nbsp;&nbsp;&nbsp;&nbsp;&nbsp;&nbsp;&nbsp;&nbsp;&nbsp;&nbsp;&nbsp;&nbsp;&nbsp;&nbsp;&nbsp;&nbsp;&nbsp;&nbsp;&nbsp;&nbsp;<\/p>\n\n\n\n<p>\u2022 <strong>IPCA\/IBGE<\/strong>: 10,5%&nbsp;&nbsp;&nbsp;&nbsp;&nbsp;&nbsp;&nbsp;&nbsp;&nbsp;&nbsp;&nbsp;&nbsp;&nbsp;&nbsp;&nbsp;&nbsp;&nbsp;&nbsp;&nbsp;&nbsp;&nbsp;&nbsp;&nbsp;&nbsp;&nbsp;&nbsp;&nbsp;&nbsp;&nbsp;&nbsp;&nbsp;&nbsp;&nbsp;&nbsp;&nbsp;&nbsp;&nbsp;&nbsp;&nbsp;&nbsp;&nbsp;&nbsp;&nbsp;&nbsp;&nbsp;&nbsp;&nbsp;&nbsp;&nbsp;&nbsp;&nbsp;&nbsp;<\/p>\n\n\n\n<p>\u2022 <strong>SELIC<\/strong>: 9,25%&nbsp;&nbsp;&nbsp;&nbsp;&nbsp;&nbsp;&nbsp;&nbsp;&nbsp;&nbsp;&nbsp;&nbsp;&nbsp;<\/p>\n\n\n\n<p>\u2022 <strong>Taxa de C\u00e2mbio:<\/strong> 5,55&nbsp;&nbsp;&nbsp;&nbsp;&nbsp;&nbsp;&nbsp;&nbsp;&nbsp;&nbsp;&nbsp;&nbsp;&nbsp;<\/p>\n\n\n\n<p>\u2022 <strong>Balan\u00e7a comercial<\/strong>: + US$ 60 bi<\/p>\n\n\n\n<p>\u2022 <strong>Vendas do varejo<\/strong>: +5,0%<\/p>\n\n\n\n<p>\u2022 <strong>Volume dos servi\u00e7os<\/strong>: +4,5%<\/p>\n\n\n\n<p>Abaixo seguem nossas primeiras proje\u00e7\u00f5es macroecon\u00f4micas para o ano de 2022:<\/p>\n\n\n\n<p>\u2022 <strong>PIB<\/strong>: +0,5%&nbsp;&nbsp;&nbsp;&nbsp;&nbsp;&nbsp;&nbsp;&nbsp;&nbsp;&nbsp;&nbsp;&nbsp;&nbsp; &nbsp;&nbsp;&nbsp;&nbsp;&nbsp;&nbsp;&nbsp;&nbsp;&nbsp;&nbsp;&nbsp;&nbsp;&nbsp;&nbsp;&nbsp;&nbsp;&nbsp;&nbsp;&nbsp;&nbsp;&nbsp;&nbsp;&nbsp;&nbsp;&nbsp;&nbsp;&nbsp;&nbsp;&nbsp;&nbsp;&nbsp;&nbsp;&nbsp;&nbsp;&nbsp;&nbsp;&nbsp;&nbsp;&nbsp;<\/p>\n\n\n\n<p>\u2022 <strong>IPCA\/IBGE<\/strong>: 5,5%&nbsp;&nbsp;&nbsp;&nbsp;&nbsp;&nbsp;&nbsp;&nbsp;&nbsp;&nbsp;&nbsp;&nbsp;&nbsp;&nbsp;&nbsp;&nbsp;&nbsp;&nbsp;&nbsp;&nbsp;&nbsp;&nbsp;&nbsp;&nbsp;&nbsp;&nbsp;&nbsp;&nbsp;&nbsp;&nbsp;&nbsp;&nbsp;&nbsp;&nbsp;&nbsp;&nbsp;&nbsp;&nbsp;&nbsp;&nbsp;&nbsp;&nbsp;&nbsp;&nbsp;&nbsp;&nbsp;&nbsp;&nbsp;&nbsp;&nbsp;&nbsp;&nbsp;<\/p>\n\n\n\n<p>\u2022 <strong>SELIC<\/strong>: 11%&nbsp;&nbsp;&nbsp;&nbsp;&nbsp;&nbsp;&nbsp;&nbsp;&nbsp;&nbsp;&nbsp;&nbsp;&nbsp;<\/p>\n\n\n\n<p>\u2022 <strong>Taxa de C\u00e2mbio:<\/strong> 5,55&nbsp;&nbsp;&nbsp;&nbsp;&nbsp;&nbsp;&nbsp;&nbsp;&nbsp;&nbsp;&nbsp;&nbsp;&nbsp;<\/p>\n\n\n\n<p>\u2022 <strong>Balan\u00e7a comercial<\/strong>: + US$ 60 bi<\/p>\n\n\n\n<p>\u2022 <strong>Vendas do varejo<\/strong>: +1,0%<\/p>\n\n\n\n<p>\u2022 <strong>Volume dos servi\u00e7os<\/strong>: +1,5%<\/p>\n\n\n<style>.wp-block-kadence-spacer.kt-block-spacer-_b7a4e1-3a .kt-block-spacer{height:60px;}.wp-block-kadence-spacer.kt-block-spacer-_b7a4e1-3a .kt-divider{border-top-width:1px;height:1px;border-top-color:#eee;width:80%;border-top-style:solid;}<\/style>\n<div class=\"wp-block-kadence-spacer aligncenter kt-block-spacer-_b7a4e1-3a\"><div class=\"kt-block-spacer kt-block-spacer-halign-center\" style=\"height:60px\"><hr class=\"kt-divider\" style=\"border-top-color:#eee;border-top-width:1px;width:80%;border-top-style:solid\"\/><\/div><\/div>\n","protected":false},"excerpt":{"rendered":"<p>Jaime Vasconcellos, economista. Chegamos a nossa \u00faltima carta de conjuntura de 2021. Este foi um ano dicot\u00f4mico e que finaliza com desafios distintos daqueles quando iniciou. Os primeiros seis meses foram marcados pelos fortes impactos da segunda onda da Covid, puxando para baixo setores de servi\u00e7os e com\u00e9rcio, bem como indicadores inflacion\u00e1rios, gerando discuss\u00f5es sobre [&hellip;]<\/p>\n","protected":false},"author":1,"featured_media":7423,"comment_status":"closed","ping_status":"open","sticky":false,"template":"","format":"standard","meta":{"tdm_status":"","tdm_grid_status":"","footnotes":""},"categories":[210],"tags":[275,272,199,156,772,632,273,850,202,307,851,203,274,200,75,276],"class_list":["post-7422","post","type-post","status-publish","format-standard","has-post-thumbnail","hentry","category-artigos","tag-balanca-comercial","tag-carta-de-conjuntura","tag-comercio","tag-economia","tag-estimativa","tag-estudo-setorial","tag-ipca","tag-perspectativa","tag-pib","tag-planejamento","tag-previsao","tag-selic","tag-taxa-de-cambio","tag-varejo","tag-vendas","tag-volume-de-servicos"],"amp_enabled":true,"_links":{"self":[{"href":"https:\/\/sincomavi.org.br\/index.php?rest_route=\/wp\/v2\/posts\/7422","targetHints":{"allow":["GET"]}}],"collection":[{"href":"https:\/\/sincomavi.org.br\/index.php?rest_route=\/wp\/v2\/posts"}],"about":[{"href":"https:\/\/sincomavi.org.br\/index.php?rest_route=\/wp\/v2\/types\/post"}],"author":[{"embeddable":true,"href":"https:\/\/sincomavi.org.br\/index.php?rest_route=\/wp\/v2\/users\/1"}],"replies":[{"embeddable":true,"href":"https:\/\/sincomavi.org.br\/index.php?rest_route=%2Fwp%2Fv2%2Fcomments&post=7422"}],"version-history":[{"count":2,"href":"https:\/\/sincomavi.org.br\/index.php?rest_route=\/wp\/v2\/posts\/7422\/revisions"}],"predecessor-version":[{"id":7543,"href":"https:\/\/sincomavi.org.br\/index.php?rest_route=\/wp\/v2\/posts\/7422\/revisions\/7543"}],"wp:featuredmedia":[{"embeddable":true,"href":"https:\/\/sincomavi.org.br\/index.php?rest_route=\/wp\/v2\/media\/7423"}],"wp:attachment":[{"href":"https:\/\/sincomavi.org.br\/index.php?rest_route=%2Fwp%2Fv2%2Fmedia&parent=7422"}],"wp:term":[{"taxonomy":"category","embeddable":true,"href":"https:\/\/sincomavi.org.br\/index.php?rest_route=%2Fwp%2Fv2%2Fcategories&post=7422"},{"taxonomy":"post_tag","embeddable":true,"href":"https:\/\/sincomavi.org.br\/index.php?rest_route=%2Fwp%2Fv2%2Ftags&post=7422"}],"curies":[{"name":"wp","href":"https:\/\/api.w.org\/{rel}","templated":true}]}}