{"id":7362,"date":"2021-11-30T20:44:11","date_gmt":"2021-11-30T23:44:11","guid":{"rendered":"https:\/\/sincomavi.org.br\/?p=7362"},"modified":"2021-11-30T21:14:25","modified_gmt":"2021-12-01T00:14:25","slug":"convencao-coletiva-de-trabalho-2021-2022-comerciarios-capital","status":"publish","type":"post","link":"https:\/\/sincomavi.org.br\/?p=7362","title":{"rendered":"Conven\u00e7\u00e3o Coletiva de Trabalho 2021\/2022 &#8211; Comerci\u00e1rios Capital"},"content":{"rendered":"<style>.wp-block-kadence-spacer.kt-block-spacer-_57a94a-0b .kt-block-spacer{height:60px;}.wp-block-kadence-spacer.kt-block-spacer-_57a94a-0b .kt-divider{border-top-width:1px;height:1px;border-top-color:#eee;width:80%;border-top-style:solid;}<\/style>\n<div class=\"wp-block-kadence-spacer aligncenter kt-block-spacer-_57a94a-0b\"><div class=\"kt-block-spacer kt-block-spacer-halign-center\" style=\"height:60px\"><hr class=\"kt-divider\" style=\"border-top-color:#eee;border-top-width:1px;width:80%;border-top-style:solid\"\/><\/div><\/div>\n\n\n\n<p>Depois de intensa negocia\u00e7\u00e3o foi assinada a Conven\u00e7\u00e3o Coletiva de Trabalho com o Sindicato dos Comerci\u00e1rios de S\u00e3o Paulo (SEC Capital), com vig\u00eancia de 01\/10\/21 at\u00e9 30\/09\/22, que abrange e deve ser seguida pelas empresas estabelecidas na capital representadas pelo Sincomavi e pelo Sincomaco de forma conjunta.<\/p>\n\n\n\n<p>As altera\u00e7\u00f5es principais ocorreram nos seguintes itens:<\/p>\n\n\n\n<ul class=\"wp-block-list\"><li>Reajustamento salarial com possibilidade (op\u00e7\u00e3o da empresa) de parcelamento em outubro de 2021 e fevereiro de 2022.<\/li><\/ul>\n\n\n\n<ul class=\"wp-block-list\"><li>Atualiza\u00e7\u00e3o de outros valores econ\u00f4micos da Conven\u00e7\u00e3o Coletiva de Trabalho.<\/li><\/ul>\n\n\n\n<ul class=\"wp-block-list\"><li>Sal\u00e1rios de admiss\u00e3o.<\/li><\/ul>\n\n\n\n<p>Em raz\u00e3o da novidade e do alcance dessas normas, especialmente para as empresas que adotarem a op\u00e7\u00e3o de parcelamento do reajuste, o Departamento Jur\u00eddico do Sincomavi aconselha a todos o estudo completo do acordo, principalmente as cl\u00e1usulas referentes ao reajustamento e pisos de admiss\u00e3o.<\/p>\n\n\n\n<p>\u00c9 preciso lembrar tamb\u00e9m que existe na CCT diversos benef\u00edcios para as empresas, que dependem de Certificados e Termos de Ades\u00e3o para serem usufru\u00eddos. Destaca-se que os j\u00e1 existentes devem ser renovados obrigatoriamente, pois perderam sua validade.<\/p>\n\n\n\n<div style=\"height:31px\" aria-hidden=\"true\" class=\"wp-block-spacer\"><\/div>\n\n\n<style>.wp-block-kadence-advancedbtn.kb-btns_fc80ef-8b{gap:var(--global-kb-gap-xs, 0.5rem );justify-content:center;align-items:center;}.kt-btns_fc80ef-8b .kt-button{font-weight:normal;font-style:normal;}.kt-btns_fc80ef-8b .kt-btn-wrap-0{margin-right:5px;}.wp-block-kadence-advancedbtn.kt-btns_fc80ef-8b .kt-btn-wrap-0 .kt-button{color:#555555;border-color:#555555;}.wp-block-kadence-advancedbtn.kt-btns_fc80ef-8b .kt-btn-wrap-0 .kt-button:hover, .wp-block-kadence-advancedbtn.kt-btns_fc80ef-8b .kt-btn-wrap-0 .kt-button:focus{color:#ffffff;border-color:#444444;}.wp-block-kadence-advancedbtn.kt-btns_fc80ef-8b .kt-btn-wrap-0 .kt-button::before{display:none;}.wp-block-kadence-advancedbtn.kt-btns_fc80ef-8b .kt-btn-wrap-0 .kt-button:hover, .wp-block-kadence-advancedbtn.kt-btns_fc80ef-8b .kt-btn-wrap-0 .kt-button:focus{background:#444444;}<\/style>\n<div class=\"wp-block-kadence-advancedbtn kt-btn-align-center kt-btn-tablet-align-inherit kt-btn-mobile-align-inherit kt-btns-wrap kt-btns_fc80ef-8b\"><div class=\"kt-btn-wrap kt-btn-wrap-0\"><a class=\"kt-button button kt-btn-0-action kt-btn-size-standard kt-btn-style-basic kt-btn-svg-show-always kt-btn-has-text-true kt-btn-has-svg-false\" href=\"https:\/\/sincomavi.org.br\/wp-content\/uploads\/2021\/11\/CCT-CAPITAL-SINCOMAVI-2021-2022-VERSAO-FINAL-301121-SEM-.pdf\" target=\"_blank\" rel=\"noreferrer noopener\"><span class=\"kt-btn-inner-text\">DOWNLOAD<\/span><\/a><\/div><\/div>\n\n\n\n<div style=\"height:31px\" aria-hidden=\"true\" class=\"wp-block-spacer\"><\/div>\n\n\n<style>.wp-block-kadence-spacer.kt-block-spacer-_c3daef-3d .kt-block-spacer{height:60px;}.wp-block-kadence-spacer.kt-block-spacer-_c3daef-3d .kt-divider{border-top-width:1px;height:1px;border-top-color:#eee;width:80%;border-top-style:solid;}<\/style>\n<div class=\"wp-block-kadence-spacer aligncenter kt-block-spacer-_c3daef-3d\"><div class=\"kt-block-spacer kt-block-spacer-halign-center\" style=\"height:60px\"><hr class=\"kt-divider\" style=\"border-top-color:#eee;border-top-width:1px;width:80%;border-top-style:solid\"\/><\/div><\/div>\n","protected":false},"excerpt":{"rendered":"<p>Depois de intensa negocia\u00e7\u00e3o foi assinada a Conven\u00e7\u00e3o Coletiva de Trabalho com o Sindicato dos Comerci\u00e1rios de S\u00e3o Paulo (SEC Capital), com vig\u00eancia de 01\/10\/21 at\u00e9 30\/09\/22, que abrange e deve ser seguida pelas empresas estabelecidas na capital representadas pelo Sincomavi e pelo Sincomaco de forma conjunta. As altera\u00e7\u00f5es principais ocorreram nos seguintes itens: Reajustamento [&hellip;]<\/p>\n","protected":false},"author":1,"featured_media":7365,"comment_status":"closed","ping_status":"open","sticky":false,"template":"","format":"standard","meta":{"tdm_status":"","tdm_grid_status":"","footnotes":""},"categories":[157],"tags":[538,192,363,219],"class_list":["post-7362","post","type-post","status-publish","format-standard","has-post-thumbnail","hentry","category-alerta","tag-capital","tag-convencao-coletiva-de-trabalho","tag-relacoes-trabalhistas","tag-sao-paulo"],"amp_enabled":true,"_links":{"self":[{"href":"https:\/\/sincomavi.org.br\/index.php?rest_route=\/wp\/v2\/posts\/7362","targetHints":{"allow":["GET"]}}],"collection":[{"href":"https:\/\/sincomavi.org.br\/index.php?rest_route=\/wp\/v2\/posts"}],"about":[{"href":"https:\/\/sincomavi.org.br\/index.php?rest_route=\/wp\/v2\/types\/post"}],"author":[{"embeddable":true,"href":"https:\/\/sincomavi.org.br\/index.php?rest_route=\/wp\/v2\/users\/1"}],"replies":[{"embeddable":true,"href":"https:\/\/sincomavi.org.br\/index.php?rest_route=%2Fwp%2Fv2%2Fcomments&post=7362"}],"version-history":[{"count":5,"href":"https:\/\/sincomavi.org.br\/index.php?rest_route=\/wp\/v2\/posts\/7362\/revisions"}],"predecessor-version":[{"id":7369,"href":"https:\/\/sincomavi.org.br\/index.php?rest_route=\/wp\/v2\/posts\/7362\/revisions\/7369"}],"wp:featuredmedia":[{"embeddable":true,"href":"https:\/\/sincomavi.org.br\/index.php?rest_route=\/wp\/v2\/media\/7365"}],"wp:attachment":[{"href":"https:\/\/sincomavi.org.br\/index.php?rest_route=%2Fwp%2Fv2%2Fmedia&parent=7362"}],"wp:term":[{"taxonomy":"category","embeddable":true,"href":"https:\/\/sincomavi.org.br\/index.php?rest_route=%2Fwp%2Fv2%2Fcategories&post=7362"},{"taxonomy":"post_tag","embeddable":true,"href":"https:\/\/sincomavi.org.br\/index.php?rest_route=%2Fwp%2Fv2%2Ftags&post=7362"}],"curies":[{"name":"wp","href":"https:\/\/api.w.org\/{rel}","templated":true}]}}