{"id":7336,"date":"2021-11-25T14:11:53","date_gmt":"2021-11-25T17:11:53","guid":{"rendered":"https:\/\/sincomavi.org.br\/?p=7336"},"modified":"2021-11-25T14:11:54","modified_gmt":"2021-11-25T17:11:54","slug":"demanda-por-credito-do-consumidor-sofre-queda-em-outubro","status":"publish","type":"post","link":"https:\/\/sincomavi.org.br\/?p=7336","title":{"rendered":"Demanda por cr\u00e9dito do consumidor sofre queda em outubro"},"content":{"rendered":"<style>.wp-block-kadence-spacer.kt-block-spacer-_874160-14 .kt-block-spacer{height:60px;}.wp-block-kadence-spacer.kt-block-spacer-_874160-14 .kt-divider{border-top-width:1px;height:1px;border-top-color:#eee;width:80%;border-top-style:solid;}<\/style>\n<div class=\"wp-block-kadence-spacer aligncenter kt-block-spacer-_874160-14\"><div class=\"kt-block-spacer kt-block-spacer-halign-center\" style=\"height:60px\"><hr class=\"kt-divider\" style=\"border-top-color:#eee;border-top-width:1px;width:80%;border-top-style:solid\"\/><\/div><\/div>\n\n\n\n<p>Dados coletados pela Boa Vista revelam um recuo de 0,7% na volume de cr\u00e9dito do consumidor entre os meses de outubro e setembro na compara\u00e7\u00e3o dos dados dessazonalizados. Apesar disso, na compara\u00e7\u00e3o interanual, o desempenho se mostra positivo em 3,5% e na varia\u00e7\u00e3o acumulada em 12 meses o indicador tamb\u00e9m registra alta de 1,4%.<\/p>\n\n\n\n<p><br>Enquanto no segmento Financeiro os n\u00fameros apresentaram alta na compara\u00e7\u00e3o mensal e interanual, de 1,5% e 15,8%, respectivamente, no segmento N\u00e3o Financeiro houve queda de 2,2% em rela\u00e7\u00e3o a setembro e de 4,7% em rela\u00e7\u00e3o a outubro de 2020.<\/p>\n\n\n\n<div class=\"wp-block-image\"><figure class=\"aligncenter size-full\"><img loading=\"lazy\" decoding=\"async\" width=\"500\" height=\"195\" src=\"https:\/\/sincomavi.org.br\/wp-content\/uploads\/2021\/11\/image-6.png\" alt=\"\" class=\"wp-image-7338\" srcset=\"https:\/\/sincomavi.org.br\/wp-content\/uploads\/2021\/11\/image-6.png 500w, https:\/\/sincomavi.org.br\/wp-content\/uploads\/2021\/11\/image-6-300x117.png 300w\" sizes=\"auto, (max-width: 500px) 100vw, 500px\" \/><\/figure><\/div>\n\n\n\n<p><br>Para os analistas da Boa Vista, \u201cos resultados mais t\u00edmidos j\u00e1 eram esperados, e mesmo que na an\u00e1lise de longo prazo as curvas apontem para cima, no ano elas j\u00e1 mostram alguma acomoda\u00e7\u00e3o. Mais do que voltar a aten\u00e7\u00e3o aos \u00faltimos meses do ano, com datas especiais ao varejo, como Black Friday e Natal, que costumam ter uma rela\u00e7\u00e3o direta com o cr\u00e9dito, \u00e9 importante ressaltar que essa acomoda\u00e7\u00e3o tende a ser mais n\u00edtida no ano que vem, uma vez que s\u00e3o aguardados novos aumentos na taxa b\u00e1sica de juros e que as expectativas mais recentes para a infla\u00e7\u00e3o j\u00e1 est\u00e3o muito pr\u00f3ximas do teto da meta de infla\u00e7\u00e3o de 2022 (4,96% x 5,00%)\u201d.<\/p>\n\n\n<style>.wp-block-kadence-spacer.kt-block-spacer-_c7b66a-f6 .kt-block-spacer{height:60px;}.wp-block-kadence-spacer.kt-block-spacer-_c7b66a-f6 .kt-divider{border-top-width:1px;height:1px;border-top-color:#eee;width:80%;border-top-style:solid;}<\/style>\n<div class=\"wp-block-kadence-spacer aligncenter kt-block-spacer-_c7b66a-f6\"><div class=\"kt-block-spacer kt-block-spacer-halign-center\" style=\"height:60px\"><hr class=\"kt-divider\" style=\"border-top-color:#eee;border-top-width:1px;width:80%;border-top-style:solid\"\/><\/div><\/div>\n","protected":false},"excerpt":{"rendered":"<p>Dados coletados pela Boa Vista revelam um recuo de 0,7% na volume de cr\u00e9dito do consumidor entre os meses de outubro e setembro na compara\u00e7\u00e3o dos dados dessazonalizados. Apesar disso, na compara\u00e7\u00e3o interanual, o desempenho se mostra positivo em 3,5% e na varia\u00e7\u00e3o acumulada em 12 meses o indicador tamb\u00e9m registra alta de 1,4%. Enquanto [&hellip;]<\/p>\n","protected":false},"author":1,"featured_media":7339,"comment_status":"closed","ping_status":"open","sticky":false,"template":"","format":"standard","meta":{"tdm_status":"","tdm_grid_status":"","footnotes":""},"categories":[153],"tags":[809,199,225,250,620,160,200],"class_list":["post-7336","post","type-post","status-publish","format-standard","has-post-thumbnail","hentry","category-noticias","tag-boa-vista","tag-comercio","tag-consumo","tag-credito","tag-levantamento","tag-pesquisa","tag-varejo"],"amp_enabled":true,"_links":{"self":[{"href":"https:\/\/sincomavi.org.br\/index.php?rest_route=\/wp\/v2\/posts\/7336","targetHints":{"allow":["GET"]}}],"collection":[{"href":"https:\/\/sincomavi.org.br\/index.php?rest_route=\/wp\/v2\/posts"}],"about":[{"href":"https:\/\/sincomavi.org.br\/index.php?rest_route=\/wp\/v2\/types\/post"}],"author":[{"embeddable":true,"href":"https:\/\/sincomavi.org.br\/index.php?rest_route=\/wp\/v2\/users\/1"}],"replies":[{"embeddable":true,"href":"https:\/\/sincomavi.org.br\/index.php?rest_route=%2Fwp%2Fv2%2Fcomments&post=7336"}],"version-history":[{"count":1,"href":"https:\/\/sincomavi.org.br\/index.php?rest_route=\/wp\/v2\/posts\/7336\/revisions"}],"predecessor-version":[{"id":7340,"href":"https:\/\/sincomavi.org.br\/index.php?rest_route=\/wp\/v2\/posts\/7336\/revisions\/7340"}],"wp:featuredmedia":[{"embeddable":true,"href":"https:\/\/sincomavi.org.br\/index.php?rest_route=\/wp\/v2\/media\/7339"}],"wp:attachment":[{"href":"https:\/\/sincomavi.org.br\/index.php?rest_route=%2Fwp%2Fv2%2Fmedia&parent=7336"}],"wp:term":[{"taxonomy":"category","embeddable":true,"href":"https:\/\/sincomavi.org.br\/index.php?rest_route=%2Fwp%2Fv2%2Fcategories&post=7336"},{"taxonomy":"post_tag","embeddable":true,"href":"https:\/\/sincomavi.org.br\/index.php?rest_route=%2Fwp%2Fv2%2Ftags&post=7336"}],"curies":[{"name":"wp","href":"https:\/\/api.w.org\/{rel}","templated":true}]}}