{"id":7314,"date":"2021-11-19T18:47:55","date_gmt":"2021-11-19T21:47:55","guid":{"rendered":"https:\/\/sincomavi.org.br\/?p=7314"},"modified":"2021-11-19T19:43:53","modified_gmt":"2021-11-19T22:43:53","slug":"cct-2021-2022-franco-da-rocha-e-regiao","status":"publish","type":"post","link":"https:\/\/sincomavi.org.br\/?p=7314","title":{"rendered":"CCT 2021-2022 Franco da Rocha e Regi\u00e3o"},"content":{"rendered":"<style>.wp-block-kadence-spacer.kt-block-spacer-_e32f61-14 .kt-block-spacer{height:60px;}.wp-block-kadence-spacer.kt-block-spacer-_e32f61-14 .kt-divider{border-top-width:1px;height:1px;border-top-color:#eee;width:80%;border-top-style:solid;}<\/style>\n<div class=\"wp-block-kadence-spacer aligncenter kt-block-spacer-_e32f61-14\"><div class=\"kt-block-spacer kt-block-spacer-halign-center\" style=\"height:60px\"><hr class=\"kt-divider\" style=\"border-top-color:#eee;border-top-width:1px;width:80%;border-top-style:solid\"\/><\/div><\/div>\n\n\n\n<p>Assinada a Conven\u00e7\u00e3o Coletiva de Trabalho com o SEC Franco da Rocha e Regi\u00e3o, com vig\u00eancia de 01\/01\/21 at\u00e9 30\/09\/22, que abrange e devem ser seguidas pelas empresas representadas pelo Sincomavi e Sincomaco, estabelecidas em <strong><em>Caieiras, Cajamar, Francisco Morato, Franco da Rocha, Jordan\u00e9sia, Mairipor\u00e3, Pirapora do Bom Jesus e Santana do Parna\u00edba<\/em><\/strong>.<\/p>\n\n\n\n<p>As altera\u00e7\u00f5es principais ocorreram nos seguintes itens:<\/p>\n\n\n\n<ul class=\"wp-block-list\"><li>Reajustamento salarial com possibilidade (mediante op\u00e7\u00e3o da empresa) de parcelamento<\/li><\/ul>\n\n\n\n<ul class=\"wp-block-list\"><li>Atualiza\u00e7\u00e3o de outros valores econ\u00f4micos da CCT<\/li><\/ul>\n\n\n\n<ul class=\"wp-block-list\"><li>Sal\u00e1rios de admiss\u00e3o<\/li><\/ul>\n\n\n\n<ul class=\"wp-block-list\"><li>Garantia de emprego ao futuro aposentado<\/li><\/ul>\n\n\n\n<p>Dado a novidade e o alcance dessas normas, o Departamento Jur\u00eddico do Sincomavi aconselha a todos o estudo completo do acordo, principalmente as cl\u00e1usulas referentes ao reajustamento.<\/p>\n\n\n\n<p>Lembrem-se tamb\u00e9m que existe na CCT diversos benef\u00edcios que dependem de Certificados e Termos de Ades\u00e3o para serem usufru\u00eddos. Os j\u00e1 existentes devem ser renovados obrigatoriamente, pois perderam sua validade.<\/p>\n\n\n<style>.wp-block-kadence-advancedbtn.kb-btns_37bff7-93{gap:var(--global-kb-gap-xs, 0.5rem );justify-content:center;align-items:center;}.kt-btns_37bff7-93 .kt-button{font-weight:normal;font-style:normal;}.kt-btns_37bff7-93 .kt-btn-wrap-0{margin-right:5px;}.wp-block-kadence-advancedbtn.kt-btns_37bff7-93 .kt-btn-wrap-0 .kt-button{color:#555555;border-color:#555555;}.wp-block-kadence-advancedbtn.kt-btns_37bff7-93 .kt-btn-wrap-0 .kt-button:hover, .wp-block-kadence-advancedbtn.kt-btns_37bff7-93 .kt-btn-wrap-0 .kt-button:focus{color:#ffffff;border-color:#444444;}.wp-block-kadence-advancedbtn.kt-btns_37bff7-93 .kt-btn-wrap-0 .kt-button::before{display:none;}.wp-block-kadence-advancedbtn.kt-btns_37bff7-93 .kt-btn-wrap-0 .kt-button:hover, .wp-block-kadence-advancedbtn.kt-btns_37bff7-93 .kt-btn-wrap-0 .kt-button:focus{background:#444444;}<\/style>\n<div class=\"wp-block-kadence-advancedbtn kt-btn-align-center kt-btn-tablet-align-inherit kt-btn-mobile-align-inherit kt-btns-wrap kt-btns_37bff7-93\"><div class=\"kt-btn-wrap kt-btn-wrap-0\"><a class=\"kt-button button kt-btn-0-action kt-btn-size-standard kt-btn-style-basic kt-btn-svg-show-always kt-btn-has-text-true kt-btn-has-svg-false\" href=\"https:\/\/sincomavi.org.br\/wp-content\/uploads\/2021\/11\/CCT-FRANCO-DA-ROCHA-2021-2022.pdf\" target=\"_blank\" rel=\"noreferrer noopener\"><span class=\"kt-btn-inner-text\">DOWNLOAD<\/span><\/a><\/div><\/div>\n\n\n<style>.wp-block-kadence-spacer.kt-block-spacer-_d795cd-b0 .kt-block-spacer{height:60px;}.wp-block-kadence-spacer.kt-block-spacer-_d795cd-b0 .kt-divider{border-top-width:1px;height:1px;border-top-color:#eee;width:80%;border-top-style:solid;}<\/style>\n<div class=\"wp-block-kadence-spacer aligncenter kt-block-spacer-_d795cd-b0\"><div class=\"kt-block-spacer kt-block-spacer-halign-center\" style=\"height:60px\"><hr class=\"kt-divider\" style=\"border-top-color:#eee;border-top-width:1px;width:80%;border-top-style:solid\"\/><\/div><\/div>\n","protected":false},"excerpt":{"rendered":"<p>Assinada a Conven\u00e7\u00e3o Coletiva de Trabalho com o SEC Franco da Rocha e Regi\u00e3o, com vig\u00eancia de 01\/01\/21 at\u00e9 30\/09\/22, que abrange e devem ser seguidas pelas empresas representadas pelo Sincomavi e Sincomaco, estabelecidas em Caieiras, Cajamar, Francisco Morato, Franco da Rocha, Jordan\u00e9sia, Mairipor\u00e3, Pirapora do Bom Jesus e Santana do Parna\u00edba. As altera\u00e7\u00f5es principais [&hellip;]<\/p>\n","protected":false},"author":1,"featured_media":7316,"comment_status":"closed","ping_status":"open","sticky":false,"template":"","format":"standard","meta":{"tdm_status":"","tdm_grid_status":"","footnotes":""},"categories":[157],"tags":[192,842],"class_list":["post-7314","post","type-post","status-publish","format-standard","has-post-thumbnail","hentry","category-alerta","tag-convencao-coletiva-de-trabalho","tag-franco-da-rocha-e-regiao"],"amp_enabled":true,"_links":{"self":[{"href":"https:\/\/sincomavi.org.br\/index.php?rest_route=\/wp\/v2\/posts\/7314","targetHints":{"allow":["GET"]}}],"collection":[{"href":"https:\/\/sincomavi.org.br\/index.php?rest_route=\/wp\/v2\/posts"}],"about":[{"href":"https:\/\/sincomavi.org.br\/index.php?rest_route=\/wp\/v2\/types\/post"}],"author":[{"embeddable":true,"href":"https:\/\/sincomavi.org.br\/index.php?rest_route=\/wp\/v2\/users\/1"}],"replies":[{"embeddable":true,"href":"https:\/\/sincomavi.org.br\/index.php?rest_route=%2Fwp%2Fv2%2Fcomments&post=7314"}],"version-history":[{"count":3,"href":"https:\/\/sincomavi.org.br\/index.php?rest_route=\/wp\/v2\/posts\/7314\/revisions"}],"predecessor-version":[{"id":7322,"href":"https:\/\/sincomavi.org.br\/index.php?rest_route=\/wp\/v2\/posts\/7314\/revisions\/7322"}],"wp:featuredmedia":[{"embeddable":true,"href":"https:\/\/sincomavi.org.br\/index.php?rest_route=\/wp\/v2\/media\/7316"}],"wp:attachment":[{"href":"https:\/\/sincomavi.org.br\/index.php?rest_route=%2Fwp%2Fv2%2Fmedia&parent=7314"}],"wp:term":[{"taxonomy":"category","embeddable":true,"href":"https:\/\/sincomavi.org.br\/index.php?rest_route=%2Fwp%2Fv2%2Fcategories&post=7314"},{"taxonomy":"post_tag","embeddable":true,"href":"https:\/\/sincomavi.org.br\/index.php?rest_route=%2Fwp%2Fv2%2Ftags&post=7314"}],"curies":[{"name":"wp","href":"https:\/\/api.w.org\/{rel}","templated":true}]}}