{"id":7308,"date":"2021-11-19T18:35:47","date_gmt":"2021-11-19T21:35:47","guid":{"rendered":"https:\/\/sincomavi.org.br\/?p=7308"},"modified":"2021-11-19T19:46:54","modified_gmt":"2021-11-19T22:46:54","slug":"termo-de-aditamento-a-cct-osasco-e-regiao-2","status":"publish","type":"post","link":"https:\/\/sincomavi.org.br\/?p=7308","title":{"rendered":"Termo de Aditamento \u00e0 CCT &#8211; Osasco e Regi\u00e3o"},"content":{"rendered":"<style>.wp-block-kadence-spacer.kt-block-spacer-_e0a3f9-bd .kt-block-spacer{height:60px;}.wp-block-kadence-spacer.kt-block-spacer-_e0a3f9-bd .kt-divider{border-top-width:1px;height:1px;border-top-color:#eee;width:80%;border-top-style:solid;}<\/style>\n<div class=\"wp-block-kadence-spacer aligncenter kt-block-spacer-_e0a3f9-bd\"><div class=\"kt-block-spacer kt-block-spacer-halign-center\" style=\"height:60px\"><hr class=\"kt-divider\" style=\"border-top-color:#eee;border-top-width:1px;width:80%;border-top-style:solid\"\/><\/div><\/div>\n\n\n\n<p>Tendo em vista a omiss\u00e3o de dados referentes \u00e1 primeira parcela na cl\u00e1usula &#8220;Sal\u00e1rios de Admiss\u00e3o&#8221;, no caso de empresas optantes pelo parcelamento do reajustamento salarial, foi assinado pelos sindicatos envolvidos o Termo de Aditamento \u00e0 Conven\u00e7\u00e3o Coletiva de Trabalho celebrada em 12 de outubro de 2021 que pode ser baixado pelo link abaixo.<\/p>\n\n\n\n<p>As empresas que optaram pelo parcelamento previsto na cl\u00e1usula \u201cReajustamento\u201d, e que, eventualmente, tenham pago valores a maior em decorr\u00eancia da reda\u00e7\u00e3o original da CCT, poder\u00e3o compensar esses valores nos pr\u00f3ximos pagamentos.<\/p>\n\n\n<style>.wp-block-kadence-advancedbtn.kb-btns_462f8c-f9{gap:var(--global-kb-gap-xs, 0.5rem );justify-content:center;align-items:center;}.kt-btns_462f8c-f9 .kt-button{font-weight:normal;font-style:normal;}.kt-btns_462f8c-f9 .kt-btn-wrap-0{margin-right:5px;}.wp-block-kadence-advancedbtn.kt-btns_462f8c-f9 .kt-btn-wrap-0 .kt-button{color:#555555;border-color:#555555;}.wp-block-kadence-advancedbtn.kt-btns_462f8c-f9 .kt-btn-wrap-0 .kt-button:hover, .wp-block-kadence-advancedbtn.kt-btns_462f8c-f9 .kt-btn-wrap-0 .kt-button:focus{color:#ffffff;border-color:#444444;}.wp-block-kadence-advancedbtn.kt-btns_462f8c-f9 .kt-btn-wrap-0 .kt-button::before{display:none;}.wp-block-kadence-advancedbtn.kt-btns_462f8c-f9 .kt-btn-wrap-0 .kt-button:hover, .wp-block-kadence-advancedbtn.kt-btns_462f8c-f9 .kt-btn-wrap-0 .kt-button:focus{background:#444444;}<\/style>\n<div class=\"wp-block-kadence-advancedbtn kt-btn-align-center kt-btn-tablet-align-inherit kt-btn-mobile-align-inherit kt-btns-wrap kt-btns_462f8c-f9\"><div class=\"kt-btn-wrap kt-btn-wrap-0\"><a class=\"kt-button button kt-btn-0-action kt-btn-size-standard kt-btn-style-basic kt-btn-svg-show-always kt-btn-has-text-true kt-btn-has-svg-false\" download href=\"https:\/\/sincomavi.org.br\/wp-content\/uploads\/2021\/11\/TERMO-DE-ADITAMENTO-A-CCT-OSASCO-SINCOMAVI-SECOR-2021-2022.pdf\" target=\"_blank\" rel=\"noreferrer noopener\"><span class=\"kt-btn-inner-text\">DOWNLOAD<\/span><\/a><\/div><\/div>\n\n\n<style>.wp-block-kadence-spacer.kt-block-spacer-_7d370c-4f .kt-block-spacer{height:60px;}.wp-block-kadence-spacer.kt-block-spacer-_7d370c-4f .kt-divider{border-top-width:1px;height:1px;border-top-color:#eee;width:80%;border-top-style:solid;}<\/style>\n<div class=\"wp-block-kadence-spacer aligncenter kt-block-spacer-_7d370c-4f\"><div class=\"kt-block-spacer kt-block-spacer-halign-center\" style=\"height:60px\"><hr class=\"kt-divider\" style=\"border-top-color:#eee;border-top-width:1px;width:80%;border-top-style:solid\"\/><\/div><\/div>\n","protected":false},"excerpt":{"rendered":"<p>Tendo em vista a omiss\u00e3o de dados referentes \u00e1 primeira parcela na cl\u00e1usula &#8220;Sal\u00e1rios de Admiss\u00e3o&#8221;, no caso de empresas optantes pelo parcelamento do reajustamento salarial, foi assinado pelos sindicatos envolvidos o Termo de Aditamento \u00e0 Conven\u00e7\u00e3o Coletiva de Trabalho celebrada em 12 de outubro de 2021 que pode ser baixado pelo link abaixo. As [&hellip;]<\/p>\n","protected":false},"author":1,"featured_media":7309,"comment_status":"closed","ping_status":"open","sticky":false,"template":"","format":"standard","meta":{"tdm_status":"","tdm_grid_status":"","footnotes":""},"categories":[157],"tags":[192,605,395],"class_list":["post-7308","post","type-post","status-publish","format-standard","has-post-thumbnail","hentry","category-alerta","tag-convencao-coletiva-de-trabalho","tag-osasco-e-regiao","tag-termo-de-aditamento"],"amp_enabled":true,"_links":{"self":[{"href":"https:\/\/sincomavi.org.br\/index.php?rest_route=\/wp\/v2\/posts\/7308","targetHints":{"allow":["GET"]}}],"collection":[{"href":"https:\/\/sincomavi.org.br\/index.php?rest_route=\/wp\/v2\/posts"}],"about":[{"href":"https:\/\/sincomavi.org.br\/index.php?rest_route=\/wp\/v2\/types\/post"}],"author":[{"embeddable":true,"href":"https:\/\/sincomavi.org.br\/index.php?rest_route=\/wp\/v2\/users\/1"}],"replies":[{"embeddable":true,"href":"https:\/\/sincomavi.org.br\/index.php?rest_route=%2Fwp%2Fv2%2Fcomments&post=7308"}],"version-history":[{"count":4,"href":"https:\/\/sincomavi.org.br\/index.php?rest_route=\/wp\/v2\/posts\/7308\/revisions"}],"predecessor-version":[{"id":7325,"href":"https:\/\/sincomavi.org.br\/index.php?rest_route=\/wp\/v2\/posts\/7308\/revisions\/7325"}],"wp:featuredmedia":[{"embeddable":true,"href":"https:\/\/sincomavi.org.br\/index.php?rest_route=\/wp\/v2\/media\/7309"}],"wp:attachment":[{"href":"https:\/\/sincomavi.org.br\/index.php?rest_route=%2Fwp%2Fv2%2Fmedia&parent=7308"}],"wp:term":[{"taxonomy":"category","embeddable":true,"href":"https:\/\/sincomavi.org.br\/index.php?rest_route=%2Fwp%2Fv2%2Fcategories&post=7308"},{"taxonomy":"post_tag","embeddable":true,"href":"https:\/\/sincomavi.org.br\/index.php?rest_route=%2Fwp%2Fv2%2Ftags&post=7308"}],"curies":[{"name":"wp","href":"https:\/\/api.w.org\/{rel}","templated":true}]}}