{"id":7299,"date":"2021-11-19T13:38:56","date_gmt":"2021-11-19T16:38:56","guid":{"rendered":"https:\/\/sincomavi.org.br\/?p=7299"},"modified":"2021-11-19T13:38:57","modified_gmt":"2021-11-19T16:38:57","slug":"variacao-positiva-na-inadimplencia-em-outubro","status":"publish","type":"post","link":"https:\/\/sincomavi.org.br\/?p=7299","title":{"rendered":"Varia\u00e7\u00e3o positiva na inadimpl\u00eancia em outubro"},"content":{"rendered":"<style>.wp-block-kadence-spacer.kt-block-spacer-_cb9f01-c9 .kt-block-spacer{height:60px;}.wp-block-kadence-spacer.kt-block-spacer-_cb9f01-c9 .kt-divider{border-top-width:1px;height:1px;border-top-color:#eee;width:80%;border-top-style:solid;}<\/style>\n<div class=\"wp-block-kadence-spacer aligncenter kt-block-spacer-_cb9f01-c9\"><div class=\"kt-block-spacer kt-block-spacer-halign-center\" style=\"height:60px\"><hr class=\"kt-divider\" style=\"border-top-color:#eee;border-top-width:1px;width:80%;border-top-style:solid\"\/><\/div><\/div>\n\n\n\n<p>Ocorreu uma eleva\u00e7\u00e3o de 0,2% no n\u00famero de registros de inadimplentes na compara\u00e7\u00e3o mensal no pa\u00eds, conforme dados coletados pela Boa Vista. No ano, a queda no indicador passou de -8,1% para -6,5% e, em 12 meses, de -15,0% para -10,9%. Para os economistas da institui\u00e7\u00e3o, \u201cessa tend\u00eancia \u00e9 condizente com o cen\u00e1rio atual, de comprometimento da renda e infla\u00e7\u00e3o elevados, sem novas posterga\u00e7\u00f5es e com aux\u00edlios at\u00e9 aqui menos substantivos\u201d.&nbsp;<\/p>\n\n\n\n<div class=\"wp-block-image\"><figure class=\"aligncenter size-full\"><img loading=\"lazy\" decoding=\"async\" width=\"500\" height=\"237\" src=\"https:\/\/sincomavi.org.br\/wp-content\/uploads\/2021\/11\/INADIMPLENCIA.jpg\" alt=\"\" class=\"wp-image-7300\" srcset=\"https:\/\/sincomavi.org.br\/wp-content\/uploads\/2021\/11\/INADIMPLENCIA.jpg 500w, https:\/\/sincomavi.org.br\/wp-content\/uploads\/2021\/11\/INADIMPLENCIA-300x142.jpg 300w\" sizes=\"auto, (max-width: 500px) 100vw, 500px\" \/><\/figure><\/div>\n\n\n\n<p>J\u00e1 o Indicador de Recupera\u00e7\u00e3o de Cr\u00e9dito da Boa Vista contou com uma alta de 5,2% na compara\u00e7\u00e3o mensal e 7,1% em rela\u00e7\u00e3o ao mesmo m\u00eas do ano passado. \u201cApesar da varia\u00e7\u00e3o positiva no m\u00eas, o cen\u00e1rio atual pesa sobre o or\u00e7amento das fam\u00edlias, impedindo uma melhora sustent\u00e1vel do indicador, num momento em que os juros est\u00e3o subindo e o endividamento \u00e9 elevado\u201d.<\/p>\n\n\n<style>.wp-block-kadence-spacer.kt-block-spacer-_de7dd1-b0 .kt-block-spacer{height:60px;}.wp-block-kadence-spacer.kt-block-spacer-_de7dd1-b0 .kt-divider{border-top-width:1px;height:1px;border-top-color:#eee;width:80%;border-top-style:solid;}<\/style>\n<div class=\"wp-block-kadence-spacer aligncenter kt-block-spacer-_de7dd1-b0\"><div class=\"kt-block-spacer kt-block-spacer-halign-center\" style=\"height:60px\"><hr class=\"kt-divider\" style=\"border-top-color:#eee;border-top-width:1px;width:80%;border-top-style:solid\"\/><\/div><\/div>\n","protected":false},"excerpt":{"rendered":"<p>Ocorreu uma eleva\u00e7\u00e3o de 0,2% no n\u00famero de registros de inadimplentes na compara\u00e7\u00e3o mensal no pa\u00eds, conforme dados coletados pela Boa Vista. No ano, a queda no indicador passou de -8,1% para -6,5% e, em 12 meses, de -15,0% para -10,9%. Para os economistas da institui\u00e7\u00e3o, \u201cessa tend\u00eancia \u00e9 condizente com o cen\u00e1rio atual, de [&hellip;]<\/p>\n","protected":false},"author":1,"featured_media":7301,"comment_status":"closed","ping_status":"open","sticky":false,"template":"","format":"standard","meta":{"tdm_status":"","tdm_grid_status":"","footnotes":""},"categories":[153],"tags":[156,410,620,160],"class_list":["post-7299","post","type-post","status-publish","format-standard","has-post-thumbnail","hentry","category-noticias","tag-economia","tag-inadimplencia","tag-levantamento","tag-pesquisa"],"amp_enabled":true,"_links":{"self":[{"href":"https:\/\/sincomavi.org.br\/index.php?rest_route=\/wp\/v2\/posts\/7299","targetHints":{"allow":["GET"]}}],"collection":[{"href":"https:\/\/sincomavi.org.br\/index.php?rest_route=\/wp\/v2\/posts"}],"about":[{"href":"https:\/\/sincomavi.org.br\/index.php?rest_route=\/wp\/v2\/types\/post"}],"author":[{"embeddable":true,"href":"https:\/\/sincomavi.org.br\/index.php?rest_route=\/wp\/v2\/users\/1"}],"replies":[{"embeddable":true,"href":"https:\/\/sincomavi.org.br\/index.php?rest_route=%2Fwp%2Fv2%2Fcomments&post=7299"}],"version-history":[{"count":1,"href":"https:\/\/sincomavi.org.br\/index.php?rest_route=\/wp\/v2\/posts\/7299\/revisions"}],"predecessor-version":[{"id":7302,"href":"https:\/\/sincomavi.org.br\/index.php?rest_route=\/wp\/v2\/posts\/7299\/revisions\/7302"}],"wp:featuredmedia":[{"embeddable":true,"href":"https:\/\/sincomavi.org.br\/index.php?rest_route=\/wp\/v2\/media\/7301"}],"wp:attachment":[{"href":"https:\/\/sincomavi.org.br\/index.php?rest_route=%2Fwp%2Fv2%2Fmedia&parent=7299"}],"wp:term":[{"taxonomy":"category","embeddable":true,"href":"https:\/\/sincomavi.org.br\/index.php?rest_route=%2Fwp%2Fv2%2Fcategories&post=7299"},{"taxonomy":"post_tag","embeddable":true,"href":"https:\/\/sincomavi.org.br\/index.php?rest_route=%2Fwp%2Fv2%2Ftags&post=7299"}],"curies":[{"name":"wp","href":"https:\/\/api.w.org\/{rel}","templated":true}]}}