{"id":7277,"date":"2021-11-16T09:14:44","date_gmt":"2021-11-16T12:14:44","guid":{"rendered":"https:\/\/sincomavi.org.br\/?p=7277"},"modified":"2022-09-23T10:10:12","modified_gmt":"2022-09-23T13:10:12","slug":"vendas-de-materiais-de-construcao-paulista-desacelera-mais-fortemente","status":"publish","type":"post","link":"https:\/\/sincomavi.org.br\/?p=7277","title":{"rendered":"Vendas de materiais para constru\u00e7\u00e3o paulista desacelera mais fortemente"},"content":{"rendered":"<style>.wp-block-kadence-spacer.kt-block-spacer-_da16a9-20 .kt-block-spacer{height:60px;}.wp-block-kadence-spacer.kt-block-spacer-_da16a9-20 .kt-divider{border-top-width:1px;height:1px;border-top-color:#eee;width:80%;border-top-style:solid;}<\/style>\n<div class=\"wp-block-kadence-spacer aligncenter kt-block-spacer-_da16a9-20\"><div class=\"kt-block-spacer kt-block-spacer-halign-center\"><hr class=\"kt-divider\"\/><\/div><\/div>\n\n\n\n<p>P<strong>or Jaime Vasconcellos, economista.<\/strong><\/p>\n\n\n\n<p>A edi\u00e7\u00e3o de setembro da Pesquisa Mensal do Com\u00e9rcio (PMC\/IBGE) mostrou que o volume de vendas do com\u00e9rcio de material de constru\u00e7\u00e3o apresentou recuo de 8,3% em compara\u00e7\u00e3o com o mesmo m\u00eas do ano passado no Estado de S\u00e3o Paulo. Esta foi a terceira retra\u00e7\u00e3o na compara\u00e7\u00e3o interanual a ser registrada no ano. No Brasil a queda em setembro foi ainda mais acentuada, de -10,3%.<\/p>\n\n\n\n<p class=\"has-text-align-center\"><strong>Evolu\u00e7\u00e3o mensal do \u00edndice de volume de vendas do com\u00e9rcio de materiais de constru\u00e7\u00e3o \u2013 M\u00eas contra mesmo m\u00eas do ano anterior<\/strong><\/p>\n\n\n\n<div class=\"wp-block-image\"><figure class=\"aligncenter size-full\"><img loading=\"lazy\" decoding=\"async\" width=\"825\" height=\"525\" src=\"https:\/\/sincomavi.org.br\/wp-content\/uploads\/2021\/11\/image-4.png\" alt=\"\" class=\"wp-image-7278\" srcset=\"https:\/\/sincomavi.org.br\/wp-content\/uploads\/2021\/11\/image-4.png 825w, https:\/\/sincomavi.org.br\/wp-content\/uploads\/2021\/11\/image-4-300x191.png 300w, https:\/\/sincomavi.org.br\/wp-content\/uploads\/2021\/11\/image-4-768x489.png 768w, https:\/\/sincomavi.org.br\/wp-content\/uploads\/2021\/11\/image-4-660x420.png 660w, https:\/\/sincomavi.org.br\/wp-content\/uploads\/2021\/11\/image-4-640x407.png 640w, https:\/\/sincomavi.org.br\/wp-content\/uploads\/2021\/11\/image-4-681x433.png 681w\" sizes=\"auto, (max-width: 825px) 100vw, 825px\" \/><figcaption>Fonte: PMC\/IBGE<\/figcaption><\/figure><\/div>\n\n\n\n<p>Ao observarmos o desempenho acumulado no ano e nos doze meses, ambos finalizados no ultimo m\u00eas de setembro, veremos continuidade no arrefecimento dos n\u00fameros positivos, ainda que continuem naturalmente significativos. Para a esfera estadual, o volume de vendas no com\u00e9rcio de material de constru\u00e7\u00e3o avan\u00e7a 11,5% em rela\u00e7\u00e3o ao per\u00edodo janeiro-setembro de 2020 e cresce 15% no acumulado desde outubro de 2021. Ambos os indicadores j\u00e1 ficaram acima do patamar de 25%, mas desde maio passado sofrem com uma retra\u00e7\u00e3o constante.<\/p>\n\n\n\n<p class=\"has-text-align-center\"><strong>Evolu\u00e7\u00e3o mensal do \u00edndice de volume de vendas do com\u00e9rcio de materiais de constru\u00e7\u00e3o no Estado de SP \u2013 taxa de 12 meses e do acumulado no ano<\/strong><\/p>\n\n\n\n<div class=\"wp-block-image\"><figure class=\"aligncenter size-full\"><img loading=\"lazy\" decoding=\"async\" width=\"786\" height=\"505\" src=\"https:\/\/sincomavi.org.br\/wp-content\/uploads\/2021\/11\/image-5.png\" alt=\"\" class=\"wp-image-7279\" srcset=\"https:\/\/sincomavi.org.br\/wp-content\/uploads\/2021\/11\/image-5.png 786w, https:\/\/sincomavi.org.br\/wp-content\/uploads\/2021\/11\/image-5-300x194.png 300w, https:\/\/sincomavi.org.br\/wp-content\/uploads\/2021\/11\/image-5-768x493.png 768w, https:\/\/sincomavi.org.br\/wp-content\/uploads\/2021\/11\/image-5-654x420.png 654w, https:\/\/sincomavi.org.br\/wp-content\/uploads\/2021\/11\/image-5-341x220.png 341w, https:\/\/sincomavi.org.br\/wp-content\/uploads\/2021\/11\/image-5-640x411.png 640w, https:\/\/sincomavi.org.br\/wp-content\/uploads\/2021\/11\/image-5-681x438.png 681w\" sizes=\"auto, (max-width: 786px) 100vw, 786px\" \/><figcaption>Fonte: PMC\/IBGE<\/figcaption><\/figure><\/div>\n\n\n\n<p>Como o alertado anteriormente, era sabido que no segundo semestre de 2021 ir\u00edamos comparar o volume de vendas atual com o pico de 2020. Este processo estat\u00edstico de termos uma base forte de compara\u00e7\u00e3o auxilia entendermos as quedas recentes de vendas apresentadas pelo IBGE. A segunda metade do ano passado foi marcada por continuidade do isolamento social, da utiliza\u00e7\u00e3o do home office e por uma conjuntura de juros e infla\u00e7\u00e3o baixos, bem como retomada ligeira do mercado de imobili\u00e1rio. Este cen\u00e1rio garantiu aumento de vendas do setor aqui analisado.<\/p>\n\n\n\n<p>J\u00e1 o cen\u00e1rio atual \u00e9 de acomoda\u00e7\u00e3o, n\u00e3o apenas proveniente de um natural equil\u00edbrio p\u00f3s \u00e1pice do setor, mas tamb\u00e9m pelos impactos diretos da infla\u00e7\u00e3o de suas mercadorias, al\u00e9m, \u00e9 claro, do avan\u00e7o geral de pre\u00e7os \u00e0 popula\u00e7\u00e3o no pa\u00eds e do aumento dos juros b\u00e1sicos da economia (justificado pelo processo inflacion\u00e1rio), puxando para cima o custo do cr\u00e9dito \u00e0s fam\u00edlias, inclusive das linhas de cr\u00e9dito imobili\u00e1rio. Esta negativa tend\u00eancia de volume de vendas deve ser vis\u00edvel em demais meses de 2021. Sua magnitude de queda \u00e9 que podem aumentar as atuais preocupa\u00e7\u00f5es.<\/p>\n\n\n<style>.wp-block-kadence-spacer.kt-block-spacer-_bf4529-4a .kt-block-spacer{height:60px;}.wp-block-kadence-spacer.kt-block-spacer-_bf4529-4a .kt-divider{border-top-width:1px;height:1px;border-top-color:#eee;width:80%;border-top-style:solid;}<\/style>\n<div class=\"wp-block-kadence-spacer aligncenter kt-block-spacer-_bf4529-4a\"><div class=\"kt-block-spacer kt-block-spacer-halign-center\"><hr class=\"kt-divider\"\/><\/div><\/div>\n","protected":false},"excerpt":{"rendered":"<p>Por Jaime Vasconcellos, economista. A edi\u00e7\u00e3o de setembro da Pesquisa Mensal do Com\u00e9rcio (PMC\/IBGE) mostrou que o volume de vendas do com\u00e9rcio de material de constru\u00e7\u00e3o apresentou recuo de 8,3% em compara\u00e7\u00e3o com o mesmo m\u00eas do ano passado no Estado de S\u00e3o Paulo. Esta foi a terceira retra\u00e7\u00e3o na compara\u00e7\u00e3o interanual a ser registrada [&hellip;]<\/p>\n","protected":false},"author":1,"featured_media":7280,"comment_status":"closed","ping_status":"open","sticky":false,"template":"","format":"standard","meta":{"tdm_status":"","tdm_grid_status":"","footnotes":""},"categories":[210],"tags":[199,161,158,665,162,200],"class_list":["post-7277","post","type-post","status-publish","format-standard","has-post-thumbnail","hentry","category-artigos","tag-comercio","tag-ibge","tag-material-de-construcao","tag-pesquisa-mensal-do-comercio","tag-pmc","tag-varejo"],"amp_enabled":true,"_links":{"self":[{"href":"https:\/\/sincomavi.org.br\/index.php?rest_route=\/wp\/v2\/posts\/7277","targetHints":{"allow":["GET"]}}],"collection":[{"href":"https:\/\/sincomavi.org.br\/index.php?rest_route=\/wp\/v2\/posts"}],"about":[{"href":"https:\/\/sincomavi.org.br\/index.php?rest_route=\/wp\/v2\/types\/post"}],"author":[{"embeddable":true,"href":"https:\/\/sincomavi.org.br\/index.php?rest_route=\/wp\/v2\/users\/1"}],"replies":[{"embeddable":true,"href":"https:\/\/sincomavi.org.br\/index.php?rest_route=%2Fwp%2Fv2%2Fcomments&post=7277"}],"version-history":[{"count":2,"href":"https:\/\/sincomavi.org.br\/index.php?rest_route=\/wp\/v2\/posts\/7277\/revisions"}],"predecessor-version":[{"id":8835,"href":"https:\/\/sincomavi.org.br\/index.php?rest_route=\/wp\/v2\/posts\/7277\/revisions\/8835"}],"wp:featuredmedia":[{"embeddable":true,"href":"https:\/\/sincomavi.org.br\/index.php?rest_route=\/wp\/v2\/media\/7280"}],"wp:attachment":[{"href":"https:\/\/sincomavi.org.br\/index.php?rest_route=%2Fwp%2Fv2%2Fmedia&parent=7277"}],"wp:term":[{"taxonomy":"category","embeddable":true,"href":"https:\/\/sincomavi.org.br\/index.php?rest_route=%2Fwp%2Fv2%2Fcategories&post=7277"},{"taxonomy":"post_tag","embeddable":true,"href":"https:\/\/sincomavi.org.br\/index.php?rest_route=%2Fwp%2Fv2%2Ftags&post=7277"}],"curies":[{"name":"wp","href":"https:\/\/api.w.org\/{rel}","templated":true}]}}