{"id":7243,"date":"2021-11-09T13:53:08","date_gmt":"2021-11-09T16:53:08","guid":{"rendered":"https:\/\/sincomavi.org.br\/?p=7243"},"modified":"2021-11-09T13:53:09","modified_gmt":"2021-11-09T16:53:09","slug":"pedidos-de-falencias-sofrem-queda-de-185-em-outubro","status":"publish","type":"post","link":"https:\/\/sincomavi.org.br\/?p=7243","title":{"rendered":"Pedidos de fal\u00eancias sofrem queda de 18,5% em outubro"},"content":{"rendered":"<style>.wp-block-kadence-spacer.kt-block-spacer-_7467e0-87 .kt-block-spacer{height:60px;}.wp-block-kadence-spacer.kt-block-spacer-_7467e0-87 .kt-divider{border-top-width:1px;height:1px;border-top-color:#eee;width:80%;border-top-style:solid;}<\/style>\n<div class=\"wp-block-kadence-spacer aligncenter kt-block-spacer-_7467e0-87\"><div class=\"kt-block-spacer kt-block-spacer-halign-center\" style=\"height:60px\"><hr class=\"kt-divider\" style=\"border-top-color:#eee;border-top-width:1px;width:80%;border-top-style:solid\"\/><\/div><\/div>\n\n\n\n<p>Dados coletados pela Boa Vista apontam um recuo de 18,5% no n\u00famero de pedidos de fal\u00eancias em outubro, tendo como refer\u00eancia setembro de 2021. Na mesma base de compara\u00e7\u00e3o, os pedidos de recupera\u00e7\u00e3o judicial contaram com uma varia\u00e7\u00e3o de &#8211; 0,4%.<\/p>\n\n\n\n<p>Segundo an\u00e1lise de longo prazo feita pela Boa Vista, conforme varia\u00e7\u00e3o acumulada em 12 meses, \u201cos n\u00fameros ainda refletem a compara\u00e7\u00e3o com uma base elevada, mas come\u00e7am a dar sinais de acomoda\u00e7\u00e3o\u201d. Isso porque a queda nos pedidos de fal\u00eancias passou de -19,0% para -20,4%, enquanto os pedidos de recupera\u00e7\u00e3o judicial tiveram uma redu\u00e7\u00e3o de 27,1%, para 25,2%.<\/p>\n\n\n\n<p><br>Apesar disso, o cen\u00e1rio econ\u00f4mico ainda se mostra desafiador, tanto \u00e0s empresas quanto aos consumidores. \u201cDe um lado, a taxa b\u00e1sica de juros est\u00e1 num ciclo de alta e deve chegar a um patamar mais restritivo ainda este ano. De outro, a infla\u00e7\u00e3o segue elevada, pressionada interna e externamente, e ao que parece ser\u00e1, mais uma vez, um obst\u00e1culo no ano que vem. Por fim, as proje\u00e7\u00f5es de crescimento est\u00e3o \u2018esfriando\u2019, de modo que o pr\u00f3ximo ano tende a ser bem desafiador para as empresas\u201d.<\/p>\n\n\n<style>.wp-block-kadence-spacer.kt-block-spacer-_24f00f-87 .kt-block-spacer{height:60px;}.wp-block-kadence-spacer.kt-block-spacer-_24f00f-87 .kt-divider{border-top-width:1px;height:1px;border-top-color:#eee;width:80%;border-top-style:solid;}<\/style>\n<div class=\"wp-block-kadence-spacer aligncenter kt-block-spacer-_24f00f-87\"><div class=\"kt-block-spacer kt-block-spacer-halign-center\" style=\"height:60px\"><hr class=\"kt-divider\" style=\"border-top-color:#eee;border-top-width:1px;width:80%;border-top-style:solid\"\/><\/div><\/div>\n","protected":false},"excerpt":{"rendered":"<p>Dados coletados pela Boa Vista apontam um recuo de 18,5% no n\u00famero de pedidos de fal\u00eancias em outubro, tendo como refer\u00eancia setembro de 2021. Na mesma base de compara\u00e7\u00e3o, os pedidos de recupera\u00e7\u00e3o judicial contaram com uma varia\u00e7\u00e3o de &#8211; 0,4%. Segundo an\u00e1lise de longo prazo feita pela Boa Vista, conforme varia\u00e7\u00e3o acumulada em 12 [&hellip;]<\/p>\n","protected":false},"author":1,"featured_media":7244,"comment_status":"closed","ping_status":"open","sticky":false,"template":"","format":"standard","meta":{"tdm_status":"","tdm_grid_status":"","footnotes":""},"categories":[153],"tags":[420],"class_list":["post-7243","post","type-post","status-publish","format-standard","has-post-thumbnail","hentry","category-noticias","tag-falencias"],"amp_enabled":true,"_links":{"self":[{"href":"https:\/\/sincomavi.org.br\/index.php?rest_route=\/wp\/v2\/posts\/7243","targetHints":{"allow":["GET"]}}],"collection":[{"href":"https:\/\/sincomavi.org.br\/index.php?rest_route=\/wp\/v2\/posts"}],"about":[{"href":"https:\/\/sincomavi.org.br\/index.php?rest_route=\/wp\/v2\/types\/post"}],"author":[{"embeddable":true,"href":"https:\/\/sincomavi.org.br\/index.php?rest_route=\/wp\/v2\/users\/1"}],"replies":[{"embeddable":true,"href":"https:\/\/sincomavi.org.br\/index.php?rest_route=%2Fwp%2Fv2%2Fcomments&post=7243"}],"version-history":[{"count":1,"href":"https:\/\/sincomavi.org.br\/index.php?rest_route=\/wp\/v2\/posts\/7243\/revisions"}],"predecessor-version":[{"id":7245,"href":"https:\/\/sincomavi.org.br\/index.php?rest_route=\/wp\/v2\/posts\/7243\/revisions\/7245"}],"wp:featuredmedia":[{"embeddable":true,"href":"https:\/\/sincomavi.org.br\/index.php?rest_route=\/wp\/v2\/media\/7244"}],"wp:attachment":[{"href":"https:\/\/sincomavi.org.br\/index.php?rest_route=%2Fwp%2Fv2%2Fmedia&parent=7243"}],"wp:term":[{"taxonomy":"category","embeddable":true,"href":"https:\/\/sincomavi.org.br\/index.php?rest_route=%2Fwp%2Fv2%2Fcategories&post=7243"},{"taxonomy":"post_tag","embeddable":true,"href":"https:\/\/sincomavi.org.br\/index.php?rest_route=%2Fwp%2Fv2%2Ftags&post=7243"}],"curies":[{"name":"wp","href":"https:\/\/api.w.org\/{rel}","templated":true}]}}