{"id":7191,"date":"2021-10-27T09:02:58","date_gmt":"2021-10-27T12:02:58","guid":{"rendered":"https:\/\/sincomavi.org.br\/?p=7191"},"modified":"2022-09-23T10:11:37","modified_gmt":"2022-09-23T13:11:37","slug":"geracao-de-emprego-no-varejo-de-materiais-de-construcao-desacelera-na-rmsp","status":"publish","type":"post","link":"https:\/\/sincomavi.org.br\/?p=7191","title":{"rendered":"Gera\u00e7\u00e3o de empregos no varejo de material de constru\u00e7\u00e3o desacelera"},"content":{"rendered":"<style>.wp-block-kadence-spacer.kt-block-spacer-_b82b27-da .kt-block-spacer{height:60px;}.wp-block-kadence-spacer.kt-block-spacer-_b82b27-da .kt-divider{border-top-width:1px;height:1px;border-top-color:#eee;width:80%;border-top-style:solid;}<\/style>\n<div class=\"wp-block-kadence-spacer aligncenter kt-block-spacer-_b82b27-da\"><div class=\"kt-block-spacer kt-block-spacer-halign-center\"><hr class=\"kt-divider\"\/><\/div><\/div>\n\n\n\n<p>Ap\u00f3s ter gerado quase mil postos de trabalho em julho e agosto, o mercado de trabalho do com\u00e9rcio varejista de material de constru\u00e7\u00e3o da Regi\u00e3o Metropolitana de S\u00e3o Paulo (RMSP) viu seu ritmo de crescimento arrefecer em setembro. Pelos \u00faltimos dados do Caged (Cadastro Geral de Empregados e Desempregados) foram criados no m\u00eas 642 vagas, ap\u00f3s 3.363 admiss\u00f5es e 2.721 desligamentos. Com isso o estoque total das atividades chegou a quase 89,9 mil v\u00ednculos empregat\u00edcios. Na cidade de S\u00e3o Paulo o saldo se mostrou positivo em 377 vagas, menor patamar desde junho.<\/p>\n\n\n\n<p><strong>Evolu\u00e7\u00e3o do saldo de empregos do varejo de materiais de constru\u00e7\u00e3o \u2013 RMSP e S\u00e3o Paulo\/SP<\/strong><\/p>\n\n\n\n<div class=\"wp-block-image\"><figure class=\"aligncenter size-full\"><img loading=\"lazy\" decoding=\"async\" width=\"870\" height=\"565\" src=\"https:\/\/sincomavi.org.br\/wp-content\/uploads\/2021\/10\/image-7.png\" alt=\"\" class=\"wp-image-7192\" srcset=\"https:\/\/sincomavi.org.br\/wp-content\/uploads\/2021\/10\/image-7.png 870w, https:\/\/sincomavi.org.br\/wp-content\/uploads\/2021\/10\/image-7-300x194.png 300w, https:\/\/sincomavi.org.br\/wp-content\/uploads\/2021\/10\/image-7-768x499.png 768w, https:\/\/sincomavi.org.br\/wp-content\/uploads\/2021\/10\/image-7-647x420.png 647w, https:\/\/sincomavi.org.br\/wp-content\/uploads\/2021\/10\/image-7-341x220.png 341w, https:\/\/sincomavi.org.br\/wp-content\/uploads\/2021\/10\/image-7-640x416.png 640w, https:\/\/sincomavi.org.br\/wp-content\/uploads\/2021\/10\/image-7-681x442.png 681w\" sizes=\"auto, (max-width: 870px) 100vw, 870px\" \/><figcaption>Fonte: Caged<\/figcaption><\/figure><\/div>\n\n\n\n<p>Dentre as nove atividades observadas, destaques em setembro \u00e0s lojas de material de constru\u00e7\u00e3o em geral (+262 vagas) e estabelecimento varejistas que comercializam ferragens e ferramentas (+146 vagas). Por outro lado, os segmentos de cal, areia, pedra, tijolos e telhas (-13 vagas) e de materiais hidr\u00e1ulicos (-5 vagas) amargaram per\u00edodo com mais desligamentos que admiss\u00f5es.<\/p>\n\n\n\n<div class=\"wp-block-image\"><figure class=\"aligncenter size-full\"><img loading=\"lazy\" decoding=\"async\" width=\"546\" height=\"281\" src=\"https:\/\/sincomavi.org.br\/wp-content\/uploads\/2021\/10\/image-8.png\" alt=\"\" class=\"wp-image-7193\" srcset=\"https:\/\/sincomavi.org.br\/wp-content\/uploads\/2021\/10\/image-8.png 546w, https:\/\/sincomavi.org.br\/wp-content\/uploads\/2021\/10\/image-8-300x154.png 300w\" sizes=\"auto, (max-width: 546px) 100vw, 546px\" \/><\/figure><\/div>\n\n\n\n<p>Considerando o desempenho acumulado de 2021, de janeiro a setembro, h\u00e1 evolu\u00e7\u00e3o de 7.366 vagas. \u201cJ\u00e1 nos \u00faltimos doze meses, de outubro de 2020 a setembro de 2021, o saldo \u00e9 positivo em mais de 9,4 mil empregos, significativo, mas abaixo dos doze meses encerrados no m\u00eas anterior\u201d, comenta o economista Jaime Vasconcellos. Ainda assim, todos os setores evolu\u00edram nos \u00faltimos doze meses, com destaque aos avan\u00e7os absolutos de vagas no varejo de materiais de constru\u00e7\u00e3o em geral (+4.117 vagas) e de ferragens e ferramentas (+1.869 vagas).<\/p>\n\n\n\n<div class=\"wp-block-image\"><figure class=\"aligncenter size-full\"><img loading=\"lazy\" decoding=\"async\" width=\"417\" height=\"301\" src=\"https:\/\/sincomavi.org.br\/wp-content\/uploads\/2021\/10\/image-9.png\" alt=\"\" class=\"wp-image-7194\" srcset=\"https:\/\/sincomavi.org.br\/wp-content\/uploads\/2021\/10\/image-9.png 417w, https:\/\/sincomavi.org.br\/wp-content\/uploads\/2021\/10\/image-9-300x217.png 300w\" sizes=\"auto, (max-width: 417px) 100vw, 417px\" \/><\/figure><\/div>\n\n\n\n<p>Os n\u00fameros do emprego, mais arrefecidos, mostram tend\u00eancia j\u00e1 vista de desempenho ruim no volume de vendas do segmento comercial de materiais de constru\u00e7\u00e3o. A Pesquisa Mensal de Com\u00e9rcio (PMC), do Instituto Brasileiro de Geografia e Estat\u00edstica (IBGE), j\u00e1 apresentou que em agosto o volume de vendas da atividade variou negativamente em 4,7% na compara\u00e7\u00e3o do mesmo m\u00eas de 2020. Vendas menores, investimento menor.<\/p>\n\n\n\n<p>\u201cEm si, a queda de 35% do saldo positivo entre agosto e setembro na RMSP n\u00e3o preocupa, pois houve razo\u00e1vel saldo positivo de vagas e j\u00e1 se esperava acomoda\u00e7\u00e3o da demanda frente a reabertura de demais segmentos econ\u00f4micos, com o controle maior da pandemia, e devido a uma conjuntura desafiadora ao consumo, com infla\u00e7\u00e3o, juros e endividamento familiar elevado\u201d, avalia Jaime. Todavia, h\u00e1 de se ligar o sinal amarelo se esta tend\u00eancia se manter nos pr\u00f3ximos meses, principalmente antes de dezembro, dado o tradicional direcionamento de renda ao pagamento de d\u00edvidas, viagens e presentes. \u201c\u00c9 razo\u00e1vel dizer que uma acomoda\u00e7\u00e3o dos significativos n\u00fameros do segmento de materiais de constru\u00e7\u00e3o ocorrer\u00e1, nos cabe analisar m\u00eas a m\u00eas o tamanho deste processo\u201d, finaliza.<\/p>\n\n\n<style>.wp-block-kadence-spacer.kt-block-spacer-_bff348-04 .kt-block-spacer{height:60px;}.wp-block-kadence-spacer.kt-block-spacer-_bff348-04 .kt-divider{border-top-width:1px;height:1px;border-top-color:#eee;width:80%;border-top-style:solid;}<\/style>\n<div class=\"wp-block-kadence-spacer aligncenter kt-block-spacer-_bff348-04\"><div class=\"kt-block-spacer kt-block-spacer-halign-center\"><hr class=\"kt-divider\"\/><\/div><\/div>\n","protected":false},"excerpt":{"rendered":"<p>Ap\u00f3s ter gerado quase mil postos de trabalho em julho e agosto, o mercado de trabalho do com\u00e9rcio varejista de material de constru\u00e7\u00e3o da Regi\u00e3o Metropolitana de S\u00e3o Paulo (RMSP) viu seu ritmo de crescimento arrefecer em setembro. Pelos \u00faltimos dados do Caged (Cadastro Geral de Empregados e Desempregados) foram criados no m\u00eas 642 vagas, [&hellip;]<\/p>\n","protected":false},"author":1,"featured_media":7195,"comment_status":"closed","ping_status":"open","sticky":false,"template":"","format":"standard","meta":{"tdm_status":"","tdm_grid_status":"","footnotes":""},"categories":[153],"tags":[199,53,158,200],"class_list":["post-7191","post","type-post","status-publish","format-standard","has-post-thumbnail","hentry","category-noticias","tag-comercio","tag-emprego","tag-material-de-construcao","tag-varejo"],"amp_enabled":true,"_links":{"self":[{"href":"https:\/\/sincomavi.org.br\/index.php?rest_route=\/wp\/v2\/posts\/7191","targetHints":{"allow":["GET"]}}],"collection":[{"href":"https:\/\/sincomavi.org.br\/index.php?rest_route=\/wp\/v2\/posts"}],"about":[{"href":"https:\/\/sincomavi.org.br\/index.php?rest_route=\/wp\/v2\/types\/post"}],"author":[{"embeddable":true,"href":"https:\/\/sincomavi.org.br\/index.php?rest_route=\/wp\/v2\/users\/1"}],"replies":[{"embeddable":true,"href":"https:\/\/sincomavi.org.br\/index.php?rest_route=%2Fwp%2Fv2%2Fcomments&post=7191"}],"version-history":[{"count":5,"href":"https:\/\/sincomavi.org.br\/index.php?rest_route=\/wp\/v2\/posts\/7191\/revisions"}],"predecessor-version":[{"id":8837,"href":"https:\/\/sincomavi.org.br\/index.php?rest_route=\/wp\/v2\/posts\/7191\/revisions\/8837"}],"wp:featuredmedia":[{"embeddable":true,"href":"https:\/\/sincomavi.org.br\/index.php?rest_route=\/wp\/v2\/media\/7195"}],"wp:attachment":[{"href":"https:\/\/sincomavi.org.br\/index.php?rest_route=%2Fwp%2Fv2%2Fmedia&parent=7191"}],"wp:term":[{"taxonomy":"category","embeddable":true,"href":"https:\/\/sincomavi.org.br\/index.php?rest_route=%2Fwp%2Fv2%2Fcategories&post=7191"},{"taxonomy":"post_tag","embeddable":true,"href":"https:\/\/sincomavi.org.br\/index.php?rest_route=%2Fwp%2Fv2%2Ftags&post=7191"}],"curies":[{"name":"wp","href":"https:\/\/api.w.org\/{rel}","templated":true}]}}