{"id":7180,"date":"2021-10-21T14:44:46","date_gmt":"2021-10-21T17:44:46","guid":{"rendered":"https:\/\/sincomavi.org.br\/?p=7180"},"modified":"2021-10-21T14:45:53","modified_gmt":"2021-10-21T17:45:53","slug":"tabela-de-contribuicao-patronal-exercicio-2021-2022","status":"publish","type":"post","link":"https:\/\/sincomavi.org.br\/?p=7180","title":{"rendered":"Tabela de Contribui\u00e7\u00e3o Patronal | Exerc\u00edcio &#8211; 2021\/2022"},"content":{"rendered":"<style>.wp-block-kadence-spacer.kt-block-spacer-_aeaf6b-43 .kt-block-spacer{height:60px;}.wp-block-kadence-spacer.kt-block-spacer-_aeaf6b-43 .kt-divider{border-top-width:1px;height:1px;border-top-color:#eee;width:80%;border-top-style:solid;}<\/style>\n<div class=\"wp-block-kadence-spacer aligncenter kt-block-spacer-_aeaf6b-43\"><div class=\"kt-block-spacer kt-block-spacer-halign-center\" style=\"height:60px\"><hr class=\"kt-divider\" style=\"border-top-color:#eee;border-top-width:1px;width:80%;border-top-style:solid\"\/><\/div><\/div>\n\n\n\n<p><strong>Vencimento original 10 de novembro de 2021<\/strong><\/p>\n\n\n\n<p>Para os efeitos da Lei 13.467\/2017 (Reforma Trabalhista), comunicamos que foi aprovada, na Assembleia Geral Extraordin\u00e1ria (AGE), de 19 de outubro de 2021, a seguinte Tabela da Contribui\u00e7\u00e3o Patronal:<\/p>\n\n\n\n<div class=\"wp-block-columns is-layout-flex wp-container-core-columns-is-layout-9d6595d7 wp-block-columns-is-layout-flex\">\n<div class=\"wp-block-column is-layout-flow wp-block-column-is-layout-flow\" style=\"flex-basis:100%\">\n<figure class=\"wp-block-table is-style-stripes\"><table class=\"has-cyan-bluish-gray-background-color has-background\"><tbody><tr><td><strong>FAIXAS<\/strong><\/td><td><strong>VALOR ORIGINAL<\/strong><\/td><\/tr><tr><td>MICROEMPRESAS OPTANTES DO RDS (Regime Diferenciado de Sal\u00e1rios, previsto em nossas CCTs ) DE ZERO AT\u00c9 5 EMPREGADOS<\/td><td>R$ 448,00<\/td><\/tr><tr><td>MICROEMPRESAS<\/td><td>R$ 557,00<\/td><\/tr><tr><td>EMPRESAS DE PEQUENO PORTE<\/td><td>R$ 1.114,00<\/td><\/tr><tr><td>EMPRESAS DE GRANDE PORTE<\/td><td>R$ 2.351,00<\/td><\/tr><\/tbody><\/table><\/figure>\n\n\n\n<p>Obs.: a Contribui\u00e7\u00e3o Patronal tem seu vencimento em 10\/11\/2021 e para o correto enquadramento observar os seguintes limites de faturamento anual:<\/p>\n\n\n\n<ul class=\"wp-block-list\"><li><strong>Microempresas:<\/strong>\u00a0faturamento anual at\u00e9 R$ 360.000,00 (trezentos e sessenta mil reais).<\/li><\/ul>\n\n\n\n<ul class=\"wp-block-list\"><li><strong>Empresas de Pequeno Porte:<\/strong>\u00a0faturamento anual entre R$ 360.000,00 (trezentos e sessenta mil reais) e R$ 4.800.000,00 (quatro milh\u00f5es e oitocentos mil reais).<\/li><\/ul>\n\n\n\n<ul class=\"wp-block-list\"><li><strong>Demais empresas:<\/strong>\u00a0faturamento anual acima de R$ 4.800.000,01 (quatro milh\u00f5es, oitocentos mil reais e um centavo).<\/li><\/ul>\n\n\n\n<p><strong>Para a emiss\u00e3o da guia de contribui\u00e7\u00e3o, clique no bot\u00e3o abaixo:<\/strong><\/p>\n\n\n<style>.wp-block-kadence-advancedbtn.kb-btns_d6af84-ec{gap:var(--global-kb-gap-xs, 0.5rem );justify-content:center;align-items:center;}.kt-btns_d6af84-ec .kt-button{font-weight:normal;font-style:normal;}.kt-btns_d6af84-ec .kt-btn-wrap-0{margin-right:5px;}.wp-block-kadence-advancedbtn.kt-btns_d6af84-ec .kt-btn-wrap-0 .kt-button{color:#555555;border-color:#555555;}.wp-block-kadence-advancedbtn.kt-btns_d6af84-ec .kt-btn-wrap-0 .kt-button:hover, .wp-block-kadence-advancedbtn.kt-btns_d6af84-ec .kt-btn-wrap-0 .kt-button:focus{color:#ffffff;border-color:#444444;}.wp-block-kadence-advancedbtn.kt-btns_d6af84-ec .kt-btn-wrap-0 .kt-button::before{display:none;}.wp-block-kadence-advancedbtn.kt-btns_d6af84-ec .kt-btn-wrap-0 .kt-button:hover, .wp-block-kadence-advancedbtn.kt-btns_d6af84-ec .kt-btn-wrap-0 .kt-button:focus{background:#444444;}<\/style>\n<div class=\"wp-block-kadence-advancedbtn kt-btn-align-center kt-btn-tablet-align-inherit kt-btn-mobile-align-inherit kt-btns-wrap kt-btns_d6af84-ec\"><div class=\"kt-btn-wrap kt-btn-wrap-0\"><a class=\"kt-button button kt-btn-0-action kt-btn-size-standard kt-btn-style-basic kt-btn-svg-show-always kt-btn-has-text-true kt-btn-has-svg-false\" href=\"https:\/\/sincomavisp.tcsdigital.com.br\/DIGITAL\/guiaswebemissao\/emissaoguia.aspx?entidade=21-30-C5-40-7E-38-40-10\" target=\"_blank\" rel=\"noreferrer noopener\"><span class=\"kt-btn-inner-text\">GUIA ONLINE<\/span><\/a><\/div><\/div>\n<\/div>\n<\/div>\n\n\n<style>.wp-block-kadence-spacer.kt-block-spacer-_24b747-c7 .kt-block-spacer{height:60px;}.wp-block-kadence-spacer.kt-block-spacer-_24b747-c7 .kt-divider{border-top-width:1px;height:1px;border-top-color:#eee;width:80%;border-top-style:solid;}<\/style>\n<div class=\"wp-block-kadence-spacer aligncenter kt-block-spacer-_24b747-c7\"><div class=\"kt-block-spacer kt-block-spacer-halign-center\" style=\"height:60px\"><hr class=\"kt-divider\" style=\"border-top-color:#eee;border-top-width:1px;width:80%;border-top-style:solid\"\/><\/div><\/div>\n","protected":false},"excerpt":{"rendered":"<p>Vencimento original 10 de novembro de 2021 Para os efeitos da Lei 13.467\/2017 (Reforma Trabalhista), comunicamos que foi aprovada, na Assembleia Geral Extraordin\u00e1ria (AGE), de 19 de outubro de 2021, a seguinte Tabela da Contribui\u00e7\u00e3o Patronal: FAIXAS VALOR ORIGINAL MICROEMPRESAS OPTANTES DO RDS (Regime Diferenciado de Sal\u00e1rios, previsto em nossas CCTs ) DE ZERO AT\u00c9 [&hellip;]<\/p>\n","protected":false},"author":1,"featured_media":7181,"comment_status":"closed","ping_status":"open","sticky":false,"template":"","format":"standard","meta":{"tdm_status":"","tdm_grid_status":"","footnotes":""},"categories":[157],"tags":[592],"class_list":["post-7180","post","type-post","status-publish","format-standard","has-post-thumbnail","hentry","category-alerta","tag-contribuicao-patronal"],"amp_enabled":true,"_links":{"self":[{"href":"https:\/\/sincomavi.org.br\/index.php?rest_route=\/wp\/v2\/posts\/7180","targetHints":{"allow":["GET"]}}],"collection":[{"href":"https:\/\/sincomavi.org.br\/index.php?rest_route=\/wp\/v2\/posts"}],"about":[{"href":"https:\/\/sincomavi.org.br\/index.php?rest_route=\/wp\/v2\/types\/post"}],"author":[{"embeddable":true,"href":"https:\/\/sincomavi.org.br\/index.php?rest_route=\/wp\/v2\/users\/1"}],"replies":[{"embeddable":true,"href":"https:\/\/sincomavi.org.br\/index.php?rest_route=%2Fwp%2Fv2%2Fcomments&post=7180"}],"version-history":[{"count":2,"href":"https:\/\/sincomavi.org.br\/index.php?rest_route=\/wp\/v2\/posts\/7180\/revisions"}],"predecessor-version":[{"id":7184,"href":"https:\/\/sincomavi.org.br\/index.php?rest_route=\/wp\/v2\/posts\/7180\/revisions\/7184"}],"wp:featuredmedia":[{"embeddable":true,"href":"https:\/\/sincomavi.org.br\/index.php?rest_route=\/wp\/v2\/media\/7181"}],"wp:attachment":[{"href":"https:\/\/sincomavi.org.br\/index.php?rest_route=%2Fwp%2Fv2%2Fmedia&parent=7180"}],"wp:term":[{"taxonomy":"category","embeddable":true,"href":"https:\/\/sincomavi.org.br\/index.php?rest_route=%2Fwp%2Fv2%2Fcategories&post=7180"},{"taxonomy":"post_tag","embeddable":true,"href":"https:\/\/sincomavi.org.br\/index.php?rest_route=%2Fwp%2Fv2%2Ftags&post=7180"}],"curies":[{"name":"wp","href":"https:\/\/api.w.org\/{rel}","templated":true}]}}