{"id":7140,"date":"2021-10-08T14:22:16","date_gmt":"2021-10-08T17:22:16","guid":{"rendered":"https:\/\/sincomavi.org.br\/?p=7140"},"modified":"2021-10-08T14:23:33","modified_gmt":"2021-10-08T17:23:33","slug":"convocacao-assembleia-geral-extraordinaria-19-10-21","status":"publish","type":"post","link":"https:\/\/sincomavi.org.br\/?p=7140","title":{"rendered":"Convoca\u00e7\u00e3o: Assembleia Geral Extraordin\u00e1ria | 19\/10\/21"},"content":{"rendered":"<style>.wp-block-kadence-spacer.kt-block-spacer-_1bda1e-7d .kt-block-spacer{height:60px;}.wp-block-kadence-spacer.kt-block-spacer-_1bda1e-7d .kt-divider{border-top-width:1px;height:1px;border-top-color:#eee;width:80%;border-top-style:solid;}<\/style>\n<div class=\"wp-block-kadence-spacer aligncenter kt-block-spacer-_1bda1e-7d\"><div class=\"kt-block-spacer kt-block-spacer-halign-center\" style=\"height:60px\"><hr class=\"kt-divider\" style=\"border-top-color:#eee;border-top-width:1px;width:80%;border-top-style:solid\"\/><\/div><\/div>\n\n\n\n<p>A assembleia ser\u00e1 realizada em 19 de outubro, \u00e0s 10 horas em segunda convoca\u00e7\u00e3o. A AGE ter\u00e1 como temas de delibera\u00e7\u00e3o as negocia\u00e7\u00f5es coletivas de trabalho 2021\/2022 e a aprova\u00e7\u00e3o de valores e formas de cobran\u00e7a das contribui\u00e7\u00f5es e retribui\u00e7\u00f5es patronais, conforme o edital publicado na Folha de S\u00e3o Paulo em 08 de outubro de 2021.<\/p>\n\n\n\n<p>Tendo em vista o conforto, a sa\u00fade e a seguran\u00e7a de todos, a participa\u00e7\u00e3o dos empres\u00e1rios e\/ou seus representantes legais poder\u00e1 ser feita de forma virtual ou presencial na sede do Sincomavi, na Rua Boa Vista n\u00ba 356 &#8211; 15\u00aa andar, com a necessidade de inscri\u00e7\u00e3o pr\u00e9via no link abaixo, onde ser\u00e1 feita a op\u00e7\u00e3o da participa\u00e7\u00e3o presencial ou virtual.<\/p>\n\n\n\n<p>Em caso de d\u00favidas, envie uma mensagem para <strong>sincomavi@sincomavi.org.br<\/strong>.<\/p>\n\n\n<style>.wp-block-kadence-advancedbtn.kb-btns_dbdbc8-b3{gap:var(--global-kb-gap-xs, 0.5rem );justify-content:center;align-items:center;}.kt-btns_dbdbc8-b3 .kt-button{font-weight:normal;font-style:normal;}.kt-btns_dbdbc8-b3 .kt-btn-wrap-0{margin-right:5px;}.wp-block-kadence-advancedbtn.kt-btns_dbdbc8-b3 .kt-btn-wrap-0 .kt-button{color:#555555;border-color:#555555;}.wp-block-kadence-advancedbtn.kt-btns_dbdbc8-b3 .kt-btn-wrap-0 .kt-button:hover, .wp-block-kadence-advancedbtn.kt-btns_dbdbc8-b3 .kt-btn-wrap-0 .kt-button:focus{color:#ffffff;border-color:#444444;}.wp-block-kadence-advancedbtn.kt-btns_dbdbc8-b3 .kt-btn-wrap-0 .kt-button::before{display:none;}.wp-block-kadence-advancedbtn.kt-btns_dbdbc8-b3 .kt-btn-wrap-0 .kt-button:hover, .wp-block-kadence-advancedbtn.kt-btns_dbdbc8-b3 .kt-btn-wrap-0 .kt-button:focus{background:#444444;}<\/style>\n<div class=\"wp-block-kadence-advancedbtn kt-btn-align-center kt-btn-tablet-align-inherit kt-btn-mobile-align-inherit kt-btns-wrap kt-btns_dbdbc8-b3\"><div class=\"kt-btn-wrap kt-btn-wrap-0\"><a class=\"kt-button button kt-btn-0-action kt-btn-size-standard kt-btn-style-basic kt-btn-svg-show-always kt-btn-has-text-true kt-btn-has-svg-false\" href=\"https:\/\/www.sympla.com.br\/assembleia-geral-extraordinaria__1373486\" target=\"_blank\" rel=\"noreferrer noopener\"><span class=\"kt-btn-inner-text\">INSCRI\u00c7\u00c3O<\/span><\/a><\/div><\/div>\n","protected":false},"excerpt":{"rendered":"<p>A assembleia ser\u00e1 realizada em 19 de outubro, \u00e0s 10 horas em segunda convoca\u00e7\u00e3o. A AGE ter\u00e1 como temas de delibera\u00e7\u00e3o as negocia\u00e7\u00f5es coletivas de trabalho 2021\/2022 e a aprova\u00e7\u00e3o de valores e formas de cobran\u00e7a das contribui\u00e7\u00f5es e retribui\u00e7\u00f5es patronais, conforme o edital publicado na Folha de S\u00e3o Paulo em 08 de outubro de [&hellip;]<\/p>\n","protected":false},"author":1,"featured_media":7141,"comment_status":"closed","ping_status":"open","sticky":false,"template":"","format":"standard","meta":{"tdm_status":"","tdm_grid_status":"","footnotes":""},"categories":[157],"tags":[824,823],"class_list":["post-7140","post","type-post","status-publish","format-standard","has-post-thumbnail","hentry","category-alerta","tag-age","tag-assembleia"],"amp_enabled":true,"_links":{"self":[{"href":"https:\/\/sincomavi.org.br\/index.php?rest_route=\/wp\/v2\/posts\/7140","targetHints":{"allow":["GET"]}}],"collection":[{"href":"https:\/\/sincomavi.org.br\/index.php?rest_route=\/wp\/v2\/posts"}],"about":[{"href":"https:\/\/sincomavi.org.br\/index.php?rest_route=\/wp\/v2\/types\/post"}],"author":[{"embeddable":true,"href":"https:\/\/sincomavi.org.br\/index.php?rest_route=\/wp\/v2\/users\/1"}],"replies":[{"embeddable":true,"href":"https:\/\/sincomavi.org.br\/index.php?rest_route=%2Fwp%2Fv2%2Fcomments&post=7140"}],"version-history":[{"count":3,"href":"https:\/\/sincomavi.org.br\/index.php?rest_route=\/wp\/v2\/posts\/7140\/revisions"}],"predecessor-version":[{"id":7144,"href":"https:\/\/sincomavi.org.br\/index.php?rest_route=\/wp\/v2\/posts\/7140\/revisions\/7144"}],"wp:featuredmedia":[{"embeddable":true,"href":"https:\/\/sincomavi.org.br\/index.php?rest_route=\/wp\/v2\/media\/7141"}],"wp:attachment":[{"href":"https:\/\/sincomavi.org.br\/index.php?rest_route=%2Fwp%2Fv2%2Fmedia&parent=7140"}],"wp:term":[{"taxonomy":"category","embeddable":true,"href":"https:\/\/sincomavi.org.br\/index.php?rest_route=%2Fwp%2Fv2%2Fcategories&post=7140"},{"taxonomy":"post_tag","embeddable":true,"href":"https:\/\/sincomavi.org.br\/index.php?rest_route=%2Fwp%2Fv2%2Ftags&post=7140"}],"curies":[{"name":"wp","href":"https:\/\/api.w.org\/{rel}","templated":true}]}}