{"id":7129,"date":"2021-10-07T11:33:59","date_gmt":"2021-10-07T14:33:59","guid":{"rendered":"https:\/\/sincomavi.org.br\/?p=7129"},"modified":"2021-10-07T11:35:00","modified_gmt":"2021-10-07T14:35:00","slug":"material-de-construcao-elevacao-de-136-nos-precos-em-setembro","status":"publish","type":"post","link":"https:\/\/sincomavi.org.br\/?p=7129","title":{"rendered":"Material de constru\u00e7\u00e3o: eleva\u00e7\u00e3o de 1,36% nos pre\u00e7os em setembro"},"content":{"rendered":"<style>.wp-block-kadence-spacer.kt-block-spacer-_dd8ea2-5e .kt-block-spacer{height:60px;}.wp-block-kadence-spacer.kt-block-spacer-_dd8ea2-5e .kt-divider{border-top-width:1px;height:1px;border-top-color:#eee;width:80%;border-top-style:solid;}<\/style>\n<div class=\"wp-block-kadence-spacer aligncenter kt-block-spacer-_dd8ea2-5e\"><div class=\"kt-block-spacer kt-block-spacer-halign-center\" style=\"height:60px\"><hr class=\"kt-divider\" style=\"border-top-color:#eee;border-top-width:1px;width:80%;border-top-style:solid\"\/><\/div><\/div>\n\n\n\n<p>O \u00cdndice de Reajuste de Pre\u00e7os de Venda Azure \u2013 Material de Constru\u00e7\u00e3o (IRPA-MC) contou com uma varia\u00e7\u00e3o positiva de 1,36% em setembro, resultado inferior ao alcan\u00e7ado no m\u00eas anterior (1,4%). No acumulado do ano, o indicador atinge os 17,54% e, nos \u00faltimos doze meses, os 24,35%. Para efeito de compara\u00e7\u00e3o, a categoria Materiais e Equipamentos, que comp\u00f5e o \u00cdndice Nacional de Custo da Constru\u00e7\u00e3o (INCC-M), da Funda\u00e7\u00e3o Getulio Vargas (FGV IBRE), contou para o mesmo per\u00edodo com um aumento de 0,89% &#8211; <a href=\"https:\/\/sincomavi.org.br\/construcao-civil-numeros-do-fgv-ibre\/\" target=\"_blank\" rel=\"noreferrer noopener\"><strong>clique aqui para mais detalhes<\/strong><\/a>.<\/p>\n\n\n\n<div class=\"wp-block-image\"><figure class=\"aligncenter size-full\"><img loading=\"lazy\" decoding=\"async\" width=\"795\" height=\"402\" src=\"https:\/\/sincomavi.org.br\/wp-content\/uploads\/2021\/10\/image-3.png\" alt=\"\" class=\"wp-image-7130\" srcset=\"https:\/\/sincomavi.org.br\/wp-content\/uploads\/2021\/10\/image-3.png 795w, https:\/\/sincomavi.org.br\/wp-content\/uploads\/2021\/10\/image-3-300x152.png 300w, https:\/\/sincomavi.org.br\/wp-content\/uploads\/2021\/10\/image-3-768x388.png 768w, https:\/\/sincomavi.org.br\/wp-content\/uploads\/2021\/10\/image-3-640x324.png 640w, https:\/\/sincomavi.org.br\/wp-content\/uploads\/2021\/10\/image-3-681x344.png 681w\" sizes=\"auto, (max-width: 795px) 100vw, 795px\" \/><\/figure><\/div>\n\n\n\n<p>O estudo realizado pelo Sincomavi, com base nos dados coletados pela <a href=\"https:\/\/azuresi.com.br\/\" target=\"_blank\" rel=\"noreferrer noopener\"><strong>Azure Sistemas<\/strong><\/a> em 300 lojas de pequeno e m\u00e9dio portes, revela ainda a queda no faturamento m\u00e9dio por empresa, passando de R$ 1.058.954,00, em agosto, para R$ 1.014.204,00, em setembro. O recuo no ritmo das opera\u00e7\u00f5es do segmento tamb\u00e9m foi verificado pela Pesquisa Mensal do Com\u00e9rcio (PMC), do Instituto Brasileiro de Geografia e Estat\u00edstica, que vem registrando a <a href=\"https:\/\/sincomavi.org.br\/vendas-do-comercio-recuam-31-em-agosto\/\" target=\"_blank\" rel=\"noreferrer noopener\"><strong>tend\u00eancia negativa nas vendas<\/strong><\/a> do setor nos \u00faltimos meses.<\/p>\n\n\n\n<div class=\"wp-block-image\"><figure class=\"aligncenter size-full\"><img loading=\"lazy\" decoding=\"async\" width=\"795\" height=\"336\" src=\"https:\/\/sincomavi.org.br\/wp-content\/uploads\/2021\/10\/image-4.png\" alt=\"\" class=\"wp-image-7131\" srcset=\"https:\/\/sincomavi.org.br\/wp-content\/uploads\/2021\/10\/image-4.png 795w, https:\/\/sincomavi.org.br\/wp-content\/uploads\/2021\/10\/image-4-300x127.png 300w, https:\/\/sincomavi.org.br\/wp-content\/uploads\/2021\/10\/image-4-768x325.png 768w, https:\/\/sincomavi.org.br\/wp-content\/uploads\/2021\/10\/image-4-640x270.png 640w, https:\/\/sincomavi.org.br\/wp-content\/uploads\/2021\/10\/image-4-681x288.png 681w\" sizes=\"auto, (max-width: 795px) 100vw, 795px\" \/><\/figure><\/div>\n\n\n\n<p>A margem bruta do varejo de material de constru\u00e7\u00e3o caiu mais uma vez em setembro e ficou em 32,97% &#8211; patamar bem abaixo da m\u00e9dia dos \u00faltimos doze meses: 34,33%. Esse tamb\u00e9m foi o pior resultado obtido desde agosto de 2019, quando a margem bruta ficou em 32,82%.<\/p>\n\n\n\n<div class=\"wp-block-image\"><figure class=\"aligncenter size-full\"><img loading=\"lazy\" decoding=\"async\" width=\"795\" height=\"537\" src=\"https:\/\/sincomavi.org.br\/wp-content\/uploads\/2021\/10\/image-5.png\" alt=\"\" class=\"wp-image-7132\" srcset=\"https:\/\/sincomavi.org.br\/wp-content\/uploads\/2021\/10\/image-5.png 795w, https:\/\/sincomavi.org.br\/wp-content\/uploads\/2021\/10\/image-5-300x203.png 300w, https:\/\/sincomavi.org.br\/wp-content\/uploads\/2021\/10\/image-5-768x519.png 768w, https:\/\/sincomavi.org.br\/wp-content\/uploads\/2021\/10\/image-5-622x420.png 622w, https:\/\/sincomavi.org.br\/wp-content\/uploads\/2021\/10\/image-5-640x432.png 640w, https:\/\/sincomavi.org.br\/wp-content\/uploads\/2021\/10\/image-5-681x460.png 681w\" sizes=\"auto, (max-width: 795px) 100vw, 795px\" \/><\/figure><\/div>\n\n\n\n<p>J\u00e1 o t\u00edquete m\u00e9dio contou com um pequeno avan\u00e7o em setembro, subindo para R$ 288,96, o que representa o novo recorde hist\u00f3rico do levantamento. Vale a pena ressaltar que esse patamar alcan\u00e7ado foi influenciado, mesmo que parcialmente, pelo aumento expressivo dos pre\u00e7os dos produtos do setor.<\/p>\n\n\n\n<figure class=\"wp-block-image size-full\"><img loading=\"lazy\" decoding=\"async\" width=\"795\" height=\"454\" src=\"https:\/\/sincomavi.org.br\/wp-content\/uploads\/2021\/10\/image-6.png\" alt=\"\" class=\"wp-image-7133\" srcset=\"https:\/\/sincomavi.org.br\/wp-content\/uploads\/2021\/10\/image-6.png 795w, https:\/\/sincomavi.org.br\/wp-content\/uploads\/2021\/10\/image-6-300x171.png 300w, https:\/\/sincomavi.org.br\/wp-content\/uploads\/2021\/10\/image-6-768x439.png 768w, https:\/\/sincomavi.org.br\/wp-content\/uploads\/2021\/10\/image-6-735x420.png 735w, https:\/\/sincomavi.org.br\/wp-content\/uploads\/2021\/10\/image-6-640x365.png 640w, https:\/\/sincomavi.org.br\/wp-content\/uploads\/2021\/10\/image-6-681x389.png 681w\" sizes=\"auto, (max-width: 795px) 100vw, 795px\" \/><\/figure>\n\n\n<style>.wp-block-kadence-spacer.kt-block-spacer-_77e185-90 .kt-block-spacer{height:60px;}.wp-block-kadence-spacer.kt-block-spacer-_77e185-90 .kt-divider{border-top-width:1px;height:1px;border-top-color:#eee;width:80%;border-top-style:solid;}<\/style>\n<div class=\"wp-block-kadence-spacer aligncenter kt-block-spacer-_77e185-90\"><div class=\"kt-block-spacer kt-block-spacer-halign-center\" style=\"height:60px\"><hr class=\"kt-divider\" style=\"border-top-color:#eee;border-top-width:1px;width:80%;border-top-style:solid\"\/><\/div><\/div>\n","protected":false},"excerpt":{"rendered":"<p>O \u00cdndice de Reajuste de Pre\u00e7os de Venda Azure \u2013 Material de Constru\u00e7\u00e3o (IRPA-MC) contou com uma varia\u00e7\u00e3o positiva de 1,36% em setembro, resultado inferior ao alcan\u00e7ado no m\u00eas anterior (1,4%). No acumulado do ano, o indicador atinge os 17,54% e, nos \u00faltimos doze meses, os 24,35%. Para efeito de compara\u00e7\u00e3o, a categoria Materiais e [&hellip;]<\/p>\n","protected":false},"author":1,"featured_media":7134,"comment_status":"closed","ping_status":"open","sticky":false,"template":"","format":"standard","meta":{"tdm_status":"","tdm_grid_status":"","footnotes":""},"categories":[153],"tags":[199,632,239,331,620,238,158,160,237,240,200],"class_list":["post-7129","post","type-post","status-publish","format-standard","has-post-thumbnail","hentry","category-noticias","tag-comercio","tag-estudo-setorial","tag-faturamento-medio","tag-inflacao","tag-levantamento","tag-margem-bruta","tag-material-de-construcao","tag-pesquisa","tag-precos","tag-tiquete-medio","tag-varejo"],"amp_enabled":true,"_links":{"self":[{"href":"https:\/\/sincomavi.org.br\/index.php?rest_route=\/wp\/v2\/posts\/7129","targetHints":{"allow":["GET"]}}],"collection":[{"href":"https:\/\/sincomavi.org.br\/index.php?rest_route=\/wp\/v2\/posts"}],"about":[{"href":"https:\/\/sincomavi.org.br\/index.php?rest_route=\/wp\/v2\/types\/post"}],"author":[{"embeddable":true,"href":"https:\/\/sincomavi.org.br\/index.php?rest_route=\/wp\/v2\/users\/1"}],"replies":[{"embeddable":true,"href":"https:\/\/sincomavi.org.br\/index.php?rest_route=%2Fwp%2Fv2%2Fcomments&post=7129"}],"version-history":[{"count":3,"href":"https:\/\/sincomavi.org.br\/index.php?rest_route=\/wp\/v2\/posts\/7129\/revisions"}],"predecessor-version":[{"id":7226,"href":"https:\/\/sincomavi.org.br\/index.php?rest_route=\/wp\/v2\/posts\/7129\/revisions\/7226"}],"wp:featuredmedia":[{"embeddable":true,"href":"https:\/\/sincomavi.org.br\/index.php?rest_route=\/wp\/v2\/media\/7134"}],"wp:attachment":[{"href":"https:\/\/sincomavi.org.br\/index.php?rest_route=%2Fwp%2Fv2%2Fmedia&parent=7129"}],"wp:term":[{"taxonomy":"category","embeddable":true,"href":"https:\/\/sincomavi.org.br\/index.php?rest_route=%2Fwp%2Fv2%2Fcategories&post=7129"},{"taxonomy":"post_tag","embeddable":true,"href":"https:\/\/sincomavi.org.br\/index.php?rest_route=%2Fwp%2Fv2%2Ftags&post=7129"}],"curies":[{"name":"wp","href":"https:\/\/api.w.org\/{rel}","templated":true}]}}