{"id":7126,"date":"2021-10-07T09:36:35","date_gmt":"2021-10-07T12:36:35","guid":{"rendered":"https:\/\/sincomavi.org.br\/?p=7126"},"modified":"2021-10-07T09:36:37","modified_gmt":"2021-10-07T12:36:37","slug":"logistica-reversa-fiscalizacao-e-questao-de-tempo","status":"publish","type":"post","link":"https:\/\/sincomavi.org.br\/?p=7126","title":{"rendered":"Log\u00edstica Reversa: fiscaliza\u00e7\u00e3o \u00e9 quest\u00e3o de tempo"},"content":{"rendered":"<style>.wp-block-kadence-spacer.kt-block-spacer-_088076-42 .kt-block-spacer{height:60px;}.wp-block-kadence-spacer.kt-block-spacer-_088076-42 .kt-divider{border-top-width:1px;height:1px;border-top-color:#eee;width:80%;border-top-style:solid;}<\/style>\n<div class=\"wp-block-kadence-spacer aligncenter kt-block-spacer-_088076-42\"><div class=\"kt-block-spacer kt-block-spacer-halign-center\" style=\"height:60px\"><hr class=\"kt-divider\" style=\"border-top-color:#eee;border-top-width:1px;width:80%;border-top-style:solid\"\/><\/div><\/div>\n\n\n\n<p>Os comerciantes de tintas e material de constru\u00e7\u00e3o da Baixada Santista foram surpreendidos no final de 2018 com o questionamento pelo Minist\u00e9rio P\u00fablico das a\u00e7\u00f5es promovidas pelo varejo para o cumprimento da Pol\u00edtica Nacional de Res\u00edduos S\u00f3lidos, Lei 12.305\/2010. \u201cA Prolata foi acionada na \u00e9poca para auxiliar na implementa\u00e7\u00e3o de pontos de recebimento de latas de a\u00e7o p\u00f3s-consumo em redes da regi\u00e3o\u201d, relembra Thais Fagury, diretora Executiva da Prolata Reciclagem. Ela explica que foi firmado ainda em 2018 um conv\u00eanio de coopera\u00e7\u00e3o entre o Minist\u00e9rio P\u00fablico, <a href=\"https:\/\/www.prolata.com.br\" target=\"_blank\" rel=\"noreferrer noopener\"><strong>Prolata<\/strong><\/a>, <a href=\"https:\/\/abrafati.com.br\" target=\"_blank\" rel=\"noreferrer noopener\"><strong>Abrafati <\/strong><\/a>e <a href=\"http:\/\/artesp.org.br\" target=\"_blank\" rel=\"noreferrer noopener\"><strong>Artesp <\/strong><\/a>para o desenvolvimento de a\u00e7\u00f5es de log\u00edstica reversa em parceria com o varejo. &#8220;Em paralelo ao termo, as fiscaliza\u00e7\u00f5es nas lojas haviam sido iniciadas por funcion\u00e1rios do meio ambiente municipais, sendo o Guaruj\u00e1 (SP) a primeira cidade fiscalizada\u201d.<\/p>\n\n\n\n<p>As lojas visitadas tiveram que adequar suas opera\u00e7\u00f5es num prazo que variava entre 15 e 30 dias. A Prolata montou toda a estrutura do programa com o encaminhamento das embalagens coletadas para entrepostos e cooperativas parceiras, o que garantiu a rastreabilidade do material e a seguran\u00e7a na reciclagem, bem como livrou os varejistas das pesadas puni\u00e7\u00f5es previstas.<\/p>\n\n\n\n<p>A fiscaliza\u00e7\u00e3o na Baixada Santista continua sendo realizada regularmente. Enquanto no Guaruj\u00e1 (SP), por exemplo, as opera\u00e7\u00f5es s\u00e3o feitas de seis em seis meses, as administra\u00e7\u00f5es municipais de Santos e S\u00e3o Vicente visitam anualmente os pontos de venda. Apesar da fiscaliza\u00e7\u00e3o se concentrar numa regi\u00e3o espec\u00edfica do Estado de S\u00e3o Paulo, Thais acredita que os comerciantes de outras localidades do pa\u00eds passar\u00e3o por experi\u00eancia similar. \u201cO Minist\u00e9rio P\u00fablico est\u00e1 bastante atuante como agente fiscalizador no cumprimento da PNRS\u201d, avalia. Lembrando que as empresas infratoras que n\u00e3o adequarem suas atividades \u00e0 legisla\u00e7\u00e3o est\u00e3o sujeitas a v\u00e1rias penalidades, inclusive multas que variam entre R$ 50 e R$ 50 milh\u00f5es. Por essa raz\u00e3o, Thais aconselha os empres\u00e1rios do segmento a regularizarem suas situa\u00e7\u00f5es antes da cobran\u00e7a do agente fiscalizador.<\/p>\n\n\n\n<p>Como forma de evitar as dificuldades enfrentadas pelos comerciantes da Baixada Santista, o Sincomavi e o Prolata firmaram um conv\u00eanio que cobre 30 cidades da Regi\u00e3o Metropolitana de S\u00e3o Paulo. Agora, lojistas de tintas e de material de constru\u00e7\u00e3o podem aderir ao acordo para o cumprimento da Pol\u00edtica Nacional de Res\u00edduos S\u00f3lidos em rela\u00e7\u00e3o \u00e0s embalagens de a\u00e7o &#8211; <a href=\"https:\/\/sincomavi.org.br\/logistica-reversa-acordo-atende-as-necessidades-na-venda-de-tinta\/\" target=\"_blank\" rel=\"noreferrer noopener\"><strong>veja mais detalhes<\/strong><\/a>.<\/p>\n\n\n\n<p>\u201cO Prolata vem avan\u00e7ando em diversas frentes nos \u00faltimos 2 anos, com foco em cooperativas de catadores, pontos de recebimento, entrepostos e educa\u00e7\u00e3o ambiental\u201d comenta Thais. No ano de 2020, foram revalorizadas, via Prolata, mais de 22 mil toneladas de latas de a\u00e7o p\u00f3s-consumo. A estimativa para 2021 \u00e9 a recupera\u00e7\u00e3o de cerca de 50 mil toneladas. Por meio do acordo com o Sincomavi, tamb\u00e9m est\u00e1 nos planos a duplica\u00e7\u00e3o no n\u00famero de pontos na Grande S\u00e3o Paulo.<\/p>\n\n\n\n<p>Fa\u00e7a o download do Manual de Log\u00edstica Reversa e conhe\u00e7a os acordos setoriais e termos de compromisso dispon\u00edveis para as empresas do segmento.<\/p>\n\n\n<style>.wp-block-kadence-advancedbtn.kb-btns_84b502-9b{gap:var(--global-kb-gap-xs, 0.5rem );justify-content:center;align-items:center;}.kt-btns_84b502-9b .kt-button{font-weight:normal;font-style:normal;}.kt-btns_84b502-9b .kt-btn-wrap-0{margin-right:5px;}.wp-block-kadence-advancedbtn.kt-btns_84b502-9b .kt-btn-wrap-0 .kt-button{color:#555555;border-color:#555555;}.wp-block-kadence-advancedbtn.kt-btns_84b502-9b .kt-btn-wrap-0 .kt-button:hover, .wp-block-kadence-advancedbtn.kt-btns_84b502-9b .kt-btn-wrap-0 .kt-button:focus{color:#ffffff;border-color:#444444;}.wp-block-kadence-advancedbtn.kt-btns_84b502-9b .kt-btn-wrap-0 .kt-button::before{display:none;}.wp-block-kadence-advancedbtn.kt-btns_84b502-9b .kt-btn-wrap-0 .kt-button:hover, .wp-block-kadence-advancedbtn.kt-btns_84b502-9b .kt-btn-wrap-0 .kt-button:focus{background:#444444;}<\/style>\n<div class=\"wp-block-kadence-advancedbtn kt-btn-align-center kt-btn-tablet-align-inherit kt-btn-mobile-align-inherit kt-btns-wrap kt-btns_84b502-9b\"><div class=\"kt-btn-wrap kt-btn-wrap-0\"><a class=\"kt-button button kt-btn-0-action kt-btn-size-standard kt-btn-style-basic kt-btn-svg-show-always kt-btn-has-text-true kt-btn-has-svg-false\" href=\"https:\/\/sincomavi.org.br\/wp-content\/uploads\/2021\/09\/MANUAL_LOGISTICA_REVERSA_2021.pdf\" target=\"_blank\" rel=\"noreferrer noopener\"><span class=\"kt-btn-inner-text\">CLIQUE AQUI<\/span><\/a><\/div><\/div>\n\n\n<style>.wp-block-kadence-spacer.kt-block-spacer-_7822e6-28 .kt-block-spacer{height:60px;}.wp-block-kadence-spacer.kt-block-spacer-_7822e6-28 .kt-divider{border-top-width:1px;height:1px;border-top-color:#eee;width:80%;border-top-style:solid;}<\/style>\n<div class=\"wp-block-kadence-spacer aligncenter kt-block-spacer-_7822e6-28\"><div class=\"kt-block-spacer kt-block-spacer-halign-center\" style=\"height:60px\"><hr class=\"kt-divider\" style=\"border-top-color:#eee;border-top-width:1px;width:80%;border-top-style:solid\"\/><\/div><\/div>\n","protected":false},"excerpt":{"rendered":"<p>Os comerciantes de tintas e material de constru\u00e7\u00e3o da Baixada Santista foram surpreendidos no final de 2018 com o questionamento pelo Minist\u00e9rio P\u00fablico das a\u00e7\u00f5es promovidas pelo varejo para o cumprimento da Pol\u00edtica Nacional de Res\u00edduos S\u00f3lidos, Lei 12.305\/2010. \u201cA Prolata foi acionada na \u00e9poca para auxiliar na implementa\u00e7\u00e3o de pontos de recebimento de latas [&hellip;]<\/p>\n","protected":false},"author":1,"featured_media":7127,"comment_status":"closed","ping_status":"open","sticky":false,"template":"","format":"standard","meta":{"tdm_status":"","tdm_grid_status":"","footnotes":""},"categories":[153],"tags":[820,194,822,95,812,776,541,821],"class_list":["post-7126","post","type-post","status-publish","format-standard","has-post-thumbnail","hentry","category-noticias","tag-acordos-setoriais","tag-embalagens","tag-latas-de-tintas","tag-logistica-reversa","tag-manual-de-logistica-reversa","tag-prolata","tag-reciclagem","tag-termos-de-compromisso"],"amp_enabled":true,"_links":{"self":[{"href":"https:\/\/sincomavi.org.br\/index.php?rest_route=\/wp\/v2\/posts\/7126","targetHints":{"allow":["GET"]}}],"collection":[{"href":"https:\/\/sincomavi.org.br\/index.php?rest_route=\/wp\/v2\/posts"}],"about":[{"href":"https:\/\/sincomavi.org.br\/index.php?rest_route=\/wp\/v2\/types\/post"}],"author":[{"embeddable":true,"href":"https:\/\/sincomavi.org.br\/index.php?rest_route=\/wp\/v2\/users\/1"}],"replies":[{"embeddable":true,"href":"https:\/\/sincomavi.org.br\/index.php?rest_route=%2Fwp%2Fv2%2Fcomments&post=7126"}],"version-history":[{"count":1,"href":"https:\/\/sincomavi.org.br\/index.php?rest_route=\/wp\/v2\/posts\/7126\/revisions"}],"predecessor-version":[{"id":7128,"href":"https:\/\/sincomavi.org.br\/index.php?rest_route=\/wp\/v2\/posts\/7126\/revisions\/7128"}],"wp:featuredmedia":[{"embeddable":true,"href":"https:\/\/sincomavi.org.br\/index.php?rest_route=\/wp\/v2\/media\/7127"}],"wp:attachment":[{"href":"https:\/\/sincomavi.org.br\/index.php?rest_route=%2Fwp%2Fv2%2Fmedia&parent=7126"}],"wp:term":[{"taxonomy":"category","embeddable":true,"href":"https:\/\/sincomavi.org.br\/index.php?rest_route=%2Fwp%2Fv2%2Fcategories&post=7126"},{"taxonomy":"post_tag","embeddable":true,"href":"https:\/\/sincomavi.org.br\/index.php?rest_route=%2Fwp%2Fv2%2Ftags&post=7126"}],"curies":[{"name":"wp","href":"https:\/\/api.w.org\/{rel}","templated":true}]}}