{"id":7097,"date":"2021-09-28T14:21:32","date_gmt":"2021-09-28T17:21:32","guid":{"rendered":"https:\/\/sincomavi.org.br\/?p=7097"},"modified":"2021-09-28T14:21:33","modified_gmt":"2021-09-28T17:21:33","slug":"construcao-civil-numeros-do-fgv-ibre","status":"publish","type":"post","link":"https:\/\/sincomavi.org.br\/?p=7097","title":{"rendered":"Constru\u00e7\u00e3o Civil: n\u00fameros do FGV IBRE"},"content":{"rendered":"<style>.wp-block-kadence-spacer.kt-block-spacer-_a3f33b-09 .kt-block-spacer{height:60px;}.wp-block-kadence-spacer.kt-block-spacer-_a3f33b-09 .kt-divider{border-top-width:1px;height:1px;border-top-color:#eee;width:80%;border-top-style:solid;}<\/style>\n<div class=\"wp-block-kadence-spacer aligncenter kt-block-spacer-_a3f33b-09\"><div class=\"kt-block-spacer kt-block-spacer-halign-center\" style=\"height:60px\"><hr class=\"kt-divider\" style=\"border-top-color:#eee;border-top-width:1px;width:80%;border-top-style:solid\"\/><\/div><\/div>\n\n\n\n<p>O \u00cdndice Nacional de Custo da Constru\u00e7\u00e3o (INCC-M), da Funda\u00e7\u00e3o Getulio Vargas (FGV IBRE), contou com nova eleva\u00e7\u00e3o em setembro e alcan\u00e7ou os 0,56%. A alta registrada pelo indicador nos pre\u00e7os do segmento no acumulado do ano ficou em 11,99% e nos \u00faltimos doze meses em 16,37%.<\/p>\n\n\n\n<p>Apesar do descr\u00e9scimo, a maior influ\u00eancia para esse avan\u00e7o continuou sendo da categoria Materiais e Equipamentos, que contou com alta de 0,89% contra 1,17% de agosto. A taxa referente \u00e0 M\u00e3o de Obra teve um crescimento de 0,27% no per\u00edodo.<\/p>\n\n\n\n<p>Os materiais que mais sofreram altera\u00e7\u00e3o em seus pre\u00e7os foram madeira para acabamento (1,98%), material para pintura (1,07%), material \u00e0 base de minerais n\u00e3o met\u00e1licos (1%) e material de madeira (0,95%).<\/p>\n\n\n\n<h2 class=\"wp-block-heading\">Confian\u00e7a<\/h2>\n\n\n\n<p>Outro levantamento realizado pela FGV mostra que a confian\u00e7a da ind\u00fastria da constru\u00e7\u00e3o se manteve est\u00e1vel: varia\u00e7\u00e3o de 0,1 ponto em setembro. Em m\u00e9dias m\u00f3veis trimestrais, o indicador subiu 1,3 ponto &#8211; esse foi o quarto m\u00eas consecutivo que ocorreu eleva\u00e7\u00e3o. \u201cEm setembro, a expectativa de melhora da demanda foi corrigida para baixo, sob efeito da eleva\u00e7\u00e3o das taxas de juros do cr\u00e9dito imobili\u00e1rio: o segmento de Edifica\u00e7\u00f5es Residenciais foi o que acusou a maior queda do indicador de demanda prevista\u201d, ressalta Ana Maria Castelo, Coordenadora de Projetos da Constru\u00e7\u00e3o do FGV IBRE. E complementa: \u201cainda assim, a confian\u00e7a das empresas acomodou num patamar mais favor\u00e1vel desde 2014 por uma ligeira melhora dapercep\u00e7\u00e3o sobre \u00e0 situa\u00e7\u00e3o corrente. O Indicador de Evolu\u00e7\u00e3o Recente da atividade alcan\u00e7ou o melhor resultado desde dezembro de 2012. Ou seja, a retomada da atividade ganha for\u00e7a na percep\u00e7\u00e3o empresarial, mas diminui o otimismo com a continuidade desse ciclo.<\/p>\n\n\n\n<figure class=\"wp-block-image size-large\"><img loading=\"lazy\" decoding=\"async\" width=\"1024\" height=\"604\" src=\"https:\/\/sincomavi.org.br\/wp-content\/uploads\/2021\/09\/sondagem-da-construcao-fgv_press-release_set21-1-1024x604.jpg\" alt=\"\" class=\"wp-image-7098\" srcset=\"https:\/\/sincomavi.org.br\/wp-content\/uploads\/2021\/09\/sondagem-da-construcao-fgv_press-release_set21-1-1024x604.jpg 1024w, https:\/\/sincomavi.org.br\/wp-content\/uploads\/2021\/09\/sondagem-da-construcao-fgv_press-release_set21-1-300x177.jpg 300w, https:\/\/sincomavi.org.br\/wp-content\/uploads\/2021\/09\/sondagem-da-construcao-fgv_press-release_set21-1-768x453.jpg 768w, https:\/\/sincomavi.org.br\/wp-content\/uploads\/2021\/09\/sondagem-da-construcao-fgv_press-release_set21-1-712x420.jpg 712w, https:\/\/sincomavi.org.br\/wp-content\/uploads\/2021\/09\/sondagem-da-construcao-fgv_press-release_set21-1-640x378.jpg 640w, https:\/\/sincomavi.org.br\/wp-content\/uploads\/2021\/09\/sondagem-da-construcao-fgv_press-release_set21-1-681x402.jpg 681w, https:\/\/sincomavi.org.br\/wp-content\/uploads\/2021\/09\/sondagem-da-construcao-fgv_press-release_set21-1.jpg 1400w\" sizes=\"auto, (max-width: 1024px) 100vw, 1024px\" \/><figcaption>Fonte: FGV IBRE<\/figcaption><\/figure>\n\n\n<style>.wp-block-kadence-spacer.kt-block-spacer-_729260-20 .kt-block-spacer{height:60px;}.wp-block-kadence-spacer.kt-block-spacer-_729260-20 .kt-divider{border-top-width:1px;height:1px;border-top-color:#eee;width:80%;border-top-style:solid;}<\/style>\n<div class=\"wp-block-kadence-spacer aligncenter kt-block-spacer-_729260-20\"><div class=\"kt-block-spacer kt-block-spacer-halign-center\" style=\"height:60px\"><hr class=\"kt-divider\" style=\"border-top-color:#eee;border-top-width:1px;width:80%;border-top-style:solid\"\/><\/div><\/div>\n","protected":false},"excerpt":{"rendered":"<p>O \u00cdndice Nacional de Custo da Constru\u00e7\u00e3o (INCC-M), da Funda\u00e7\u00e3o Getulio Vargas (FGV IBRE), contou com nova eleva\u00e7\u00e3o em setembro e alcan\u00e7ou os 0,56%. A alta registrada pelo indicador nos pre\u00e7os do segmento no acumulado do ano ficou em 11,99% e nos \u00faltimos doze meses em 16,37%. Apesar do descr\u00e9scimo, a maior influ\u00eancia para esse [&hellip;]<\/p>\n","protected":false},"author":1,"featured_media":7099,"comment_status":"closed","ping_status":"open","sticky":false,"template":"","format":"standard","meta":{"tdm_status":"","tdm_grid_status":"","footnotes":""},"categories":[153],"tags":[204,289,815,754,619,620,160,237,654],"class_list":["post-7097","post","type-post","status-publish","format-standard","has-post-thumbnail","hentry","category-noticias","tag-confianca","tag-construcao","tag-estudos-setoriais","tag-fgv-ibre","tag-incc-m","tag-levantamento","tag-pesquisa","tag-precos","tag-sondagem"],"amp_enabled":true,"_links":{"self":[{"href":"https:\/\/sincomavi.org.br\/index.php?rest_route=\/wp\/v2\/posts\/7097","targetHints":{"allow":["GET"]}}],"collection":[{"href":"https:\/\/sincomavi.org.br\/index.php?rest_route=\/wp\/v2\/posts"}],"about":[{"href":"https:\/\/sincomavi.org.br\/index.php?rest_route=\/wp\/v2\/types\/post"}],"author":[{"embeddable":true,"href":"https:\/\/sincomavi.org.br\/index.php?rest_route=\/wp\/v2\/users\/1"}],"replies":[{"embeddable":true,"href":"https:\/\/sincomavi.org.br\/index.php?rest_route=%2Fwp%2Fv2%2Fcomments&post=7097"}],"version-history":[{"count":1,"href":"https:\/\/sincomavi.org.br\/index.php?rest_route=\/wp\/v2\/posts\/7097\/revisions"}],"predecessor-version":[{"id":7100,"href":"https:\/\/sincomavi.org.br\/index.php?rest_route=\/wp\/v2\/posts\/7097\/revisions\/7100"}],"wp:featuredmedia":[{"embeddable":true,"href":"https:\/\/sincomavi.org.br\/index.php?rest_route=\/wp\/v2\/media\/7099"}],"wp:attachment":[{"href":"https:\/\/sincomavi.org.br\/index.php?rest_route=%2Fwp%2Fv2%2Fmedia&parent=7097"}],"wp:term":[{"taxonomy":"category","embeddable":true,"href":"https:\/\/sincomavi.org.br\/index.php?rest_route=%2Fwp%2Fv2%2Fcategories&post=7097"},{"taxonomy":"post_tag","embeddable":true,"href":"https:\/\/sincomavi.org.br\/index.php?rest_route=%2Fwp%2Fv2%2Ftags&post=7097"}],"curies":[{"name":"wp","href":"https:\/\/api.w.org\/{rel}","templated":true}]}}