{"id":7054,"date":"2021-09-22T15:00:40","date_gmt":"2021-09-22T18:00:40","guid":{"rendered":"https:\/\/sincomavi.org.br\/?p=7054"},"modified":"2021-09-22T15:01:37","modified_gmt":"2021-09-22T18:01:37","slug":"pequena-variacao-no-movimento-do-comercio-em-agosto","status":"publish","type":"post","link":"https:\/\/sincomavi.org.br\/?p=7054","title":{"rendered":"Pequena varia\u00e7\u00e3o no movimento do com\u00e9rcio em agosto"},"content":{"rendered":"<style>.wp-block-kadence-spacer.kt-block-spacer-_8015aa-7b .kt-block-spacer{height:60px;}.wp-block-kadence-spacer.kt-block-spacer-_8015aa-7b .kt-divider{border-top-width:1px;height:1px;border-top-color:#eee;width:80%;border-top-style:solid;}<\/style>\n<div class=\"wp-block-kadence-spacer aligncenter kt-block-spacer-_8015aa-7b\"><div class=\"kt-block-spacer kt-block-spacer-halign-center\" style=\"height:60px\"><hr class=\"kt-divider\" style=\"border-top-color:#eee;border-top-width:1px;width:80%;border-top-style:solid\"\/><\/div><\/div>\n\n\n\n<p>A Boa Vista registrou em agosto uma pequena varia\u00e7\u00e3o positiva, 0,2%, no indicador antecedente de Movimento do Com\u00e9rcio, tendo como compara\u00e7\u00e3o julho de 2021. Segundo a empresa de an\u00e1lise de cr\u00e9dito, os resultados revelam uma redu\u00e7\u00e3o no ritmo de crescimento com base na compara\u00e7\u00e3o interanual, que foi de 1,3% entre os meses de agosto de 2021 e agosto de 2020. Al\u00e9m disso, nos tr\u00eas meses anteriores, de maio a julho, o desempenho obtido se revelou muito superior, com altas de 19,5%, 8,6% e 3,9%, respectivamente.<\/p>\n\n\n\n<p>O relat\u00f3rio da Boa Vista ressalta ainda que os n\u00fameros alcan\u00e7ados em agosto vieram em linha com aquilo que j\u00e1 era esperado. Isso porque no per\u00edodo a confian\u00e7a, tanto do consumidor quanto do comerciante, se enfraqueceu . \u201cDe todo modo, n\u00e3o s\u00e3o poucos os argumentos que apontam para uma acomoda\u00e7\u00e3o no varejo, confian\u00e7a em queda, concorr\u00eancia, renda comprometida, infla\u00e7\u00e3o e juros mais elevados. Todos eles, por sinal, refor\u00e7am a necessidade de maiores cuidados em rela\u00e7\u00e3o ao or\u00e7amento, algo que ganha ainda mais import\u00e2ncia uma vez que o mercado de trabalho, por ora, n\u00e3o reagiu de forma significativa frente aos avan\u00e7os at\u00e9 aqui observados no combate \u00e0 pandemia, com aumento da popula\u00e7\u00e3o imunizada e redu\u00e7\u00e3o das restri\u00e7\u00f5es\u201d.<\/p>\n\n\n\n<div class=\"wp-block-image\"><figure class=\"aligncenter size-full\"><img loading=\"lazy\" decoding=\"async\" width=\"500\" height=\"255\" src=\"https:\/\/sincomavi.org.br\/wp-content\/uploads\/2021\/09\/bv_ago2021.png\" alt=\"\" class=\"wp-image-7055\" srcset=\"https:\/\/sincomavi.org.br\/wp-content\/uploads\/2021\/09\/bv_ago2021.png 500w, https:\/\/sincomavi.org.br\/wp-content\/uploads\/2021\/09\/bv_ago2021-300x153.png 300w\" sizes=\"auto, (max-width: 500px) 100vw, 500px\" \/><\/figure><\/div>\n\n\n<style>.wp-block-kadence-spacer.kt-block-spacer-_68d4d2-41 .kt-block-spacer{height:60px;}.wp-block-kadence-spacer.kt-block-spacer-_68d4d2-41 .kt-divider{border-top-width:1px;height:1px;border-top-color:#eee;width:80%;border-top-style:solid;}<\/style>\n<div class=\"wp-block-kadence-spacer aligncenter kt-block-spacer-_68d4d2-41\"><div class=\"kt-block-spacer kt-block-spacer-halign-center\" style=\"height:60px\"><hr class=\"kt-divider\" style=\"border-top-color:#eee;border-top-width:1px;width:80%;border-top-style:solid\"\/><\/div><\/div>\n","protected":false},"excerpt":{"rendered":"<p>A Boa Vista registrou em agosto uma pequena varia\u00e7\u00e3o positiva, 0,2%, no indicador antecedente de Movimento do Com\u00e9rcio, tendo como compara\u00e7\u00e3o julho de 2021. Segundo a empresa de an\u00e1lise de cr\u00e9dito, os resultados revelam uma redu\u00e7\u00e3o no ritmo de crescimento com base na compara\u00e7\u00e3o interanual, que foi de 1,3% entre os meses de agosto de [&hellip;]<\/p>\n","protected":false},"author":1,"featured_media":7056,"comment_status":"closed","ping_status":"open","sticky":false,"template":"","format":"standard","meta":{"tdm_status":"","tdm_grid_status":"","footnotes":""},"categories":[153],"tags":[809,199,620,201,160,200,75],"class_list":["post-7054","post","type-post","status-publish","format-standard","has-post-thumbnail","hentry","category-noticias","tag-boa-vista","tag-comercio","tag-levantamento","tag-movimento","tag-pesquisa","tag-varejo","tag-vendas"],"amp_enabled":true,"_links":{"self":[{"href":"https:\/\/sincomavi.org.br\/index.php?rest_route=\/wp\/v2\/posts\/7054","targetHints":{"allow":["GET"]}}],"collection":[{"href":"https:\/\/sincomavi.org.br\/index.php?rest_route=\/wp\/v2\/posts"}],"about":[{"href":"https:\/\/sincomavi.org.br\/index.php?rest_route=\/wp\/v2\/types\/post"}],"author":[{"embeddable":true,"href":"https:\/\/sincomavi.org.br\/index.php?rest_route=\/wp\/v2\/users\/1"}],"replies":[{"embeddable":true,"href":"https:\/\/sincomavi.org.br\/index.php?rest_route=%2Fwp%2Fv2%2Fcomments&post=7054"}],"version-history":[{"count":2,"href":"https:\/\/sincomavi.org.br\/index.php?rest_route=\/wp\/v2\/posts\/7054\/revisions"}],"predecessor-version":[{"id":7058,"href":"https:\/\/sincomavi.org.br\/index.php?rest_route=\/wp\/v2\/posts\/7054\/revisions\/7058"}],"wp:featuredmedia":[{"embeddable":true,"href":"https:\/\/sincomavi.org.br\/index.php?rest_route=\/wp\/v2\/media\/7056"}],"wp:attachment":[{"href":"https:\/\/sincomavi.org.br\/index.php?rest_route=%2Fwp%2Fv2%2Fmedia&parent=7054"}],"wp:term":[{"taxonomy":"category","embeddable":true,"href":"https:\/\/sincomavi.org.br\/index.php?rest_route=%2Fwp%2Fv2%2Fcategories&post=7054"},{"taxonomy":"post_tag","embeddable":true,"href":"https:\/\/sincomavi.org.br\/index.php?rest_route=%2Fwp%2Fv2%2Ftags&post=7054"}],"curies":[{"name":"wp","href":"https:\/\/api.w.org\/{rel}","templated":true}]}}