{"id":7011,"date":"2021-09-15T11:01:35","date_gmt":"2021-09-15T14:01:35","guid":{"rendered":"https:\/\/sincomavi.org.br\/?p=7011"},"modified":"2021-09-15T11:01:46","modified_gmt":"2021-09-15T14:01:46","slug":"receita-federal-nova-funcionalidade-para-a-dctfweb","status":"publish","type":"post","link":"https:\/\/sincomavi.org.br\/?p=7011","title":{"rendered":"Receita Federal &#8211; Nova funcionalidade para a DCTFWeb"},"content":{"rendered":"<style>.wp-block-kadence-spacer.kt-block-spacer-_46146a-4c .kt-block-spacer{height:60px;}.wp-block-kadence-spacer.kt-block-spacer-_46146a-4c .kt-divider{border-top-width:1px;height:1px;border-top-color:#eee;width:80%;border-top-style:solid;}<\/style>\n<div class=\"wp-block-kadence-spacer aligncenter kt-block-spacer-_46146a-4c\"><div class=\"kt-block-spacer kt-block-spacer-halign-center\" style=\"height:60px\"><hr class=\"kt-divider\" style=\"border-top-color:#eee;border-top-width:1px;width:80%;border-top-style:solid\"\/><\/div><\/div>\n\n\n\n<p>14\/09\/21 &#8211; A Receita Federal publicou o Ato Declarat\u00f3rio Executivo CORAT n\u00ba 14\/2021, que prev\u00ea a possibilidade de enviar a DCTFWeb de forma autom\u00e1tica, assim que for realizado o fechamento do eSocial. A partir do per\u00edodo de apura\u00e7\u00e3o de outubro de 2021, os contribuintes poder\u00e3o indicar no eSocial a op\u00e7\u00e3o de enviar automaticamente a DCTFWeb, dispensando assim a necessidade de acessar o e-CAC para fazer o envio da declara\u00e7\u00e3o.&nbsp;<\/p>\n\n\n\n<p>Qualquer contribuinte obrigado \u00e0 DCTFWeb poder\u00e1 optar pela transmiss\u00e3o direta, desde que n\u00e3o possua d\u00e9bitos suspensos no eSocial. Se forem informados valores suspensos, ser\u00e1 necess\u00e1rio fazer a edi\u00e7\u00e3o e transmiss\u00e3o pelo e-CAC, como de costume.<\/p>\n\n\n\n<p>Os contribuintes obrigados ao envio da EFD-Reinf que tamb\u00e9m desejarem utilizar a transmiss\u00e3o autom\u00e1tica da DCTFWeb devem fazer o fechamento desta escritura\u00e7\u00e3o antes do eSocial.&nbsp;<\/p>\n\n\n\n<p>Mesmo com a nova funcionalidade, ainda ser\u00e1 necess\u00e1rio acessar o e-CAC para emitir o DARF. O documento, contudo, poder\u00e1 ser emitido tanto pelo aplicativo da DCTFWeb como pela consulta da situa\u00e7\u00e3o fiscal (consultar pend\u00eancias), uma vez que a declara\u00e7\u00e3o j\u00e1 ter\u00e1 sido entregue, gerando o valor a pagar.&nbsp;<\/p>\n\n\n\n<p>A Receita ainda est\u00e1 estudando a possibilidade de emitir o DARF junto do fechamento do eSocial, quando houver transmiss\u00e3o direta da DCTFWeb, mas ainda n\u00e3o tem previs\u00e3o de implementa\u00e7\u00e3o.<\/p>\n\n\n\n<p><strong>Fonte:\u00a0<a href=\"https:\/\/www.gov.br\/receitafederal\/pt-br\/assuntos\/noticias\/2021\/setembro\/receita-federal-anuncia-nova-funcionalidade-para-a-dctfweb\">Minist\u00e9rio da Economia<\/a><\/strong><\/p>\n\n\n<style>.wp-block-kadence-spacer.kt-block-spacer-_5ef3d0-c7 .kt-block-spacer{height:60px;}.wp-block-kadence-spacer.kt-block-spacer-_5ef3d0-c7 .kt-divider{border-top-width:1px;height:1px;border-top-color:#eee;width:80%;border-top-style:solid;}<\/style>\n<div class=\"wp-block-kadence-spacer aligncenter kt-block-spacer-_5ef3d0-c7\"><div class=\"kt-block-spacer kt-block-spacer-halign-center\" style=\"height:60px\"><hr class=\"kt-divider\" style=\"border-top-color:#eee;border-top-width:1px;width:80%;border-top-style:solid\"\/><\/div><\/div>\n","protected":false},"excerpt":{"rendered":"<p>14\/09\/21 &#8211; A Receita Federal publicou o Ato Declarat\u00f3rio Executivo CORAT n\u00ba 14\/2021, que prev\u00ea a possibilidade de enviar a DCTFWeb de forma autom\u00e1tica, assim que for realizado o fechamento do eSocial. A partir do per\u00edodo de apura\u00e7\u00e3o de outubro de 2021, os contribuintes poder\u00e3o indicar no eSocial a op\u00e7\u00e3o de enviar automaticamente a DCTFWeb, [&hellip;]<\/p>\n","protected":false},"author":1,"featured_media":7012,"comment_status":"closed","ping_status":"open","sticky":false,"template":"","format":"standard","meta":{"tdm_status":"","tdm_grid_status":"","footnotes":""},"categories":[157],"tags":[807,806,808,100,134,112,311],"class_list":["post-7011","post","type-post","status-publish","format-standard","has-post-thumbnail","hentry","category-alerta","tag-ato-declaratorio-executivo","tag-cctfweb","tag-corat-14-2021","tag-e-cac","tag-efd-reinf","tag-esocial","tag-receita-federal"],"amp_enabled":true,"_links":{"self":[{"href":"https:\/\/sincomavi.org.br\/index.php?rest_route=\/wp\/v2\/posts\/7011","targetHints":{"allow":["GET"]}}],"collection":[{"href":"https:\/\/sincomavi.org.br\/index.php?rest_route=\/wp\/v2\/posts"}],"about":[{"href":"https:\/\/sincomavi.org.br\/index.php?rest_route=\/wp\/v2\/types\/post"}],"author":[{"embeddable":true,"href":"https:\/\/sincomavi.org.br\/index.php?rest_route=\/wp\/v2\/users\/1"}],"replies":[{"embeddable":true,"href":"https:\/\/sincomavi.org.br\/index.php?rest_route=%2Fwp%2Fv2%2Fcomments&post=7011"}],"version-history":[{"count":2,"href":"https:\/\/sincomavi.org.br\/index.php?rest_route=\/wp\/v2\/posts\/7011\/revisions"}],"predecessor-version":[{"id":7220,"href":"https:\/\/sincomavi.org.br\/index.php?rest_route=\/wp\/v2\/posts\/7011\/revisions\/7220"}],"wp:featuredmedia":[{"embeddable":true,"href":"https:\/\/sincomavi.org.br\/index.php?rest_route=\/wp\/v2\/media\/7012"}],"wp:attachment":[{"href":"https:\/\/sincomavi.org.br\/index.php?rest_route=%2Fwp%2Fv2%2Fmedia&parent=7011"}],"wp:term":[{"taxonomy":"category","embeddable":true,"href":"https:\/\/sincomavi.org.br\/index.php?rest_route=%2Fwp%2Fv2%2Fcategories&post=7011"},{"taxonomy":"post_tag","embeddable":true,"href":"https:\/\/sincomavi.org.br\/index.php?rest_route=%2Fwp%2Fv2%2Ftags&post=7011"}],"curies":[{"name":"wp","href":"https:\/\/api.w.org\/{rel}","templated":true}]}}