{"id":7008,"date":"2021-09-15T10:30:32","date_gmt":"2021-09-15T13:30:32","guid":{"rendered":"https:\/\/sincomavi.org.br\/?p=7008"},"modified":"2021-09-17T07:23:33","modified_gmt":"2021-09-17T10:23:33","slug":"simples-nacional-receita-federal-notifica-devedores-do-simples-nacional","status":"publish","type":"post","link":"https:\/\/sincomavi.org.br\/?p=7008","title":{"rendered":"Receita Federal notifica devedores do Simples Nacional"},"content":{"rendered":"<style>.wp-block-kadence-spacer.kt-block-spacer-_cfba0c-d5 .kt-block-spacer{height:60px;}.wp-block-kadence-spacer.kt-block-spacer-_cfba0c-d5 .kt-divider{border-top-width:1px;height:1px;border-top-color:#eee;width:80%;border-top-style:solid;}<\/style>\n<div class=\"wp-block-kadence-spacer aligncenter kt-block-spacer-_cfba0c-d5\"><div class=\"kt-block-spacer kt-block-spacer-halign-center\" style=\"height:60px\"><hr class=\"kt-divider\" style=\"border-top-color:#eee;border-top-width:1px;width:80%;border-top-style:solid\"\/><\/div><\/div>\n\n\n\n<p>15\/09\/21 &#8211; Foram disponibilizados, no Domic\u00edlio Tribut\u00e1rio Eletr\u00f4nico do Simples Nacional (DTE-SN), os Termos de Exclus\u00e3o do Simples Nacional, com os respectivos Relat\u00f3rios de Pend\u00eancias, por motivo de d\u00e9bitos com a Receita Federal e\/ou com a Procuradoria-Geral da Fazenda Nacional.<\/p>\n\n\n\n<p>Os referidos documentos podem ser acessados tanto por meio do DTE-SN no Portal do Simples Nacional ou pelo Portal e-CAC do site da Receita Federal.<\/p>\n\n\n\n<p>Para evitar a sua exclus\u00e3o do Simples Nacional a partir de 01 de janeiro de 2022, a empresa deve regularizar a totalidade dos seus d\u00e9bitos, por meio de pagamento ou parcelamento, no prazo de 30 dias a contar da data de ci\u00eancia do Termo de Exclus\u00e3o, o que se dar\u00e1 no momento da primeira leitura da mensagem ou no 45\u00ba (quadrag\u00e9simo quinto) dia contado da disponibiliza\u00e7\u00e3o do Termo, caso a primeira leitura seja feita posteriormente a esse prazo.<\/p>\n\n\n\n<p>A empresa que regularizar a totalidade de suas pend\u00eancias, dentro do prazo mencionado no documento, continuar\u00e1 no regime do Simples, n\u00e3o havendo necessidade de qualquer outro procedimento, sendo desnecess\u00e1rio o comparecimento em qualquer unidade da RFB.<\/p>\n\n\n\n<p>As MEs e EPPs devem ficar atentas para n\u00e3o serem exclu\u00eddas de of\u00edcio do Simples Nacional, por motivo de inadimpl\u00eancia.<\/p>\n\n\n\n<p><strong>Fonte:&nbsp;<a href=\"https:\/\/www.gov.br\/receitafederal\/pt-br\/assuntos\/noticias\/2021\/setembro\/receita-federal-notifica-devedores-do-simples-nacional\">Minist\u00e9rio da Economia<\/a><\/strong><\/p>\n\n\n<style>.wp-block-kadence-spacer.kt-block-spacer-_6a36f0-6b .kt-block-spacer{height:60px;}.wp-block-kadence-spacer.kt-block-spacer-_6a36f0-6b .kt-divider{border-top-width:1px;height:1px;border-top-color:#eee;width:80%;border-top-style:solid;}<\/style>\n<div class=\"wp-block-kadence-spacer aligncenter kt-block-spacer-_6a36f0-6b\"><div class=\"kt-block-spacer kt-block-spacer-halign-center\" style=\"height:60px\"><hr class=\"kt-divider\" style=\"border-top-color:#eee;border-top-width:1px;width:80%;border-top-style:solid\"\/><\/div><\/div>\n","protected":false},"excerpt":{"rendered":"<p>15\/09\/21 &#8211; Foram disponibilizados, no Domic\u00edlio Tribut\u00e1rio Eletr\u00f4nico do Simples Nacional (DTE-SN), os Termos de Exclus\u00e3o do Simples Nacional, com os respectivos Relat\u00f3rios de Pend\u00eancias, por motivo de d\u00e9bitos com a Receita Federal e\/ou com a Procuradoria-Geral da Fazenda Nacional. Os referidos documentos podem ser acessados tanto por meio do DTE-SN no Portal do Simples [&hellip;]<\/p>\n","protected":false},"author":1,"featured_media":7009,"comment_status":"closed","ping_status":"open","sticky":false,"template":"","format":"standard","meta":{"tdm_status":"","tdm_grid_status":"","footnotes":""},"categories":[157],"tags":[613,523,805,311,115],"class_list":["post-7008","post","type-post","status-publish","format-standard","has-post-thumbnail","hentry","category-alerta","tag-debitos","tag-microempresa","tag-mpes","tag-receita-federal","tag-simples-nacional"],"amp_enabled":true,"_links":{"self":[{"href":"https:\/\/sincomavi.org.br\/index.php?rest_route=\/wp\/v2\/posts\/7008","targetHints":{"allow":["GET"]}}],"collection":[{"href":"https:\/\/sincomavi.org.br\/index.php?rest_route=\/wp\/v2\/posts"}],"about":[{"href":"https:\/\/sincomavi.org.br\/index.php?rest_route=\/wp\/v2\/types\/post"}],"author":[{"embeddable":true,"href":"https:\/\/sincomavi.org.br\/index.php?rest_route=\/wp\/v2\/users\/1"}],"replies":[{"embeddable":true,"href":"https:\/\/sincomavi.org.br\/index.php?rest_route=%2Fwp%2Fv2%2Fcomments&post=7008"}],"version-history":[{"count":3,"href":"https:\/\/sincomavi.org.br\/index.php?rest_route=\/wp\/v2\/posts\/7008\/revisions"}],"predecessor-version":[{"id":7219,"href":"https:\/\/sincomavi.org.br\/index.php?rest_route=\/wp\/v2\/posts\/7008\/revisions\/7219"}],"wp:featuredmedia":[{"embeddable":true,"href":"https:\/\/sincomavi.org.br\/index.php?rest_route=\/wp\/v2\/media\/7009"}],"wp:attachment":[{"href":"https:\/\/sincomavi.org.br\/index.php?rest_route=%2Fwp%2Fv2%2Fmedia&parent=7008"}],"wp:term":[{"taxonomy":"category","embeddable":true,"href":"https:\/\/sincomavi.org.br\/index.php?rest_route=%2Fwp%2Fv2%2Fcategories&post=7008"},{"taxonomy":"post_tag","embeddable":true,"href":"https:\/\/sincomavi.org.br\/index.php?rest_route=%2Fwp%2Fv2%2Ftags&post=7008"}],"curies":[{"name":"wp","href":"https:\/\/api.w.org\/{rel}","templated":true}]}}