{"id":6936,"date":"2021-09-13T08:00:00","date_gmt":"2021-09-13T11:00:00","guid":{"rendered":"https:\/\/sincomavi.org.br\/?p=6936"},"modified":"2021-09-10T11:56:20","modified_gmt":"2021-09-10T14:56:20","slug":"apoio-constante-seguranca-em-primeiro-lugar","status":"publish","type":"post","link":"https:\/\/sincomavi.org.br\/?p=6936","title":{"rendered":"Apoio constante: seguran\u00e7a em primeiro lugar"},"content":{"rendered":"<style>.wp-block-kadence-spacer.kt-block-spacer-_31a0b2-55 .kt-block-spacer{height:60px;}.wp-block-kadence-spacer.kt-block-spacer-_31a0b2-55 .kt-divider{border-top-width:1px;height:1px;border-top-color:#eee;width:80%;border-top-style:solid;}<\/style>\n<div class=\"wp-block-kadence-spacer aligncenter kt-block-spacer-_31a0b2-55\"><div class=\"kt-block-spacer kt-block-spacer-halign-center\" style=\"height:60px\"><hr class=\"kt-divider\" style=\"border-top-color:#eee;border-top-width:1px;width:80%;border-top-style:solid\"\/><\/div><\/div>\n\n\n\n<p>A pandemia da Covid-19 trouxe v\u00e1rias incertezas \u00e0 popula\u00e7\u00e3o e criou um ambiente bastante desafiador para todos os brasileiros. Diante dessa realidade, a posi\u00e7\u00e3o assumida pelo Sincomavi sempre foi de defender os interesses do empresariado do setor, mas garantir tamb\u00e9m a sa\u00fade e seguran\u00e7a de comerciantes, colaboradores e consumidores.<\/p>\n\n\n\n<p>As in\u00fameras medidas provis\u00f3rias, leis, decretos e portarias para o enfrentamento da pandemia trouxeram muitas d\u00favidas aos varejistas e o Sincomavi, mais uma vez, desempenhou o seu papel de porto seguro, proporcionando informa\u00e7\u00f5es de qualidade, baseadas em documentos oficiais.<\/p>\n\n\n\n<p>O Sincomavi tamb\u00e9m se desdobrou na negocia\u00e7\u00e3o de termos aditivos \u00e0s Conven\u00e7\u00f5es Coletivas de Trabalho (CCTs) para proporcionar maior seguran\u00e7a jur\u00eddica \u00e0s empresas. Foram firmados 16 termos aditivos com esse objetivo, capazes de atender pontos como teletrabalho, concess\u00e3o excepcional de f\u00e9rias, suspens\u00e3o de contrato de trabalho, antecipa\u00e7\u00e3o excepcional de feriados, reajustamento salarial e muito mais. Todo esse trabalho exigiu, al\u00e9m do \u00e1rduo processo de convencimento dos representantes dos sindicatos dos empregados sobre a urg\u00eancia de novos termos, estudo profundo das medidas provis\u00f3rias, das leis e de poss\u00edveis conflitos.<\/p>\n\n\n\n<p>O acompanhamento e estudo da nova legisla\u00e7\u00e3o, bem como os termos aditivos, n\u00e3o interromperam as tratativas em rela\u00e7\u00e3o \u00e0s Conven\u00e7\u00f5es Coletivas, que continuaram sendo negociadas para atender as necessidades das empresas do segmento.<\/p>\n\n\n\n<p><strong>Sincomavi<\/strong><br><em>Sempre com Voc\u00ea<\/em><\/p>\n\n\n<style>.wp-block-kadence-spacer.kt-block-spacer-_0cde45-0a .kt-block-spacer{height:60px;}.wp-block-kadence-spacer.kt-block-spacer-_0cde45-0a .kt-divider{border-top-width:1px;height:1px;border-top-color:#eee;width:80%;border-top-style:solid;}<\/style>\n<div class=\"wp-block-kadence-spacer aligncenter kt-block-spacer-_0cde45-0a\"><div class=\"kt-block-spacer kt-block-spacer-halign-center\" style=\"height:60px\"><hr class=\"kt-divider\" style=\"border-top-color:#eee;border-top-width:1px;width:80%;border-top-style:solid\"\/><\/div><\/div>\n","protected":false},"excerpt":{"rendered":"<p>A pandemia da Covid-19 trouxe v\u00e1rias incertezas \u00e0 popula\u00e7\u00e3o e criou um ambiente bastante desafiador para todos os brasileiros. Diante dessa realidade, a posi\u00e7\u00e3o assumida pelo Sincomavi sempre foi de defender os interesses do empresariado do setor, mas garantir tamb\u00e9m a sa\u00fade e seguran\u00e7a de comerciantes, colaboradores e consumidores. As in\u00fameras medidas provis\u00f3rias, leis, decretos [&hellip;]<\/p>\n","protected":false},"author":1,"featured_media":6937,"comment_status":"closed","ping_status":"open","sticky":false,"template":"","format":"standard","meta":{"tdm_status":"","tdm_grid_status":"","footnotes":""},"categories":[153],"tags":[199,472,766,349,768,358,363,765,769,559,200],"class_list":["post-6936","post","type-post","status-publish","format-standard","has-post-thumbnail","hentry","category-noticias","tag-comercio","tag-convencao","tag-convid-19","tag-coronavirus","tag-pandemia","tag-quarentena","tag-relacoes-trabalhistas","tag-seguranca","tag-termos-aditivos","tag-trabalhismo","tag-varejo"],"amp_enabled":true,"_links":{"self":[{"href":"https:\/\/sincomavi.org.br\/index.php?rest_route=\/wp\/v2\/posts\/6936","targetHints":{"allow":["GET"]}}],"collection":[{"href":"https:\/\/sincomavi.org.br\/index.php?rest_route=\/wp\/v2\/posts"}],"about":[{"href":"https:\/\/sincomavi.org.br\/index.php?rest_route=\/wp\/v2\/types\/post"}],"author":[{"embeddable":true,"href":"https:\/\/sincomavi.org.br\/index.php?rest_route=\/wp\/v2\/users\/1"}],"replies":[{"embeddable":true,"href":"https:\/\/sincomavi.org.br\/index.php?rest_route=%2Fwp%2Fv2%2Fcomments&post=6936"}],"version-history":[{"count":1,"href":"https:\/\/sincomavi.org.br\/index.php?rest_route=\/wp\/v2\/posts\/6936\/revisions"}],"predecessor-version":[{"id":6938,"href":"https:\/\/sincomavi.org.br\/index.php?rest_route=\/wp\/v2\/posts\/6936\/revisions\/6938"}],"wp:featuredmedia":[{"embeddable":true,"href":"https:\/\/sincomavi.org.br\/index.php?rest_route=\/wp\/v2\/media\/6937"}],"wp:attachment":[{"href":"https:\/\/sincomavi.org.br\/index.php?rest_route=%2Fwp%2Fv2%2Fmedia&parent=6936"}],"wp:term":[{"taxonomy":"category","embeddable":true,"href":"https:\/\/sincomavi.org.br\/index.php?rest_route=%2Fwp%2Fv2%2Fcategories&post=6936"},{"taxonomy":"post_tag","embeddable":true,"href":"https:\/\/sincomavi.org.br\/index.php?rest_route=%2Fwp%2Fv2%2Ftags&post=6936"}],"curies":[{"name":"wp","href":"https:\/\/api.w.org\/{rel}","templated":true}]}}