{"id":6882,"date":"2021-08-26T09:25:09","date_gmt":"2021-08-26T12:25:09","guid":{"rendered":"https:\/\/sincomavi.org.br\/?p=6882"},"modified":"2021-08-26T09:25:12","modified_gmt":"2021-08-26T12:25:12","slug":"estabilizacao-em-agosto-na-confianca-dos-consumidores","status":"publish","type":"post","link":"https:\/\/sincomavi.org.br\/?p=6882","title":{"rendered":"Estabiliza\u00e7\u00e3o em agosto na confian\u00e7a dos consumidores"},"content":{"rendered":"<style>.wp-block-kadence-spacer.kt-block-spacer-_87d52a-d5 .kt-block-spacer{height:60px;}.wp-block-kadence-spacer.kt-block-spacer-_87d52a-d5 .kt-divider{border-top-width:1px;height:1px;border-top-color:#eee;width:80%;border-top-style:solid;}<\/style>\n<div class=\"wp-block-kadence-spacer aligncenter kt-block-spacer-_87d52a-d5\"><div class=\"kt-block-spacer kt-block-spacer-halign-center\" style=\"height:60px\"><hr class=\"kt-divider\" style=\"border-top-color:#eee;border-top-width:1px;width:80%;border-top-style:solid\"\/><\/div><\/div>\n\n\n\n<p>Depois de registrar quatro resultados positivos consecutivos, o \u00cdndice de Confian\u00e7a do Consumidor (ICC), medido pelo FGV IBRE, contou com um recuou 0,4 ponto em agosto, passando para 81,8 pontos. Em m\u00e9dias m\u00f3veis trimestrais, o \u00edndice subiu 1,89 ponto, para 81,6 pontos, na terceira alta seguida. Viviane Seda Bittencourt, coordenadora de sondagens, comenta que o indicador se acomodou em patamar ainda baixo em termos hist\u00f3ricos. \u201cH\u00e1 maior dificuldade entre os consumidores de menor poder aquisitivo, que enfrentam uma combina\u00e7\u00e3o de desemprego e infla\u00e7\u00e3o elevados e de crescimento do endividamento nos \u00faltimos meses\u201d, ressalta. E complementa: \u201ca confian\u00e7a dos consumidores de maior poder aquisitivo, que tem oscilado em n\u00edveis mais elevados, tamb\u00e9m recuou em agosto, possivelmente em fun\u00e7\u00e3o do aumento da incerteza em rela\u00e7\u00e3o \u00e0 pandemia com o avan\u00e7o da variante Delta no pa\u00eds, ao adicionar d\u00favidas quanto ao ritmo poss\u00edvel de crescimento econ\u00f4mico nos pr\u00f3ximos meses&#8221;.<\/p>\n\n\n\n<p>O estudo apontou ainda que a percep\u00e7\u00e3o de piora da situa\u00e7\u00e3o atual ocorreu influenciada pelo n\u00edvel de satisfa\u00e7\u00e3o em rela\u00e7\u00e3o \u00e0s finan\u00e7as familiares que caiu 2,8 pontos. No entanto, as avalia\u00e7\u00f5es sobre a situa\u00e7\u00e3o econ\u00f4mica geral apresentou leve aumento de 0,6 ponto em agosto.<\/p>\n\n\n<style>.wp-block-kadence-spacer.kt-block-spacer-_3f3f94-04 .kt-block-spacer{height:60px;}.wp-block-kadence-spacer.kt-block-spacer-_3f3f94-04 .kt-divider{border-top-width:1px;height:1px;border-top-color:#eee;width:80%;border-top-style:solid;}<\/style>\n<div class=\"wp-block-kadence-spacer aligncenter kt-block-spacer-_3f3f94-04\"><div class=\"kt-block-spacer kt-block-spacer-halign-center\" style=\"height:60px\"><hr class=\"kt-divider\" style=\"border-top-color:#eee;border-top-width:1px;width:80%;border-top-style:solid\"\/><\/div><\/div>\n","protected":false},"excerpt":{"rendered":"<p>Depois de registrar quatro resultados positivos consecutivos, o \u00cdndice de Confian\u00e7a do Consumidor (ICC), medido pelo FGV IBRE, contou com um recuou 0,4 ponto em agosto, passando para 81,8 pontos. Em m\u00e9dias m\u00f3veis trimestrais, o \u00edndice subiu 1,89 ponto, para 81,6 pontos, na terceira alta seguida. Viviane Seda Bittencourt, coordenadora de sondagens, comenta que o [&hellip;]<\/p>\n","protected":false},"author":1,"featured_media":6883,"comment_status":"closed","ping_status":"open","sticky":false,"template":"","format":"standard","meta":{"tdm_status":"","tdm_grid_status":"","footnotes":""},"categories":[153],"tags":[204,205,309,703,620,160,654],"class_list":["post-6882","post","type-post","status-publish","format-standard","has-post-thumbnail","hentry","category-noticias","tag-confianca","tag-consumidor","tag-fgv","tag-ibre","tag-levantamento","tag-pesquisa","tag-sondagem"],"amp_enabled":true,"_links":{"self":[{"href":"https:\/\/sincomavi.org.br\/index.php?rest_route=\/wp\/v2\/posts\/6882","targetHints":{"allow":["GET"]}}],"collection":[{"href":"https:\/\/sincomavi.org.br\/index.php?rest_route=\/wp\/v2\/posts"}],"about":[{"href":"https:\/\/sincomavi.org.br\/index.php?rest_route=\/wp\/v2\/types\/post"}],"author":[{"embeddable":true,"href":"https:\/\/sincomavi.org.br\/index.php?rest_route=\/wp\/v2\/users\/1"}],"replies":[{"embeddable":true,"href":"https:\/\/sincomavi.org.br\/index.php?rest_route=%2Fwp%2Fv2%2Fcomments&post=6882"}],"version-history":[{"count":1,"href":"https:\/\/sincomavi.org.br\/index.php?rest_route=\/wp\/v2\/posts\/6882\/revisions"}],"predecessor-version":[{"id":6884,"href":"https:\/\/sincomavi.org.br\/index.php?rest_route=\/wp\/v2\/posts\/6882\/revisions\/6884"}],"wp:featuredmedia":[{"embeddable":true,"href":"https:\/\/sincomavi.org.br\/index.php?rest_route=\/wp\/v2\/media\/6883"}],"wp:attachment":[{"href":"https:\/\/sincomavi.org.br\/index.php?rest_route=%2Fwp%2Fv2%2Fmedia&parent=6882"}],"wp:term":[{"taxonomy":"category","embeddable":true,"href":"https:\/\/sincomavi.org.br\/index.php?rest_route=%2Fwp%2Fv2%2Fcategories&post=6882"},{"taxonomy":"post_tag","embeddable":true,"href":"https:\/\/sincomavi.org.br\/index.php?rest_route=%2Fwp%2Fv2%2Ftags&post=6882"}],"curies":[{"name":"wp","href":"https:\/\/api.w.org\/{rel}","templated":true}]}}