{"id":6865,"date":"2021-08-16T13:21:28","date_gmt":"2021-08-16T16:21:28","guid":{"rendered":"https:\/\/sincomavi.org.br\/?p=6865"},"modified":"2021-08-16T13:21:52","modified_gmt":"2021-08-16T16:21:52","slug":"fiscalizacao-acoes-do-ipem-sp-e-procon-ambiental","status":"publish","type":"post","link":"https:\/\/sincomavi.org.br\/?p=6865","title":{"rendered":"Fiscaliza\u00e7\u00e3o: a\u00e7\u00f5es do IPEM-SP e Procon Ambiental"},"content":{"rendered":"<style>.wp-block-kadence-spacer.kt-block-spacer-_644ca2-69 .kt-block-spacer{height:60px;}.wp-block-kadence-spacer.kt-block-spacer-_644ca2-69 .kt-divider{border-top-width:1px;height:1px;border-top-color:#eee;width:80%;border-top-style:solid;}<\/style>\n<div class=\"wp-block-kadence-spacer aligncenter kt-block-spacer-_644ca2-69\"><div class=\"kt-block-spacer kt-block-spacer-halign-center\" style=\"height:60px\"><hr class=\"kt-divider\" style=\"border-top-color:#eee;border-top-width:1px;width:80%;border-top-style:solid\"\/><\/div><\/div>\n\n\n\n<p>O Instituto de Pesos e Medidas do Estado de S\u00e3o Paulo (IPEM-SP), que det\u00e9m a representa\u00e7\u00e3o do INMETRO no Estado de S\u00e3o Paulo, divulgou um balan\u00e7o sobre as reclama\u00e7\u00f5es dos consumidores no per\u00edodo de janeiro a julho de 2021. Foram 1.450 atendimentos realizados e entre os produtos fiscalizados destacam-se adaptadores de plugue e tomadas, itens que lideraram o n\u00famero de reprova\u00e7\u00f5es nos testes (100%).<\/p>\n\n\n\n<p>Houve ainda 44 den\u00fancias com rela\u00e7\u00e3o \u00e0 seguran\u00e7a em aparelhos eletrodom\u00e9sticos, sendo 11 procedentes. J\u00e1 dispositivos el\u00e9tricos de baixa tens\u00e3o (l\u00e2mpadas, lumin\u00e1rias e extens\u00f5es el\u00e9tricas) contaram com 27 reclama\u00e7\u00f5es, com 12 casos fundamentados.<\/p>\n\n\n\n<p>Outras reclama\u00e7\u00f5es comuns dos consumidores, e que receberam aten\u00e7\u00e3o do IPEM, foram balan\u00e7as, fios, cabos, cord\u00f5es flex\u00edveis el\u00e9tricos, l\u00e2mpadas LED e extintores de inc\u00eandio. Vale ressaltar que n\u00e3o houve reprova\u00e7\u00e3o no caso dos extintores de inc\u00eandio.<\/p>\n\n\n\n<h2 class=\"wp-block-heading\">Madeira<\/h2>\n\n\n\n<p>O Procon-SP Ambiental come\u00e7ou na sexta-feira passada, 13 de agosto, a fiscaliza\u00e7\u00e3o sobre opera\u00e7\u00f5es de transporte, compra e venda ilegal de madeira nativa: sete empresas foram multadas, sendo algumas interditadas. A vistoria se concentrou em lojas localizadas na regi\u00e3o do Br\u00e1s e nas zonas Oeste e Sul. Foram encontradas irregularidades em rela\u00e7\u00e3o \u00e0 identifica\u00e7\u00e3o no estoque f\u00edsico e falta de origem da madeira. Al\u00e9m das multas, j\u00e1 emitidas, os propriet\u00e1rios dos estabelecimentos est\u00e3o sujeitos \u00e0s puni\u00e7\u00f5es na esfera criminal.<\/p>\n\n\n\n<h2 class=\"wp-block-heading\">Recomenda\u00e7\u00f5es<\/h2>\n\n\n\n<p>Diante das situa\u00e7\u00f5es acima, o Sincomavi orienta que as empresas sempre se mantenham dentro das normas exigidas pelas autoridades para evitar multas e outras penalidades.<\/p>\n\n\n<style>.wp-block-kadence-spacer.kt-block-spacer-_a5857c-59 .kt-block-spacer{height:60px;}.wp-block-kadence-spacer.kt-block-spacer-_a5857c-59 .kt-divider{border-top-width:1px;height:1px;border-top-color:#eee;width:80%;border-top-style:solid;}<\/style>\n<div class=\"wp-block-kadence-spacer aligncenter kt-block-spacer-_a5857c-59\"><div class=\"kt-block-spacer kt-block-spacer-halign-center\" style=\"height:60px\"><hr class=\"kt-divider\" style=\"border-top-color:#eee;border-top-width:1px;width:80%;border-top-style:solid\"\/><\/div><\/div>\n","protected":false},"excerpt":{"rendered":"<p>O Instituto de Pesos e Medidas do Estado de S\u00e3o Paulo (IPEM-SP), que det\u00e9m a representa\u00e7\u00e3o do INMETRO no Estado de S\u00e3o Paulo, divulgou um balan\u00e7o sobre as reclama\u00e7\u00f5es dos consumidores no per\u00edodo de janeiro a julho de 2021. Foram 1.450 atendimentos realizados e entre os produtos fiscalizados destacam-se adaptadores de plugue e tomadas, itens [&hellip;]<\/p>\n","protected":false},"author":1,"featured_media":6866,"comment_status":"closed","ping_status":"open","sticky":false,"template":"","format":"standard","meta":{"tdm_status":"","tdm_grid_status":"","footnotes":""},"categories":[153],"tags":[748,96,81,114,434,158,432,463,746],"class_list":["post-6865","post","type-post","status-publish","format-standard","has-post-thumbnail","hentry","category-noticias","tag-denuncia","tag-fiscalizacao","tag-inmetro","tag-ipem","tag-madeira","tag-material-de-construcao","tag-material-eletrico","tag-multa","tag-procon-sp-ambiental"],"amp_enabled":true,"_links":{"self":[{"href":"https:\/\/sincomavi.org.br\/index.php?rest_route=\/wp\/v2\/posts\/6865","targetHints":{"allow":["GET"]}}],"collection":[{"href":"https:\/\/sincomavi.org.br\/index.php?rest_route=\/wp\/v2\/posts"}],"about":[{"href":"https:\/\/sincomavi.org.br\/index.php?rest_route=\/wp\/v2\/types\/post"}],"author":[{"embeddable":true,"href":"https:\/\/sincomavi.org.br\/index.php?rest_route=\/wp\/v2\/users\/1"}],"replies":[{"embeddable":true,"href":"https:\/\/sincomavi.org.br\/index.php?rest_route=%2Fwp%2Fv2%2Fcomments&post=6865"}],"version-history":[{"count":2,"href":"https:\/\/sincomavi.org.br\/index.php?rest_route=\/wp\/v2\/posts\/6865\/revisions"}],"predecessor-version":[{"id":6868,"href":"https:\/\/sincomavi.org.br\/index.php?rest_route=\/wp\/v2\/posts\/6865\/revisions\/6868"}],"wp:featuredmedia":[{"embeddable":true,"href":"https:\/\/sincomavi.org.br\/index.php?rest_route=\/wp\/v2\/media\/6866"}],"wp:attachment":[{"href":"https:\/\/sincomavi.org.br\/index.php?rest_route=%2Fwp%2Fv2%2Fmedia&parent=6865"}],"wp:term":[{"taxonomy":"category","embeddable":true,"href":"https:\/\/sincomavi.org.br\/index.php?rest_route=%2Fwp%2Fv2%2Fcategories&post=6865"},{"taxonomy":"post_tag","embeddable":true,"href":"https:\/\/sincomavi.org.br\/index.php?rest_route=%2Fwp%2Fv2%2Ftags&post=6865"}],"curies":[{"name":"wp","href":"https:\/\/api.w.org\/{rel}","templated":true}]}}