{"id":6857,"date":"2021-08-13T13:20:00","date_gmt":"2021-08-13T16:20:00","guid":{"rendered":"https:\/\/sincomavi.org.br\/?p=6857"},"modified":"2021-08-13T13:53:04","modified_gmt":"2021-08-13T16:53:04","slug":"2o-termo-de-aditamento-a-cct-2019-2020-2021-sindirod","status":"publish","type":"post","link":"https:\/\/sincomavi.org.br\/?p=6857","title":{"rendered":"2\u00ba Termo de Aditamento \u00e0 CCT 2019\/2020\/2021 &#8211; Sindirod"},"content":{"rendered":"<style>.wp-block-kadence-spacer.kt-block-spacer-_ec1214-38 .kt-block-spacer{height:60px;}.wp-block-kadence-spacer.kt-block-spacer-_ec1214-38 .kt-divider{border-top-width:1px;height:1px;border-top-color:#eee;width:80%;border-top-style:solid;}<\/style>\n<div class=\"wp-block-kadence-spacer aligncenter kt-block-spacer-_ec1214-38\"><div class=\"kt-block-spacer kt-block-spacer-halign-center\" style=\"height:60px\"><hr class=\"kt-divider\" style=\"border-top-color:#eee;border-top-width:1px;width:80%;border-top-style:solid\"\/><\/div><\/div>\n\n\n\n<h2 class=\"wp-block-heading\">(VIGENTE AT\u00c9 31\/08\/2021)<\/h2>\n\n\n\n<p>Conclu\u00eddas, por interm\u00e9dio de procura\u00e7\u00e3o outorgada \u00e0 Federa\u00e7\u00e3o do Com\u00e9rcio do Estado de S\u00e3o Paulo (FecomercioSP), as negocia\u00e7\u00f5es relativas ao per\u00edodo 2019-2020-2021, atrav\u00e9s da celebra\u00e7\u00e3o de Termo de Aditamento \u00e0 Conven\u00e7\u00e3o Coletiva.<\/p>\n\n\n\n<p>Abaixo, destacadas as principais condi\u00e7\u00f5es da norma coletiva:<\/p>\n\n\n\n<ul class=\"wp-block-list\"><li>Reajuste salarial<\/li><li>Abono pecuni\u00e1rio proporcional<\/li><li>Sal\u00e1rios de Admiss\u00e3o <\/li><li>Compensa\u00e7\u00e3o de Hor\u00e1rio de Trabalho (Banco de Horas)<\/li><li>Dia do Motorista (abono)<\/li><li>Trabalho aos domingos e feriados<\/li><li>Suspens\u00e3o e redu\u00e7\u00e3o proporcional de jornada e sal\u00e1rios<\/li><li>Ratifica\u00e7\u00e3o das condi\u00e7\u00f5es estabelecidas anteriormente<\/li><li>Vig\u00eancia at\u00e9 31 de agosto de 2021<\/li><\/ul>\n\n\n\n<p>Maiores informa\u00e7\u00f5es, e download do termo assinado, poder\u00e3o ser obtidas no seguinte link<\/p>\n\n\n<style>.wp-block-kadence-advancedbtn.kb-btns_903d1d-5f{gap:var(--global-kb-gap-xs, 0.5rem );justify-content:center;align-items:center;}.kt-btns_903d1d-5f .kt-button{font-weight:normal;font-style:normal;}.kt-btns_903d1d-5f .kt-btn-wrap-0{margin-right:5px;}.wp-block-kadence-advancedbtn.kt-btns_903d1d-5f .kt-btn-wrap-0 .kt-button{color:#555555;border-color:#555555;}.wp-block-kadence-advancedbtn.kt-btns_903d1d-5f .kt-btn-wrap-0 .kt-button:hover, .wp-block-kadence-advancedbtn.kt-btns_903d1d-5f .kt-btn-wrap-0 .kt-button:focus{color:#ffffff;border-color:#444444;}.wp-block-kadence-advancedbtn.kt-btns_903d1d-5f .kt-btn-wrap-0 .kt-button::before{display:none;}.wp-block-kadence-advancedbtn.kt-btns_903d1d-5f .kt-btn-wrap-0 .kt-button:hover, .wp-block-kadence-advancedbtn.kt-btns_903d1d-5f .kt-btn-wrap-0 .kt-button:focus{background:#444444;}<\/style>\n<div class=\"wp-block-kadence-advancedbtn kt-btn-align-center kt-btn-tablet-align-inherit kt-btn-mobile-align-inherit kt-btns-wrap kt-btns_903d1d-5f\"><div class=\"kt-btn-wrap kt-btn-wrap-0\"><a class=\"kt-button button kt-btn-0-action kt-btn-size-standard kt-btn-style-basic kt-btn-svg-show-always kt-btn-has-text-true kt-btn-has-svg-false\" download href=\"https:\/\/sincomavi.org.br\/wp-content\/uploads\/2021\/08\/2o-TA-CCT-Motoristas-Embu-guacu-Ferraz-de-Vasconcelos-Itapecerica-da-Serra-Itaquaquecetuba-Poa-e-Sao-Lourenco-da-Serra-2020_2021.pdf\" target=\"_blank\" rel=\"noreferrer noopener\"><span class=\"kt-btn-inner-text\">CLIQUE AQUI<\/span><\/a><\/div><\/div>\n\n\n<style>.wp-block-kadence-spacer.kt-block-spacer-_0275c9-47 .kt-block-spacer{height:60px;}.wp-block-kadence-spacer.kt-block-spacer-_0275c9-47 .kt-divider{border-top-width:1px;height:1px;border-top-color:#eee;width:80%;border-top-style:solid;}<\/style>\n<div class=\"wp-block-kadence-spacer aligncenter kt-block-spacer-_0275c9-47\"><div class=\"kt-block-spacer kt-block-spacer-halign-center\" style=\"height:60px\"><hr class=\"kt-divider\" style=\"border-top-color:#eee;border-top-width:1px;width:80%;border-top-style:solid\"\/><\/div><\/div>\n","protected":false},"excerpt":{"rendered":"<p>(VIGENTE AT\u00c9 31\/08\/2021) Conclu\u00eddas, por interm\u00e9dio de procura\u00e7\u00e3o outorgada \u00e0 Federa\u00e7\u00e3o do Com\u00e9rcio do Estado de S\u00e3o Paulo (FecomercioSP), as negocia\u00e7\u00f5es relativas ao per\u00edodo 2019-2020-2021, atrav\u00e9s da celebra\u00e7\u00e3o de Termo de Aditamento \u00e0 Conven\u00e7\u00e3o Coletiva. Abaixo, destacadas as principais condi\u00e7\u00f5es da norma coletiva: Reajuste salarial Abono pecuni\u00e1rio proporcional Sal\u00e1rios de Admiss\u00e3o Compensa\u00e7\u00e3o de Hor\u00e1rio de [&hellip;]<\/p>\n","protected":false},"author":1,"featured_media":6859,"comment_status":"closed","ping_status":"open","sticky":false,"template":"","format":"standard","meta":{"tdm_status":"","tdm_grid_status":"","footnotes":""},"categories":[157],"tags":[199,192,678,200],"class_list":["post-6857","post","type-post","status-publish","format-standard","has-post-thumbnail","hentry","category-alerta","tag-comercio","tag-convencao-coletiva-de-trabalho","tag-motoristas","tag-varejo"],"amp_enabled":true,"_links":{"self":[{"href":"https:\/\/sincomavi.org.br\/index.php?rest_route=\/wp\/v2\/posts\/6857","targetHints":{"allow":["GET"]}}],"collection":[{"href":"https:\/\/sincomavi.org.br\/index.php?rest_route=\/wp\/v2\/posts"}],"about":[{"href":"https:\/\/sincomavi.org.br\/index.php?rest_route=\/wp\/v2\/types\/post"}],"author":[{"embeddable":true,"href":"https:\/\/sincomavi.org.br\/index.php?rest_route=\/wp\/v2\/users\/1"}],"replies":[{"embeddable":true,"href":"https:\/\/sincomavi.org.br\/index.php?rest_route=%2Fwp%2Fv2%2Fcomments&post=6857"}],"version-history":[{"count":2,"href":"https:\/\/sincomavi.org.br\/index.php?rest_route=\/wp\/v2\/posts\/6857\/revisions"}],"predecessor-version":[{"id":6863,"href":"https:\/\/sincomavi.org.br\/index.php?rest_route=\/wp\/v2\/posts\/6857\/revisions\/6863"}],"wp:featuredmedia":[{"embeddable":true,"href":"https:\/\/sincomavi.org.br\/index.php?rest_route=\/wp\/v2\/media\/6859"}],"wp:attachment":[{"href":"https:\/\/sincomavi.org.br\/index.php?rest_route=%2Fwp%2Fv2%2Fmedia&parent=6857"}],"wp:term":[{"taxonomy":"category","embeddable":true,"href":"https:\/\/sincomavi.org.br\/index.php?rest_route=%2Fwp%2Fv2%2Fcategories&post=6857"},{"taxonomy":"post_tag","embeddable":true,"href":"https:\/\/sincomavi.org.br\/index.php?rest_route=%2Fwp%2Fv2%2Ftags&post=6857"}],"curies":[{"name":"wp","href":"https:\/\/api.w.org\/{rel}","templated":true}]}}