{"id":6839,"date":"2021-08-11T15:30:38","date_gmt":"2021-08-11T18:30:38","guid":{"rendered":"https:\/\/sincomavi.org.br\/?p=6839"},"modified":"2021-08-11T15:32:52","modified_gmt":"2021-08-11T18:32:52","slug":"estado-lanca-procon-sp-ambiental-e-cria-forca-tarefa-contra-venda-ilegal-de-madeira","status":"publish","type":"post","link":"https:\/\/sincomavi.org.br\/?p=6839","title":{"rendered":"Estado lan\u00e7a Procon-SP Ambiental e cria for\u00e7a-tarefa contra venda ilegal de madeira"},"content":{"rendered":"<style>.wp-block-kadence-spacer.kt-block-spacer-_2c5861-55 .kt-block-spacer{height:60px;}.wp-block-kadence-spacer.kt-block-spacer-_2c5861-55 .kt-divider{border-top-width:1px;height:1px;border-top-color:#eee;width:80%;border-top-style:solid;}<\/style>\n<div class=\"wp-block-kadence-spacer aligncenter kt-block-spacer-_2c5861-55\"><div class=\"kt-block-spacer kt-block-spacer-halign-center\" style=\"height:60px\"><hr class=\"kt-divider\" style=\"border-top-color:#eee;border-top-width:1px;width:80%;border-top-style:solid\"\/><\/div><\/div>\n\n\n\n<p>11\/08\/2021 | O Governo do Estado de S\u00e3o Paulo anunciou, em entrevista coletiva, o lan\u00e7amento do Procon-SP Ambiental para aumentar a fiscaliza\u00e7\u00e3o sobre opera\u00e7\u00f5es de compra e venda ilegal da madeira nativa no territ\u00f3rio paulista.<\/p>\n\n\n\n<p>A nova modalidade contar\u00e1 com for\u00e7a-tarefa composta por t\u00e9cnicos da Funda\u00e7\u00e3o Procon-SP, agentes da Pol\u00edcia Militar Ambiental e da Secretaria de Infraestrutura e Meio Ambiente (SIMA) para promover a\u00e7\u00f5es de vistoria em com\u00e9rcios de venda de corte de madeira (madeireiras) e verificar a proced\u00eancia da mat\u00e9ria-prima.<\/p>\n\n\n\n<p>O objetivo da a\u00e7\u00e3o, prevista para ser iniciada j\u00e1 em12 de agosto de 2021, \u00e9 promover a fiscaliza\u00e7\u00e3o em diversas esferas: regulat\u00f3ria, criminal e na defesa do consumidor. O cidad\u00e3o poder\u00e1 fazer den\u00fancias por meio de canal espec\u00edfico, j\u00e1 disponibilizado pelo Procon-SP no site <a href=\"https:\/\/www.procon.sp.gov.br\/denuncia-ambiental\/\"><strong>https:\/\/www.procon.sp.gov.br\/denuncia-ambiental\/<\/strong><\/a>.<\/p>\n\n\n\n<p>Em 2020, a Pol\u00edcia Militar Ambiental j\u00e1 tinha implantado um novo m\u00e9todo de fiscaliza\u00e7\u00e3o de madeira que inclui monitoramento, an\u00e1lise de dados, intelig\u00eancia policial e integra\u00e7\u00e3o entre ag\u00eancias. Apenas no primeiro semestre deste ano, os agentes apreenderam 31 mil m\u00b3 de materiais ilegais, o que corresponde a mais de seis mil ca\u00e7ambas.<\/p>\n\n\n\n<h2 class=\"wp-block-heading\">Res\u00edduos s\u00f3lidos<\/h2>\n\n\n\n<p>O Procon-SP Ambiental tamb\u00e9m vai atuar de forma educativa em a\u00e7\u00f5es relacionadas ao tratamento de res\u00edduos s\u00f3lidos, conforme a Lei 14.181\/2021, que prev\u00ea programas direcionados \u00e0 conscientiza\u00e7\u00e3o ambiental.<\/p>\n\n\n\n<p>Um deles ser\u00e1 a emiss\u00e3o de um selo de compromisso ambiental para premiar empresas dos setores de eletroeletr\u00f4nicos, eletrodom\u00e9sticos e aerossol que aderirem aos termos volunt\u00e1rios de compromisso para iniciativas, como expans\u00e3o de pontos de coleta de produtos, incentivos ambientais ao consumidor e planos de comunica\u00e7\u00e3o para divulga\u00e7\u00e3o de a\u00e7\u00f5es de conscientiza\u00e7\u00e3o ambiental.<\/p>\n\n\n\n<p><strong>Fonte: Portal do Governo do Estado de S\u00e3o Paulo<\/strong><\/p>\n\n\n<style>.wp-block-kadence-spacer.kt-block-spacer-_469db0-d1 .kt-block-spacer{height:60px;}.wp-block-kadence-spacer.kt-block-spacer-_469db0-d1 .kt-divider{border-top-width:1px;height:1px;border-top-color:#eee;width:80%;border-top-style:solid;}<\/style>\n<div class=\"wp-block-kadence-spacer aligncenter kt-block-spacer-_469db0-d1\"><div class=\"kt-block-spacer kt-block-spacer-halign-center\" style=\"height:60px\"><hr class=\"kt-divider\" style=\"border-top-color:#eee;border-top-width:1px;width:80%;border-top-style:solid\"\/><\/div><\/div>\n","protected":false},"excerpt":{"rendered":"<p>11\/08\/2021 | O Governo do Estado de S\u00e3o Paulo anunciou, em entrevista coletiva, o lan\u00e7amento do Procon-SP Ambiental para aumentar a fiscaliza\u00e7\u00e3o sobre opera\u00e7\u00f5es de compra e venda ilegal da madeira nativa no territ\u00f3rio paulista. A nova modalidade contar\u00e1 com for\u00e7a-tarefa composta por t\u00e9cnicos da Funda\u00e7\u00e3o Procon-SP, agentes da Pol\u00edcia Militar Ambiental e da Secretaria [&hellip;]<\/p>\n","protected":false},"author":1,"featured_media":6840,"comment_status":"closed","ping_status":"open","sticky":false,"template":"","format":"standard","meta":{"tdm_status":"","tdm_grid_status":"","footnotes":""},"categories":[157],"tags":[199,96,434,463,746,200],"class_list":["post-6839","post","type-post","status-publish","format-standard","has-post-thumbnail","hentry","category-alerta","tag-comercio","tag-fiscalizacao","tag-madeira","tag-multa","tag-procon-sp-ambiental","tag-varejo"],"amp_enabled":true,"_links":{"self":[{"href":"https:\/\/sincomavi.org.br\/index.php?rest_route=\/wp\/v2\/posts\/6839","targetHints":{"allow":["GET"]}}],"collection":[{"href":"https:\/\/sincomavi.org.br\/index.php?rest_route=\/wp\/v2\/posts"}],"about":[{"href":"https:\/\/sincomavi.org.br\/index.php?rest_route=\/wp\/v2\/types\/post"}],"author":[{"embeddable":true,"href":"https:\/\/sincomavi.org.br\/index.php?rest_route=\/wp\/v2\/users\/1"}],"replies":[{"embeddable":true,"href":"https:\/\/sincomavi.org.br\/index.php?rest_route=%2Fwp%2Fv2%2Fcomments&post=6839"}],"version-history":[{"count":1,"href":"https:\/\/sincomavi.org.br\/index.php?rest_route=\/wp\/v2\/posts\/6839\/revisions"}],"predecessor-version":[{"id":6841,"href":"https:\/\/sincomavi.org.br\/index.php?rest_route=\/wp\/v2\/posts\/6839\/revisions\/6841"}],"wp:featuredmedia":[{"embeddable":true,"href":"https:\/\/sincomavi.org.br\/index.php?rest_route=\/wp\/v2\/media\/6840"}],"wp:attachment":[{"href":"https:\/\/sincomavi.org.br\/index.php?rest_route=%2Fwp%2Fv2%2Fmedia&parent=6839"}],"wp:term":[{"taxonomy":"category","embeddable":true,"href":"https:\/\/sincomavi.org.br\/index.php?rest_route=%2Fwp%2Fv2%2Fcategories&post=6839"},{"taxonomy":"post_tag","embeddable":true,"href":"https:\/\/sincomavi.org.br\/index.php?rest_route=%2Fwp%2Fv2%2Ftags&post=6839"}],"curies":[{"name":"wp","href":"https:\/\/api.w.org\/{rel}","templated":true}]}}