{"id":6778,"date":"2021-07-28T16:29:10","date_gmt":"2021-07-28T19:29:10","guid":{"rendered":"https:\/\/sincomavi.org.br\/?p=6778"},"modified":"2021-07-28T16:29:11","modified_gmt":"2021-07-28T19:29:11","slug":"rodizio-de-veiculos-volta-segunda-feira-02-de-agosto-na-capital","status":"publish","type":"post","link":"https:\/\/sincomavi.org.br\/?p=6778","title":{"rendered":"Rod\u00edzio de ve\u00edculos volta segunda-feira, 02 de agosto, na capital"},"content":{"rendered":"<style>.wp-block-kadence-spacer.kt-block-spacer-_e36edf-94 .kt-block-spacer{height:60px;}.wp-block-kadence-spacer.kt-block-spacer-_e36edf-94 .kt-divider{border-top-width:1px;height:1px;border-top-color:#eee;width:80%;border-top-style:solid;}<\/style>\n<div class=\"wp-block-kadence-spacer aligncenter kt-block-spacer-_e36edf-94\"><div class=\"kt-block-spacer kt-block-spacer-halign-center\" style=\"height:60px\"><hr class=\"kt-divider\" style=\"border-top-color:#eee;border-top-width:1px;width:80%;border-top-style:solid\"\/><\/div><\/div>\n\n\n\n<p>A Prefeitura Municipal de S\u00e3o Paulo divulgou nota informando que a partir da pr\u00f3xima segunda-feira, 02 de agosto, ser\u00e1 retomado o rod\u00edzio tradicional de ve\u00edculos &#8211; Programa de Restri\u00e7\u00e3o ao Tr\u00e2nsito de Ve\u00edculos Automotores.<\/p>\n\n\n\n<p>As regras continuam sendo as mesmas: a restri\u00e7\u00e3o de circula\u00e7\u00e3o para ve\u00edculos \u00e9 valida das 7h \u00e0s 10h e das 17h \u00e0s 20h, de segunda a sexta-feira, conforme seguinte escala:<\/p>\n\n\n\n<ul class=\"wp-block-list\"><li>Segundas-feiras: placas com finais 1 e 2;<\/li><\/ul>\n\n\n\n<ul class=\"wp-block-list\"><li>Ter\u00e7as-feiras: placas com finais 3 e 4;<\/li><\/ul>\n\n\n\n<ul class=\"wp-block-list\"><li>Quartas-feiras: placas com finais 5 e 6;<\/li><\/ul>\n\n\n\n<ul class=\"wp-block-list\"><li>Quintas-feiras: placas com finais 7 e 8;<\/li><\/ul>\n\n\n\n<ul class=\"wp-block-list\"><li>Sextas-feiras: placas com finais 9 e 0.<\/li><\/ul>\n\n\n<style>.wp-block-kadence-spacer.kt-block-spacer-_e8cfec-c8 .kt-block-spacer{height:60px;}.wp-block-kadence-spacer.kt-block-spacer-_e8cfec-c8 .kt-divider{border-top-width:1px;height:1px;border-top-color:#eee;width:80%;border-top-style:solid;}<\/style>\n<div class=\"wp-block-kadence-spacer aligncenter kt-block-spacer-_e8cfec-c8\"><div class=\"kt-block-spacer kt-block-spacer-halign-center\" style=\"height:60px\"><hr class=\"kt-divider\" style=\"border-top-color:#eee;border-top-width:1px;width:80%;border-top-style:solid\"\/><\/div><\/div>\n","protected":false},"excerpt":{"rendered":"<p>A Prefeitura Municipal de S\u00e3o Paulo divulgou nota informando que a partir da pr\u00f3xima segunda-feira, 02 de agosto, ser\u00e1 retomado o rod\u00edzio tradicional de ve\u00edculos &#8211; Programa de Restri\u00e7\u00e3o ao Tr\u00e2nsito de Ve\u00edculos Automotores. As regras continuam sendo as mesmas: a restri\u00e7\u00e3o de circula\u00e7\u00e3o para ve\u00edculos \u00e9 valida das 7h \u00e0s 10h e das 17h [&hellip;]<\/p>\n","protected":false},"author":1,"featured_media":6779,"comment_status":"closed","ping_status":"open","sticky":false,"template":"","format":"standard","meta":{"tdm_status":"","tdm_grid_status":"","footnotes":""},"categories":[157],"tags":[538,463,353,219],"class_list":["post-6778","post","type-post","status-publish","format-standard","has-post-thumbnail","hentry","category-alerta","tag-capital","tag-multa","tag-rodizio","tag-sao-paulo"],"amp_enabled":true,"_links":{"self":[{"href":"https:\/\/sincomavi.org.br\/index.php?rest_route=\/wp\/v2\/posts\/6778","targetHints":{"allow":["GET"]}}],"collection":[{"href":"https:\/\/sincomavi.org.br\/index.php?rest_route=\/wp\/v2\/posts"}],"about":[{"href":"https:\/\/sincomavi.org.br\/index.php?rest_route=\/wp\/v2\/types\/post"}],"author":[{"embeddable":true,"href":"https:\/\/sincomavi.org.br\/index.php?rest_route=\/wp\/v2\/users\/1"}],"replies":[{"embeddable":true,"href":"https:\/\/sincomavi.org.br\/index.php?rest_route=%2Fwp%2Fv2%2Fcomments&post=6778"}],"version-history":[{"count":1,"href":"https:\/\/sincomavi.org.br\/index.php?rest_route=\/wp\/v2\/posts\/6778\/revisions"}],"predecessor-version":[{"id":6780,"href":"https:\/\/sincomavi.org.br\/index.php?rest_route=\/wp\/v2\/posts\/6778\/revisions\/6780"}],"wp:featuredmedia":[{"embeddable":true,"href":"https:\/\/sincomavi.org.br\/index.php?rest_route=\/wp\/v2\/media\/6779"}],"wp:attachment":[{"href":"https:\/\/sincomavi.org.br\/index.php?rest_route=%2Fwp%2Fv2%2Fmedia&parent=6778"}],"wp:term":[{"taxonomy":"category","embeddable":true,"href":"https:\/\/sincomavi.org.br\/index.php?rest_route=%2Fwp%2Fv2%2Fcategories&post=6778"},{"taxonomy":"post_tag","embeddable":true,"href":"https:\/\/sincomavi.org.br\/index.php?rest_route=%2Fwp%2Fv2%2Ftags&post=6778"}],"curies":[{"name":"wp","href":"https:\/\/api.w.org\/{rel}","templated":true}]}}