{"id":6772,"date":"2021-07-28T16:17:00","date_gmt":"2021-07-28T19:17:00","guid":{"rendered":"https:\/\/sincomavi.org.br\/?p=6772"},"modified":"2021-07-28T16:17:01","modified_gmt":"2021-07-28T19:17:01","slug":"plano-sp-reducao-nas-restricoes-ao-funcionamento-dos-comercios","status":"publish","type":"post","link":"https:\/\/sincomavi.org.br\/?p=6772","title":{"rendered":"Plano SP: redu\u00e7\u00e3o nas restri\u00e7\u00f5es ao funcionamento dos com\u00e9rcios"},"content":{"rendered":"<style>.wp-block-kadence-spacer.kt-block-spacer-_11059f-37 .kt-block-spacer{height:60px;}.wp-block-kadence-spacer.kt-block-spacer-_11059f-37 .kt-divider{border-top-width:1px;height:1px;border-top-color:#eee;width:80%;border-top-style:solid;}<\/style>\n<div class=\"wp-block-kadence-spacer aligncenter kt-block-spacer-_11059f-37\"><div class=\"kt-block-spacer kt-block-spacer-halign-center\" style=\"height:60px\"><hr class=\"kt-divider\" style=\"border-top-color:#eee;border-top-width:1px;width:80%;border-top-style:solid\"\/><\/div><\/div>\n\n\n\n<p>O Governo do Estado de S\u00e3o Paulo anunciou hoje, 28 de julho, altera\u00e7\u00f5es no Plano S\u00e3o Paulo, principalmente em rela\u00e7\u00e3o \u00e0 amplia\u00e7\u00e3o da capacidade presencial de p\u00fablico e hor\u00e1rio de funcionamento do com\u00e9rcio e de servi\u00e7os n\u00e3o essenciais. As mudan\u00e7as passam a valer a partir do pr\u00f3ximo domingo, dia 1\u00ba de agosto.<\/p>\n\n\n\n<p>Os estabelecimentos poder\u00e3o funcionar entre 6h e 0h, com ocupa\u00e7\u00e3o presencial de at\u00e9 80% da capacidade. No entanto, \u00e9 preciso ressaltar que o acesso de clientes \u00e0s lojas dever\u00e1 ser interrompido \u00e0s 23h, com atendimento permitido at\u00e9 a meia-noite. Essa regra ter\u00e1 validade entre os dias 01 e 16 de agosto.<\/p>\n\n\n\n<p>O uso obrigat\u00f3rio de m\u00e1scara em ambientes de acesso p\u00fablico, distanciamento m\u00ednimo de um metro e respeito a protocolos de higiene est\u00e3o mantidos e continua a recomenda\u00e7\u00e3o para o escalonamento de hor\u00e1rios para entrada e sa\u00edda de profissionais do com\u00e9rcio, servi\u00e7os e ind\u00fastrias.<\/p>\n\n\n\n<p>Vale lembrar que n\u00e3o haver\u00e1 mais toque de recolher durante as madrugadas.<\/p>\n\n\n\n<h3 class=\"wp-block-heading\">Previs\u00e3o de mais libera\u00e7\u00f5es<\/h3>\n\n\n\n<p>Se a conten\u00e7\u00e3o da pandemia e os reflexos da vacina\u00e7\u00e3o continuarem positivos, o Governo do Estado j\u00e1 planeja avan\u00e7ar da fase de transi\u00e7\u00e3o para a etapa de retomada segura a partir de 17 de agosto.<\/p>\n\n\n\n<p>A expectativa do governo \u00e9 eliminar todas as restri\u00e7\u00f5es de hor\u00e1rio, permitindo inclusive o atendimento presencial em 100% da capacidade dos estabelecimentos comerciais. As regras para m\u00e1scaras, distanciamento e protocolos de higiene dever\u00e3o permanecer.<\/p>\n\n\n\n<h3 class=\"wp-block-heading\">Regras estaduais e municipais<\/h3>\n\n\n\n<p>As regras acima s\u00e3o v\u00e1lidas para o estado, mas os prefeitos manter\u00e3o autonomia para determinar medidas mais rigorosas em suas cidades, de acordo com as circunst\u00e2ncias locais. Por essa raz\u00e3o o Departamento Jur\u00eddico do Sincomavi recomenda que as empresas acompanhem essas eventuais medidas.<\/p>\n\n\n\n<figure class=\"wp-block-image size-large\"><img loading=\"lazy\" decoding=\"async\" width=\"960\" height=\"540\" src=\"https:\/\/sincomavi.org.br\/wp-content\/uploads\/2021\/07\/TABELA1.jpg\" alt=\"\" class=\"wp-image-6773\" srcset=\"https:\/\/sincomavi.org.br\/wp-content\/uploads\/2021\/07\/TABELA1.jpg 960w, https:\/\/sincomavi.org.br\/wp-content\/uploads\/2021\/07\/TABELA1-300x169.jpg 300w, https:\/\/sincomavi.org.br\/wp-content\/uploads\/2021\/07\/TABELA1-768x432.jpg 768w, https:\/\/sincomavi.org.br\/wp-content\/uploads\/2021\/07\/TABELA1-747x420.jpg 747w, https:\/\/sincomavi.org.br\/wp-content\/uploads\/2021\/07\/TABELA1-640x360.jpg 640w, https:\/\/sincomavi.org.br\/wp-content\/uploads\/2021\/07\/TABELA1-681x383.jpg 681w\" sizes=\"auto, (max-width: 960px) 100vw, 960px\" \/><\/figure>\n\n\n\n<figure class=\"wp-block-image size-large\"><img loading=\"lazy\" decoding=\"async\" width=\"960\" height=\"540\" src=\"https:\/\/sincomavi.org.br\/wp-content\/uploads\/2021\/07\/TABELA2.jpg\" alt=\"\" class=\"wp-image-6774\" srcset=\"https:\/\/sincomavi.org.br\/wp-content\/uploads\/2021\/07\/TABELA2.jpg 960w, https:\/\/sincomavi.org.br\/wp-content\/uploads\/2021\/07\/TABELA2-300x169.jpg 300w, https:\/\/sincomavi.org.br\/wp-content\/uploads\/2021\/07\/TABELA2-768x432.jpg 768w, https:\/\/sincomavi.org.br\/wp-content\/uploads\/2021\/07\/TABELA2-747x420.jpg 747w, https:\/\/sincomavi.org.br\/wp-content\/uploads\/2021\/07\/TABELA2-640x360.jpg 640w, https:\/\/sincomavi.org.br\/wp-content\/uploads\/2021\/07\/TABELA2-681x383.jpg 681w\" sizes=\"auto, (max-width: 960px) 100vw, 960px\" \/><\/figure>\n\n\n<style>.wp-block-kadence-spacer.kt-block-spacer-_6fc4b3-34 .kt-block-spacer{height:60px;}.wp-block-kadence-spacer.kt-block-spacer-_6fc4b3-34 .kt-divider{border-top-width:1px;height:1px;border-top-color:#eee;width:80%;border-top-style:solid;}<\/style>\n<div class=\"wp-block-kadence-spacer aligncenter kt-block-spacer-_6fc4b3-34\"><div class=\"kt-block-spacer kt-block-spacer-halign-center\" style=\"height:60px\"><hr class=\"kt-divider\" style=\"border-top-color:#eee;border-top-width:1px;width:80%;border-top-style:solid\"\/><\/div><\/div>\n","protected":false},"excerpt":{"rendered":"<p>O Governo do Estado de S\u00e3o Paulo anunciou hoje, 28 de julho, altera\u00e7\u00f5es no Plano S\u00e3o Paulo, principalmente em rela\u00e7\u00e3o \u00e0 amplia\u00e7\u00e3o da capacidade presencial de p\u00fablico e hor\u00e1rio de funcionamento do com\u00e9rcio e de servi\u00e7os n\u00e3o essenciais. As mudan\u00e7as passam a valer a partir do pr\u00f3ximo domingo, dia 1\u00ba de agosto. Os estabelecimentos poder\u00e3o [&hellip;]<\/p>\n","protected":false},"author":1,"featured_media":6775,"comment_status":"closed","ping_status":"open","sticky":false,"template":"","format":"standard","meta":{"tdm_status":"","tdm_grid_status":"","footnotes":""},"categories":[157],"tags":[199,349,397,675,588,200],"class_list":["post-6772","post","type-post","status-publish","format-standard","has-post-thumbnail","hentry","category-alerta","tag-comercio","tag-coronavirus","tag-covid-19","tag-fase-emergencial","tag-plano-sao-paulo","tag-varejo"],"amp_enabled":true,"_links":{"self":[{"href":"https:\/\/sincomavi.org.br\/index.php?rest_route=\/wp\/v2\/posts\/6772","targetHints":{"allow":["GET"]}}],"collection":[{"href":"https:\/\/sincomavi.org.br\/index.php?rest_route=\/wp\/v2\/posts"}],"about":[{"href":"https:\/\/sincomavi.org.br\/index.php?rest_route=\/wp\/v2\/types\/post"}],"author":[{"embeddable":true,"href":"https:\/\/sincomavi.org.br\/index.php?rest_route=\/wp\/v2\/users\/1"}],"replies":[{"embeddable":true,"href":"https:\/\/sincomavi.org.br\/index.php?rest_route=%2Fwp%2Fv2%2Fcomments&post=6772"}],"version-history":[{"count":1,"href":"https:\/\/sincomavi.org.br\/index.php?rest_route=\/wp\/v2\/posts\/6772\/revisions"}],"predecessor-version":[{"id":6776,"href":"https:\/\/sincomavi.org.br\/index.php?rest_route=\/wp\/v2\/posts\/6772\/revisions\/6776"}],"wp:featuredmedia":[{"embeddable":true,"href":"https:\/\/sincomavi.org.br\/index.php?rest_route=\/wp\/v2\/media\/6775"}],"wp:attachment":[{"href":"https:\/\/sincomavi.org.br\/index.php?rest_route=%2Fwp%2Fv2%2Fmedia&parent=6772"}],"wp:term":[{"taxonomy":"category","embeddable":true,"href":"https:\/\/sincomavi.org.br\/index.php?rest_route=%2Fwp%2Fv2%2Fcategories&post=6772"},{"taxonomy":"post_tag","embeddable":true,"href":"https:\/\/sincomavi.org.br\/index.php?rest_route=%2Fwp%2Fv2%2Ftags&post=6772"}],"curies":[{"name":"wp","href":"https:\/\/api.w.org\/{rel}","templated":true}]}}