{"id":6765,"date":"2021-07-28T10:50:04","date_gmt":"2021-07-28T13:50:04","guid":{"rendered":"https:\/\/sincomavi.org.br\/?p=6765"},"modified":"2021-07-28T11:04:27","modified_gmt":"2021-07-28T14:04:27","slug":"dados-fgv-mercado-do-construcao","status":"publish","type":"post","link":"https:\/\/sincomavi.org.br\/?p=6765","title":{"rendered":"Dados FGV: mercado da constru\u00e7\u00e3o"},"content":{"rendered":"<style>.wp-block-kadence-spacer.kt-block-spacer-_7a2ef5-e6 .kt-block-spacer{height:60px;}.wp-block-kadence-spacer.kt-block-spacer-_7a2ef5-e6 .kt-divider{border-top-width:1px;height:1px;border-top-color:#eee;width:80%;border-top-style:solid;}<\/style>\n<div class=\"wp-block-kadence-spacer aligncenter kt-block-spacer-_7a2ef5-e6\"><div class=\"kt-block-spacer kt-block-spacer-halign-center\" style=\"height:60px\"><hr class=\"kt-divider\" style=\"border-top-color:#eee;border-top-width:1px;width:80%;border-top-style:solid\"\/><\/div><\/div>\n\n\n\n<p>A Funda\u00e7\u00e3o Get\u00falio Vargas (FGV IBRE) divulgou ontem, 27 de julho, uma varia\u00e7\u00e3o positiva no \u00cdndice Nacional de Custo da Constru\u00e7\u00e3o (INCC-M) de 1,24% em julho. Apesar do resultado ser inferior ao m\u00eas anterior, que registrou 2,3%, o indicador j\u00e1 acumula alta de 10,75% no ano e de 17,35% em 12 meses. O grupo Materiais e Equipamentos, que comp\u00f5e o INCC-M, teve eleva\u00e7\u00e3o de 1,52% no per\u00edodo analisado.<\/p>\n\n\n\n<p>As categorias que sofreram os maiores reajustes, segundo os dados coletados pela FGV, s\u00e3o as seguintes: madeira para acabamento (2,35%), material \u00e0 base de de minerais n\u00e3o met\u00e1licos (2,09%), material de madeira (1,95%) e revestimentos, pisos e lou\u00e7as (1,56%). As influ\u00eancias mais expressivas entre os produtos foram argamassa (3,88%), tubos e conex\u00f5es de ferro e a\u00e7o (3,46%) e elevadores (2,42%). Por outro lado, houve um recuo acentuado nos pre\u00e7os dos condutores el\u00e9tricos: &#8211; 4,01%.<\/p>\n\n\n\n<h3 class=\"wp-block-heading\">Confian\u00e7a<\/h3>\n\n\n\n<p>J\u00e1 o \u00cdndice de Confian\u00e7a da Constru\u00e7\u00e3o (ICST) contou com um avan\u00e7o de 3,3 pontos, passando de 96,3 pontos, registrados em junho, para 95,7 pontos, em julho. Esse \u00e9 o maior n\u00edvel alcan\u00e7ado desde mar\u00e7o de 2014 (96,3 pontos). Para Ana Maria Castelo, coordenadora de Projetos da Constru\u00e7\u00e3o do FGV IBRE, a sondagem de julho aponta para o crescimento da atividade e uma percep\u00e7\u00e3o bastante favor\u00e1vel em rela\u00e7\u00e3o \u00e0 evolu\u00e7\u00e3o da demanda nos pr\u00f3ximos meses. \u201cOu seja, volta a prevalecer um cen\u00e1rio levemente otimista. Se no segundo semestre de 2020, a alta dos custos contribuiu para derrubar a confian\u00e7a, em 2021, esse efeito foi atenuado\u201d, explica. E prossegue: \u201cN\u00e3o porque tenha ocorrido queda ou redu\u00e7\u00e3o no ritmo dos aumentos &#8211; o quesito custo da mat\u00e9ria-prima assumiu pelo segundo m\u00eas a primeira posi\u00e7\u00e3o entre os fatores limitativos \u00e0 melhoria dos neg\u00f3cios\u201d. Em sua opini\u00e3o, o que ocorre \u00e9 que o percentual de assinala\u00e7\u00f5es que apontam o aumento dos pre\u00e7os praticados pelas empresas tamb\u00e9m alcan\u00e7ou um recorde hist\u00f3rico, sugerindo que, apesar dos desarranjos que os aumentos dos custos t\u00eam causado, as empresas esperam que esse aumentos sejam absorvidos em grande parte pela demanda final.<\/p>\n\n\n<style>.wp-block-kadence-spacer.kt-block-spacer-_044460-f0 .kt-block-spacer{height:60px;}.wp-block-kadence-spacer.kt-block-spacer-_044460-f0 .kt-divider{border-top-width:1px;height:1px;border-top-color:#eee;width:80%;border-top-style:solid;}<\/style>\n<div class=\"wp-block-kadence-spacer aligncenter kt-block-spacer-_044460-f0\"><div class=\"kt-block-spacer kt-block-spacer-halign-center\" style=\"height:60px\"><hr class=\"kt-divider\" style=\"border-top-color:#eee;border-top-width:1px;width:80%;border-top-style:solid\"\/><\/div><\/div>\n","protected":false},"excerpt":{"rendered":"<p>A Funda\u00e7\u00e3o Get\u00falio Vargas (FGV IBRE) divulgou ontem, 27 de julho, uma varia\u00e7\u00e3o positiva no \u00cdndice Nacional de Custo da Constru\u00e7\u00e3o (INCC-M) de 1,24% em julho. Apesar do resultado ser inferior ao m\u00eas anterior, que registrou 2,3%, o indicador j\u00e1 acumula alta de 10,75% no ano e de 17,35% em 12 meses. O grupo Materiais [&hellip;]<\/p>\n","protected":false},"author":1,"featured_media":6766,"comment_status":"closed","ping_status":"open","sticky":false,"template":"","format":"standard","meta":{"tdm_status":"","tdm_grid_status":"","footnotes":""},"categories":[153],"tags":[204,618,309,619,331,158,564],"class_list":["post-6765","post","type-post","status-publish","format-standard","has-post-thumbnail","hentry","category-noticias","tag-confianca","tag-construcao-civil","tag-fgv","tag-incc-m","tag-inflacao","tag-material-de-construcao","tag-otimismo"],"amp_enabled":true,"_links":{"self":[{"href":"https:\/\/sincomavi.org.br\/index.php?rest_route=\/wp\/v2\/posts\/6765","targetHints":{"allow":["GET"]}}],"collection":[{"href":"https:\/\/sincomavi.org.br\/index.php?rest_route=\/wp\/v2\/posts"}],"about":[{"href":"https:\/\/sincomavi.org.br\/index.php?rest_route=\/wp\/v2\/types\/post"}],"author":[{"embeddable":true,"href":"https:\/\/sincomavi.org.br\/index.php?rest_route=\/wp\/v2\/users\/1"}],"replies":[{"embeddable":true,"href":"https:\/\/sincomavi.org.br\/index.php?rest_route=%2Fwp%2Fv2%2Fcomments&post=6765"}],"version-history":[{"count":5,"href":"https:\/\/sincomavi.org.br\/index.php?rest_route=\/wp\/v2\/posts\/6765\/revisions"}],"predecessor-version":[{"id":6771,"href":"https:\/\/sincomavi.org.br\/index.php?rest_route=\/wp\/v2\/posts\/6765\/revisions\/6771"}],"wp:featuredmedia":[{"embeddable":true,"href":"https:\/\/sincomavi.org.br\/index.php?rest_route=\/wp\/v2\/media\/6766"}],"wp:attachment":[{"href":"https:\/\/sincomavi.org.br\/index.php?rest_route=%2Fwp%2Fv2%2Fmedia&parent=6765"}],"wp:term":[{"taxonomy":"category","embeddable":true,"href":"https:\/\/sincomavi.org.br\/index.php?rest_route=%2Fwp%2Fv2%2Fcategories&post=6765"},{"taxonomy":"post_tag","embeddable":true,"href":"https:\/\/sincomavi.org.br\/index.php?rest_route=%2Fwp%2Fv2%2Ftags&post=6765"}],"curies":[{"name":"wp","href":"https:\/\/api.w.org\/{rel}","templated":true}]}}