{"id":6697,"date":"2021-07-21T14:41:59","date_gmt":"2021-07-21T17:41:59","guid":{"rendered":"https:\/\/sincomavi.org.br\/?p=6697"},"modified":"2021-07-21T14:52:56","modified_gmt":"2021-07-21T17:52:56","slug":"sindicato-das-secretarias-e-secretarios-termo-aditivo-2020-2021","status":"publish","type":"post","link":"https:\/\/sincomavi.org.br\/?p=6697","title":{"rendered":"Sindicato das Secret\u00e1rias e Secret\u00e1rios | Termo Aditivo 2020-2021"},"content":{"rendered":"<style>.wp-block-kadence-spacer.kt-block-spacer-_374192-a5 .kt-block-spacer{height:60px;}.wp-block-kadence-spacer.kt-block-spacer-_374192-a5 .kt-divider{border-top-width:1px;height:1px;border-top-color:#eee;width:80%;border-top-style:solid;}<\/style>\n<div class=\"wp-block-kadence-spacer aligncenter kt-block-spacer-_374192-a5\"><div class=\"kt-block-spacer kt-block-spacer-halign-center\" style=\"height:60px\"><hr class=\"kt-divider\" style=\"border-top-color:#eee;border-top-width:1px;width:80%;border-top-style:solid\"\/><\/div><\/div>\n\n\n\n<p>Conclu\u00eddas, por meio da Federa\u00e7\u00e3o do Com\u00e9rcio, Servi\u00e7os e Turismo do Estado de S\u00e3o Paulo (FecomercioSP), as negocia\u00e7\u00f5es com o Sindicato das Secret\u00e1rias e Secret\u00e1rios do Estado de S\u00e3o Paulo &#8211; SINSESP &#8211; relativas ao per\u00edodo 2020-2021. Dentre as medidas adotadas destacam-se as seguintes:<\/p>\n\n\n\n<ul class=\"wp-block-list\"><li><strong>Reajuste salarial com teto<\/strong><\/li><\/ul>\n\n\n\n<p>Os sal\u00e1rios vigentes em 01.05.19 ser\u00e3o reajustados a partir de 01.05.21, da seguinte forma:<\/p>\n\n\n\n<p>I &#8211; At\u00e9 o limite de R$ 9.000,00 mediante a aplica\u00e7\u00e3o do percentual de 2,94%.<\/p>\n\n\n\n<p>II &#8211; Acima de R$ 9.000,00 (nove mil reais) mediante livre negocia\u00e7\u00e3o, garantida a parcela fixa m\u00ednima de R$ 265,00, observada a tabela proporcional.<\/p>\n\n\n\n<p>Obs. Tanto o reajuste quanto a parcela fixa s\u00e3o proporcionais \u00e0 data de admiss\u00e3o do empregado, conforme tabela.<\/p>\n\n\n\n<ul class=\"wp-block-list\"><li><strong>Sal\u00e1rios normativos<\/strong><\/li><\/ul>\n\n\n\n<p>a) n\u00edvel universit\u00e1rio &#8211; R$ 2.131,96 a partir de 01.05.21 e b) n\u00edvel m\u00e9dio &#8211; R$ 1.522,34 a partir de 01.05.21.<\/p>\n\n\n\n<ul class=\"wp-block-list\"><li><strong>Anota\u00e7\u00f5es na CTPS<\/strong><\/li><\/ul>\n\n\n\n<p>O empregado admitido ter\u00e1 sua Carteira de Trabalho anotada pela empresa no prazo m\u00e1ximo de 5 dias a contar da admiss\u00e3o e os respectivos documentos devolvidos em at\u00e9 48 horas a contar das anota\u00e7\u00f5es.<\/p>\n\n\n\n<ul class=\"wp-block-list\"><li><strong>Suspens\u00e3o e redu\u00e7\u00e3o proporcional de jornada e sal\u00e1rios<\/strong><\/li><\/ul>\n\n\n\n<p>Fica autorizada a suspens\u00e3o dos contratos de trabalho, bem como a redu\u00e7\u00e3o proporcional de jornada e de sal\u00e1rios, preservado o valor do sal\u00e1rio-hora, respeitados os demais termos da MP n\u00ba 1.045\/2021. Tais medidas dever\u00e3o ser implementadas por meio de acordo individual, inclusive para os sal\u00e1rios acima de R$ 3.300,00 e abaixo de R$ 12.867,14, mantida a obrigatoriedade de comunica\u00e7\u00e3o ao sindicato laboral com c\u00f3pia do respectivo acordo, atrav\u00e9s do e-mail sinsesp@sinsesp.com.br, no prazo m\u00e1ximo de at\u00e9 10 dias contados de sua formaliza\u00e7\u00e3o.<\/p>\n\n\n\n<ul class=\"wp-block-list\"><li><strong>Vig\u00eancia<\/strong><\/li><\/ul>\n\n\n\n<p>As condi\u00e7\u00f5es constantes do aditivo celebrado s\u00e3o complementares \u00e0 CCT celebrada em 06.05.20. As condi\u00e7\u00f5es econ\u00f4micas para o per\u00edodo compreendido entre 01.05.21 at\u00e9 30.04.22 ser\u00e3o estabelecidas em nova conven\u00e7\u00e3o coletiva que vier a ser celebrada. As demais condi\u00e7\u00f5es, n\u00e3o alteradas pelo aditamento, permanecem vigentes at\u00e9 a celebra\u00e7\u00e3o de nova conven\u00e7\u00e3o coletiva.<\/p>\n\n\n\n<p>Ficam ratificadas as demais condi\u00e7\u00f5es estabelecidas na Conven\u00e7\u00e3o Coletiva assinada em 31.10.2019, bem como nos aditivos celebrados em 20 de mar\u00e7o; 14 de abril e 31 de agosto de 2020, n\u00e3o conflitantes com aquelas estabelecidas no aditivo ora assinado.<\/p>\n\n\n\n<p>A \u00edntegra do termo assinado pode ser obtida no link abaixo:<\/p>\n\n\n<style>.wp-block-kadence-advancedbtn.kb-btns_96e433-db{gap:var(--global-kb-gap-xs, 0.5rem );justify-content:center;align-items:center;}.kt-btns_96e433-db .kt-button{font-weight:normal;font-style:normal;}.kt-btns_96e433-db .kt-btn-wrap-0{margin-right:5px;}.wp-block-kadence-advancedbtn.kt-btns_96e433-db .kt-btn-wrap-0 .kt-button{color:#555555;border-color:#555555;}.wp-block-kadence-advancedbtn.kt-btns_96e433-db .kt-btn-wrap-0 .kt-button:hover, .wp-block-kadence-advancedbtn.kt-btns_96e433-db .kt-btn-wrap-0 .kt-button:focus{color:#ffffff;border-color:#444444;}.wp-block-kadence-advancedbtn.kt-btns_96e433-db .kt-btn-wrap-0 .kt-button::before{display:none;}.wp-block-kadence-advancedbtn.kt-btns_96e433-db .kt-btn-wrap-0 .kt-button:hover, .wp-block-kadence-advancedbtn.kt-btns_96e433-db .kt-btn-wrap-0 .kt-button:focus{background:#444444;}<\/style>\n<div class=\"wp-block-kadence-advancedbtn kt-btn-align-center kt-btn-tablet-align-inherit kt-btn-mobile-align-inherit kt-btns-wrap kt-btns_96e433-db\"><div class=\"kt-btn-wrap kt-btn-wrap-0\"><a class=\"kt-button button kt-btn-0-action kt-btn-size-standard kt-btn-style-basic kt-btn-svg-show-always kt-btn-has-text-true kt-btn-has-svg-false\" href=\"https:\/\/sincomavi.org.br\/wp-content\/uploads\/2021\/07\/TERMO-DE-ADITAMENTO-SECRETARIAS-2020-2021-EXCERTOo2.pdf\" target=\"_blank\" rel=\"noreferrer noopener\"><span class=\"kt-btn-inner-text\">CLIQUE AQUI<\/span><\/a><\/div><\/div>\n\n\n<style>.wp-block-kadence-spacer.kt-block-spacer-_827a3d-fc .kt-block-spacer{height:60px;}.wp-block-kadence-spacer.kt-block-spacer-_827a3d-fc .kt-divider{border-top-width:1px;height:1px;border-top-color:#eee;width:80%;border-top-style:solid;}<\/style>\n<div class=\"wp-block-kadence-spacer aligncenter kt-block-spacer-_827a3d-fc\"><div class=\"kt-block-spacer kt-block-spacer-halign-center\" style=\"height:60px\"><hr class=\"kt-divider\" style=\"border-top-color:#eee;border-top-width:1px;width:80%;border-top-style:solid\"\/><\/div><\/div>\n","protected":false},"excerpt":{"rendered":"<p>Conclu\u00eddas, por meio da Federa\u00e7\u00e3o do Com\u00e9rcio, Servi\u00e7os e Turismo do Estado de S\u00e3o Paulo (FecomercioSP), as negocia\u00e7\u00f5es com o Sindicato das Secret\u00e1rias e Secret\u00e1rios do Estado de S\u00e3o Paulo &#8211; SINSESP &#8211; relativas ao per\u00edodo 2020-2021. Dentre as medidas adotadas destacam-se as seguintes: Reajuste salarial com teto Os sal\u00e1rios vigentes em 01.05.19 ser\u00e3o reajustados [&hellip;]<\/p>\n","protected":false},"author":1,"featured_media":6698,"comment_status":"closed","ping_status":"open","sticky":false,"template":"","format":"standard","meta":{"tdm_status":"","tdm_grid_status":"","footnotes":""},"categories":[157],"tags":[116,317,395],"class_list":["post-6697","post","type-post","status-publish","format-standard","has-post-thumbnail","hentry","category-alerta","tag-cct","tag-secretarias-do-estado-de-sao-paulo","tag-termo-de-aditamento"],"amp_enabled":true,"_links":{"self":[{"href":"https:\/\/sincomavi.org.br\/index.php?rest_route=\/wp\/v2\/posts\/6697","targetHints":{"allow":["GET"]}}],"collection":[{"href":"https:\/\/sincomavi.org.br\/index.php?rest_route=\/wp\/v2\/posts"}],"about":[{"href":"https:\/\/sincomavi.org.br\/index.php?rest_route=\/wp\/v2\/types\/post"}],"author":[{"embeddable":true,"href":"https:\/\/sincomavi.org.br\/index.php?rest_route=\/wp\/v2\/users\/1"}],"replies":[{"embeddable":true,"href":"https:\/\/sincomavi.org.br\/index.php?rest_route=%2Fwp%2Fv2%2Fcomments&post=6697"}],"version-history":[{"count":2,"href":"https:\/\/sincomavi.org.br\/index.php?rest_route=\/wp\/v2\/posts\/6697\/revisions"}],"predecessor-version":[{"id":6705,"href":"https:\/\/sincomavi.org.br\/index.php?rest_route=\/wp\/v2\/posts\/6697\/revisions\/6705"}],"wp:featuredmedia":[{"embeddable":true,"href":"https:\/\/sincomavi.org.br\/index.php?rest_route=\/wp\/v2\/media\/6698"}],"wp:attachment":[{"href":"https:\/\/sincomavi.org.br\/index.php?rest_route=%2Fwp%2Fv2%2Fmedia&parent=6697"}],"wp:term":[{"taxonomy":"category","embeddable":true,"href":"https:\/\/sincomavi.org.br\/index.php?rest_route=%2Fwp%2Fv2%2Fcategories&post=6697"},{"taxonomy":"post_tag","embeddable":true,"href":"https:\/\/sincomavi.org.br\/index.php?rest_route=%2Fwp%2Fv2%2Ftags&post=6697"}],"curies":[{"name":"wp","href":"https:\/\/api.w.org\/{rel}","templated":true}]}}