{"id":6693,"date":"2021-07-21T14:30:36","date_gmt":"2021-07-21T17:30:36","guid":{"rendered":"https:\/\/sincomavi.org.br\/?p=6693"},"modified":"2021-07-21T14:30:38","modified_gmt":"2021-07-21T17:30:38","slug":"termo-de-aditamento-a-cct-vendedores-viajantes","status":"publish","type":"post","link":"https:\/\/sincomavi.org.br\/?p=6693","title":{"rendered":"Termo de Aditamento \u00e0 CCT &#8211; Vendedores Viajantes"},"content":{"rendered":"<style>.wp-block-kadence-spacer.kt-block-spacer-_daa755-a7 .kt-block-spacer{height:60px;}.wp-block-kadence-spacer.kt-block-spacer-_daa755-a7 .kt-divider{border-top-width:1px;height:1px;border-top-color:#eee;width:80%;border-top-style:solid;}<\/style>\n<div class=\"wp-block-kadence-spacer aligncenter kt-block-spacer-_daa755-a7\"><div class=\"kt-block-spacer kt-block-spacer-halign-center\" style=\"height:60px\"><hr class=\"kt-divider\" style=\"border-top-color:#eee;border-top-width:1px;width:80%;border-top-style:solid\"\/><\/div><\/div>\n\n\n\n<p>Assinado o Termo de Aditamento \u00e0 CCT (vigente no per\u00edodo 2020-2021) com o Sindicato dos Empregados Vendedores e Viajantes do Com\u00e9rcio no Estado de S\u00e3o Paulo, por interm\u00e9dio da Fecom\u00e9rcio-SP.<\/p>\n\n\n\n<p>Do termo constam medidas sobre:<\/p>\n\n\n\n<ul class=\"wp-block-list\"><li>Reajuste salarial<\/li><li>Empregados admitidos ap\u00f3s a data-base<\/li><li>Incid\u00eancia do reajuste salarial<\/li><li>Compensa\u00e7\u00f5es salariais<\/li><li>Sal\u00e1rio normativo<\/li><li>Suspens\u00e3o e redu\u00e7\u00e3o proporcional de jornada e sal\u00e1rios<\/li><li>Abrang\u00eancia<\/li><li>Ratifica\u00e7\u00e3o das condi\u00e7\u00f5es estabelecidas na CCT anterior<\/li><li>Vig\u00eancia<\/li><\/ul>\n\n\n\n<p>\u00c0s empresas e contabilistas respons\u00e1veis por empresas que empreguem os profissionais dessa categoria diferenciada, o departamento Jur\u00eddico do Sincomavi aconselha o estudo cuidadoso do documento que pode ser consultado e baixado do seguinte link:<\/p>\n\n\n<style>.wp-block-kadence-advancedbtn.kb-btns_d62043-52{gap:var(--global-kb-gap-xs, 0.5rem );justify-content:center;align-items:center;}.kt-btns_d62043-52 .kt-button{font-weight:normal;font-style:normal;}.kt-btns_d62043-52 .kt-btn-wrap-0{margin-right:5px;}.wp-block-kadence-advancedbtn.kt-btns_d62043-52 .kt-btn-wrap-0 .kt-button{color:#555555;border-color:#555555;}.wp-block-kadence-advancedbtn.kt-btns_d62043-52 .kt-btn-wrap-0 .kt-button:hover, .wp-block-kadence-advancedbtn.kt-btns_d62043-52 .kt-btn-wrap-0 .kt-button:focus{color:#ffffff;border-color:#444444;}.wp-block-kadence-advancedbtn.kt-btns_d62043-52 .kt-btn-wrap-0 .kt-button::before{display:none;}.wp-block-kadence-advancedbtn.kt-btns_d62043-52 .kt-btn-wrap-0 .kt-button:hover, .wp-block-kadence-advancedbtn.kt-btns_d62043-52 .kt-btn-wrap-0 .kt-button:focus{background:#444444;}<\/style>\n<div class=\"wp-block-kadence-advancedbtn kt-btn-align-center kt-btn-tablet-align-inherit kt-btn-mobile-align-inherit kt-btns-wrap kt-btns_d62043-52\"><div class=\"kt-btn-wrap kt-btn-wrap-0\"><a class=\"kt-button button kt-btn-0-action kt-btn-size-standard kt-btn-style-basic kt-btn-svg-show-always kt-btn-has-text-true kt-btn-has-svg-false\" href=\"https:\/\/sincomavi.org.br\/wp-content\/uploads\/2021\/07\/TERMO-DE-ADITAMENTO-VENDEDORES-E-VIAJANTES-2020-2021-EXCERTOo2.pdf\" target=\"_blank\" rel=\"noreferrer noopener\"><span class=\"kt-btn-inner-text\">CLIQUE AQUI<\/span><\/a><\/div><\/div>\n\n\n<style>.wp-block-kadence-spacer.kt-block-spacer-_1072cf-72 .kt-block-spacer{height:60px;}.wp-block-kadence-spacer.kt-block-spacer-_1072cf-72 .kt-divider{border-top-width:1px;height:1px;border-top-color:#eee;width:80%;border-top-style:solid;}<\/style>\n<div class=\"wp-block-kadence-spacer aligncenter kt-block-spacer-_1072cf-72\"><div class=\"kt-block-spacer kt-block-spacer-halign-center\" style=\"height:60px\"><hr class=\"kt-divider\" style=\"border-top-color:#eee;border-top-width:1px;width:80%;border-top-style:solid\"\/><\/div><\/div>\n","protected":false},"excerpt":{"rendered":"<p>Assinado o Termo de Aditamento \u00e0 CCT (vigente no per\u00edodo 2020-2021) com o Sindicato dos Empregados Vendedores e Viajantes do Com\u00e9rcio no Estado de S\u00e3o Paulo, por interm\u00e9dio da Fecom\u00e9rcio-SP. Do termo constam medidas sobre: Reajuste salarial Empregados admitidos ap\u00f3s a data-base Incid\u00eancia do reajuste salarial Compensa\u00e7\u00f5es salariais Sal\u00e1rio normativo Suspens\u00e3o e redu\u00e7\u00e3o proporcional de [&hellip;]<\/p>\n","protected":false},"author":1,"featured_media":6694,"comment_status":"closed","ping_status":"open","sticky":false,"template":"","format":"standard","meta":{"tdm_status":"","tdm_grid_status":"","footnotes":""},"categories":[157],"tags":[116,395,321],"class_list":["post-6693","post","type-post","status-publish","format-standard","has-post-thumbnail","hentry","category-alerta","tag-cct","tag-termo-de-aditamento","tag-vendedores-viajantes"],"amp_enabled":true,"_links":{"self":[{"href":"https:\/\/sincomavi.org.br\/index.php?rest_route=\/wp\/v2\/posts\/6693","targetHints":{"allow":["GET"]}}],"collection":[{"href":"https:\/\/sincomavi.org.br\/index.php?rest_route=\/wp\/v2\/posts"}],"about":[{"href":"https:\/\/sincomavi.org.br\/index.php?rest_route=\/wp\/v2\/types\/post"}],"author":[{"embeddable":true,"href":"https:\/\/sincomavi.org.br\/index.php?rest_route=\/wp\/v2\/users\/1"}],"replies":[{"embeddable":true,"href":"https:\/\/sincomavi.org.br\/index.php?rest_route=%2Fwp%2Fv2%2Fcomments&post=6693"}],"version-history":[{"count":1,"href":"https:\/\/sincomavi.org.br\/index.php?rest_route=\/wp\/v2\/posts\/6693\/revisions"}],"predecessor-version":[{"id":6695,"href":"https:\/\/sincomavi.org.br\/index.php?rest_route=\/wp\/v2\/posts\/6693\/revisions\/6695"}],"wp:featuredmedia":[{"embeddable":true,"href":"https:\/\/sincomavi.org.br\/index.php?rest_route=\/wp\/v2\/media\/6694"}],"wp:attachment":[{"href":"https:\/\/sincomavi.org.br\/index.php?rest_route=%2Fwp%2Fv2%2Fmedia&parent=6693"}],"wp:term":[{"taxonomy":"category","embeddable":true,"href":"https:\/\/sincomavi.org.br\/index.php?rest_route=%2Fwp%2Fv2%2Fcategories&post=6693"},{"taxonomy":"post_tag","embeddable":true,"href":"https:\/\/sincomavi.org.br\/index.php?rest_route=%2Fwp%2Fv2%2Ftags&post=6693"}],"curies":[{"name":"wp","href":"https:\/\/api.w.org\/{rel}","templated":true}]}}