{"id":6687,"date":"2021-07-21T14:16:16","date_gmt":"2021-07-21T17:16:16","guid":{"rendered":"https:\/\/sincomavi.org.br\/?p=6687"},"modified":"2021-07-21T14:16:17","modified_gmt":"2021-07-21T17:16:17","slug":"termo-aditivo-a-cct-sindicato-dos-tecnicos-da-seguranca-do-trabalho","status":"publish","type":"post","link":"https:\/\/sincomavi.org.br\/?p=6687","title":{"rendered":"Termo Aditivo \u00e0 CCT Sindicato dos T\u00e9cnicos da Seguran\u00e7a do Trabalho"},"content":{"rendered":"<style>.wp-block-kadence-spacer.kt-block-spacer-_7313b3-b7 .kt-block-spacer{height:60px;}.wp-block-kadence-spacer.kt-block-spacer-_7313b3-b7 .kt-divider{border-top-width:1px;height:1px;border-top-color:#eee;width:80%;border-top-style:solid;}<\/style>\n<div class=\"wp-block-kadence-spacer aligncenter kt-block-spacer-_7313b3-b7\"><div class=\"kt-block-spacer kt-block-spacer-halign-center\" style=\"height:60px\"><hr class=\"kt-divider\" style=\"border-top-color:#eee;border-top-width:1px;width:80%;border-top-style:solid\"\/><\/div><\/div>\n\n\n\n<p>Conclu\u00eddas, por meio de procura\u00e7\u00e3o outorgada \u00e0 Federa\u00e7\u00e3o do Com\u00e9rcio do Estado de S\u00e3o Paulo, as negocia\u00e7\u00f5es com o Sindicato dos T\u00e9cnicos da Seguran\u00e7a do Trabalho no Estado de S\u00e3o Paulo \u2013 SINTESP &#8211; relativas ao per\u00edodo 2020-2021, com data-base em 1\u00ba de maio, atrav\u00e9s da celebra\u00e7\u00e3o de Termo de Aditamento \u00e0 Conven\u00e7\u00e3o Coletiva v\u00e1lida para o per\u00edodo 2020-2021.<\/p>\n\n\n\n<p>Abaixo as principais condi\u00e7\u00f5es do aditamento:<\/p>\n\n\n\n<ul class=\"wp-block-list\"><li>Reajuste salarial<\/li><\/ul>\n\n\n\n<ul class=\"wp-block-list\"><li>Empregados admitidos ap\u00f3s a data-base<\/li><\/ul>\n\n\n\n<ul class=\"wp-block-list\"><li>Sal\u00e1rio normativo<\/li><\/ul>\n\n\n\n<ul class=\"wp-block-list\"><li>Contribui\u00e7\u00e3o assistencial dos empregados<\/li><\/ul>\n\n\n\n<ul class=\"wp-block-list\"><li>Suspens\u00e3o de contratos e redu\u00e7\u00e3o proporcional de jornada e sal\u00e1rios<\/li><\/ul>\n\n\n\n<ul class=\"wp-block-list\"><li>Vig\u00eancia<\/li><\/ul>\n\n\n\n<p>As condi\u00e7\u00f5es constantes do aditivo celebrado s\u00e3o complementares \u00e0 conven\u00e7\u00e3o celebrada em 17.07.20.<\/p>\n\n\n\n<p>As condi\u00e7\u00f5es econ\u00f4micas para o per\u00edodo compreendido entre 01\/05\/21 at\u00e9 30\/04\/22 ser\u00e3o estabelecidas em nova Conven\u00e7\u00e3o Coletiva que vier a ser celebrada. As demais condi\u00e7\u00f5es, n\u00e3o alteradas pelo aditamento, permanecem vigentes at\u00e9 a celebra\u00e7\u00e3o de nova Conven\u00e7\u00e3o Coletiva.<\/p>\n\n\n\n<p>Maiores informa\u00e7\u00f5es e download do termo assinado, poder\u00e3o ser obtidas no seguinte link:<\/p>\n\n\n<style>.wp-block-kadence-advancedbtn.kb-btns_800641-06{gap:var(--global-kb-gap-xs, 0.5rem );justify-content:center;align-items:center;}.kt-btns_800641-06 .kt-button{font-weight:normal;font-style:normal;}.kt-btns_800641-06 .kt-btn-wrap-0{margin-right:5px;}.wp-block-kadence-advancedbtn.kt-btns_800641-06 .kt-btn-wrap-0 .kt-button{color:#555555;border-color:#555555;}.wp-block-kadence-advancedbtn.kt-btns_800641-06 .kt-btn-wrap-0 .kt-button:hover, .wp-block-kadence-advancedbtn.kt-btns_800641-06 .kt-btn-wrap-0 .kt-button:focus{color:#ffffff;border-color:#444444;}.wp-block-kadence-advancedbtn.kt-btns_800641-06 .kt-btn-wrap-0 .kt-button::before{display:none;}.wp-block-kadence-advancedbtn.kt-btns_800641-06 .kt-btn-wrap-0 .kt-button:hover, .wp-block-kadence-advancedbtn.kt-btns_800641-06 .kt-btn-wrap-0 .kt-button:focus{background:#444444;}<\/style>\n<div class=\"wp-block-kadence-advancedbtn kt-btn-align-center kt-btn-tablet-align-inherit kt-btn-mobile-align-inherit kt-btns-wrap kt-btns_800641-06\"><div class=\"kt-btn-wrap kt-btn-wrap-0\"><a class=\"kt-button button kt-btn-0-action kt-btn-size-standard kt-btn-style-basic kt-btn-svg-show-always kt-btn-has-text-true kt-btn-has-svg-false\" href=\"#\" target=\"_blank\" rel=\"noreferrer noopener\"><span class=\"kt-btn-inner-text\">CLIQUE AQUI<\/span><\/a><\/div><\/div>\n\n\n<style>.wp-block-kadence-spacer.kt-block-spacer-_b1a40e-93 .kt-block-spacer{height:60px;}.wp-block-kadence-spacer.kt-block-spacer-_b1a40e-93 .kt-divider{border-top-width:1px;height:1px;border-top-color:#eee;width:80%;border-top-style:solid;}<\/style>\n<div class=\"wp-block-kadence-spacer aligncenter kt-block-spacer-_b1a40e-93\"><div class=\"kt-block-spacer kt-block-spacer-halign-center\" style=\"height:60px\"><hr class=\"kt-divider\" style=\"border-top-color:#eee;border-top-width:1px;width:80%;border-top-style:solid\"\/><\/div><\/div>\n","protected":false},"excerpt":{"rendered":"<p>Conclu\u00eddas, por meio de procura\u00e7\u00e3o outorgada \u00e0 Federa\u00e7\u00e3o do Com\u00e9rcio do Estado de S\u00e3o Paulo, as negocia\u00e7\u00f5es com o Sindicato dos T\u00e9cnicos da Seguran\u00e7a do Trabalho no Estado de S\u00e3o Paulo \u2013 SINTESP &#8211; relativas ao per\u00edodo 2020-2021, com data-base em 1\u00ba de maio, atrav\u00e9s da celebra\u00e7\u00e3o de Termo de Aditamento \u00e0 Conven\u00e7\u00e3o Coletiva v\u00e1lida [&hellip;]<\/p>\n","protected":false},"author":1,"featured_media":6688,"comment_status":"closed","ping_status":"open","sticky":false,"template":"","format":"standard","meta":{"tdm_status":"","tdm_grid_status":"","footnotes":""},"categories":[157],"tags":[116,315,395],"class_list":["post-6687","post","type-post","status-publish","format-standard","has-post-thumbnail","hentry","category-alerta","tag-cct","tag-tecnicos-de-seguranca-no-trabalho","tag-termo-de-aditamento"],"amp_enabled":true,"_links":{"self":[{"href":"https:\/\/sincomavi.org.br\/index.php?rest_route=\/wp\/v2\/posts\/6687","targetHints":{"allow":["GET"]}}],"collection":[{"href":"https:\/\/sincomavi.org.br\/index.php?rest_route=\/wp\/v2\/posts"}],"about":[{"href":"https:\/\/sincomavi.org.br\/index.php?rest_route=\/wp\/v2\/types\/post"}],"author":[{"embeddable":true,"href":"https:\/\/sincomavi.org.br\/index.php?rest_route=\/wp\/v2\/users\/1"}],"replies":[{"embeddable":true,"href":"https:\/\/sincomavi.org.br\/index.php?rest_route=%2Fwp%2Fv2%2Fcomments&post=6687"}],"version-history":[{"count":1,"href":"https:\/\/sincomavi.org.br\/index.php?rest_route=\/wp\/v2\/posts\/6687\/revisions"}],"predecessor-version":[{"id":6689,"href":"https:\/\/sincomavi.org.br\/index.php?rest_route=\/wp\/v2\/posts\/6687\/revisions\/6689"}],"wp:featuredmedia":[{"embeddable":true,"href":"https:\/\/sincomavi.org.br\/index.php?rest_route=\/wp\/v2\/media\/6688"}],"wp:attachment":[{"href":"https:\/\/sincomavi.org.br\/index.php?rest_route=%2Fwp%2Fv2%2Fmedia&parent=6687"}],"wp:term":[{"taxonomy":"category","embeddable":true,"href":"https:\/\/sincomavi.org.br\/index.php?rest_route=%2Fwp%2Fv2%2Fcategories&post=6687"},{"taxonomy":"post_tag","embeddable":true,"href":"https:\/\/sincomavi.org.br\/index.php?rest_route=%2Fwp%2Fv2%2Ftags&post=6687"}],"curies":[{"name":"wp","href":"https:\/\/api.w.org\/{rel}","templated":true}]}}