{"id":6633,"date":"2021-07-07T15:13:20","date_gmt":"2021-07-07T18:13:20","guid":{"rendered":"https:\/\/sincomavi.org.br\/?p=6633"},"modified":"2021-07-07T15:13:46","modified_gmt":"2021-07-07T18:13:46","slug":"plano-sao-paulo-horario-de-funcionamento-e-limite-de-ocupacao-aumentam","status":"publish","type":"post","link":"https:\/\/sincomavi.org.br\/?p=6633","title":{"rendered":"Plano S\u00e3o Paulo: hor\u00e1rio de funcionamento e limite de ocupa\u00e7\u00e3o aumentam"},"content":{"rendered":"<style>.wp-block-kadence-spacer.kt-block-spacer-_3df2b5-3a .kt-block-spacer{height:60px;}.wp-block-kadence-spacer.kt-block-spacer-_3df2b5-3a .kt-divider{border-top-width:1px;height:1px;border-top-color:#eee;width:80%;border-top-style:solid;}<\/style>\n<div class=\"wp-block-kadence-spacer aligncenter kt-block-spacer-_3df2b5-3a\"><div class=\"kt-block-spacer kt-block-spacer-halign-center\" style=\"height:60px\"><hr class=\"kt-divider\" style=\"border-top-color:#eee;border-top-width:1px;width:80%;border-top-style:solid\"\/><\/div><\/div>\n\n\n\n<p>O Governo do Estado de S\u00e3o Paulo divulgou nesta quarta-feira, 07 de julho, mudan\u00e7as pontuais no Plano S\u00e3o Paulo com validade inicialmente prevista para at\u00e9 o dia 31 de julho de 2021.<\/p>\n\n\n\n<p>As altera\u00e7\u00f5es para o com\u00e9rcio, que valem a partir desta sexta-feira (09 de julho), s\u00e3o a amplia\u00e7\u00e3o da capacidade de p\u00fablico presencial, com aumento de 40% para 60%, e a extens\u00e3o do hor\u00e1rio de atendimento, que passa das 21h para as 23h.<\/p>\n\n\n\n<p>As novas regras s\u00e3o dirigidas a todos os estabelecimentos comerciais, nos quais o acesso de clientes pode ser feito at\u00e9 as 22h, com encerramento das atividades \u00e0s 23h. \u00c9 preciso ressaltar que devem ser obedecidos os protocolos setoriais de seguran\u00e7a sanit\u00e1ria previstos no Plano SP.<\/p>\n\n\n\n<p>Haver\u00e1 continuidade no toque de recolher nas 645 cidades do Estado, com hor\u00e1rio entre 23h e 5h a partir desta sexta-feira, bem como a recomenda\u00e7\u00e3o de teletrabalho para atividades administrativas n\u00e3o essenciais e o escalonamento de hor\u00e1rios para entrada e sa\u00edda de trabalhadores dos setores de com\u00e9rcio, servi\u00e7os e ind\u00fastrias.<\/p>\n\n\n\n<figure class=\"wp-block-image size-large\"><img loading=\"lazy\" decoding=\"async\" width=\"1024\" height=\"576\" src=\"https:\/\/sincomavi.org.br\/wp-content\/uploads\/2021\/07\/PLANOSP-1024x576.jpg\" alt=\"\" class=\"wp-image-6634\" srcset=\"https:\/\/sincomavi.org.br\/wp-content\/uploads\/2021\/07\/PLANOSP-1024x576.jpg 1024w, https:\/\/sincomavi.org.br\/wp-content\/uploads\/2021\/07\/PLANOSP-300x169.jpg 300w, https:\/\/sincomavi.org.br\/wp-content\/uploads\/2021\/07\/PLANOSP-768x432.jpg 768w, https:\/\/sincomavi.org.br\/wp-content\/uploads\/2021\/07\/PLANOSP-746x420.jpg 746w, https:\/\/sincomavi.org.br\/wp-content\/uploads\/2021\/07\/PLANOSP-640x360.jpg 640w, https:\/\/sincomavi.org.br\/wp-content\/uploads\/2021\/07\/PLANOSP-681x383.jpg 681w, https:\/\/sincomavi.org.br\/wp-content\/uploads\/2021\/07\/PLANOSP.jpg 1400w\" sizes=\"auto, (max-width: 1024px) 100vw, 1024px\" \/><figcaption>Fonte: Governo do Estado de S\u00e3o Paulo<\/figcaption><\/figure>\n\n\n<style>.wp-block-kadence-spacer.kt-block-spacer-_366bd3-4a .kt-block-spacer{height:60px;}.wp-block-kadence-spacer.kt-block-spacer-_366bd3-4a .kt-divider{border-top-width:1px;height:1px;border-top-color:#eee;width:80%;border-top-style:solid;}<\/style>\n<div class=\"wp-block-kadence-spacer aligncenter kt-block-spacer-_366bd3-4a\"><div class=\"kt-block-spacer kt-block-spacer-halign-center\" style=\"height:60px\"><hr class=\"kt-divider\" style=\"border-top-color:#eee;border-top-width:1px;width:80%;border-top-style:solid\"\/><\/div><\/div>\n","protected":false},"excerpt":{"rendered":"<p>O Governo do Estado de S\u00e3o Paulo divulgou nesta quarta-feira, 07 de julho, mudan\u00e7as pontuais no Plano S\u00e3o Paulo com validade inicialmente prevista para at\u00e9 o dia 31 de julho de 2021. As altera\u00e7\u00f5es para o com\u00e9rcio, que valem a partir desta sexta-feira (09 de julho), s\u00e3o a amplia\u00e7\u00e3o da capacidade de p\u00fablico presencial, com [&hellip;]<\/p>\n","protected":false},"author":1,"featured_media":6635,"comment_status":"closed","ping_status":"open","sticky":false,"template":"","format":"standard","meta":{"tdm_status":"","tdm_grid_status":"","footnotes":""},"categories":[157],"tags":[349,397,588],"class_list":["post-6633","post","type-post","status-publish","format-standard","has-post-thumbnail","hentry","category-alerta","tag-coronavirus","tag-covid-19","tag-plano-sao-paulo"],"amp_enabled":true,"_links":{"self":[{"href":"https:\/\/sincomavi.org.br\/index.php?rest_route=\/wp\/v2\/posts\/6633","targetHints":{"allow":["GET"]}}],"collection":[{"href":"https:\/\/sincomavi.org.br\/index.php?rest_route=\/wp\/v2\/posts"}],"about":[{"href":"https:\/\/sincomavi.org.br\/index.php?rest_route=\/wp\/v2\/types\/post"}],"author":[{"embeddable":true,"href":"https:\/\/sincomavi.org.br\/index.php?rest_route=\/wp\/v2\/users\/1"}],"replies":[{"embeddable":true,"href":"https:\/\/sincomavi.org.br\/index.php?rest_route=%2Fwp%2Fv2%2Fcomments&post=6633"}],"version-history":[{"count":1,"href":"https:\/\/sincomavi.org.br\/index.php?rest_route=\/wp\/v2\/posts\/6633\/revisions"}],"predecessor-version":[{"id":6636,"href":"https:\/\/sincomavi.org.br\/index.php?rest_route=\/wp\/v2\/posts\/6633\/revisions\/6636"}],"wp:featuredmedia":[{"embeddable":true,"href":"https:\/\/sincomavi.org.br\/index.php?rest_route=\/wp\/v2\/media\/6635"}],"wp:attachment":[{"href":"https:\/\/sincomavi.org.br\/index.php?rest_route=%2Fwp%2Fv2%2Fmedia&parent=6633"}],"wp:term":[{"taxonomy":"category","embeddable":true,"href":"https:\/\/sincomavi.org.br\/index.php?rest_route=%2Fwp%2Fv2%2Fcategories&post=6633"},{"taxonomy":"post_tag","embeddable":true,"href":"https:\/\/sincomavi.org.br\/index.php?rest_route=%2Fwp%2Fv2%2Ftags&post=6633"}],"curies":[{"name":"wp","href":"https:\/\/api.w.org\/{rel}","templated":true}]}}