{"id":6595,"date":"2021-06-30T17:12:42","date_gmt":"2021-06-30T20:12:42","guid":{"rendered":"https:\/\/sincomavi.org.br\/?p=6595"},"modified":"2021-06-30T17:12:43","modified_gmt":"2021-06-30T20:12:43","slug":"importante-regularizacao-tributaria","status":"publish","type":"post","link":"https:\/\/sincomavi.org.br\/?p=6595","title":{"rendered":"Importante: regulariza\u00e7\u00e3o tribut\u00e1ria"},"content":{"rendered":"<style>.wp-block-kadence-spacer.kt-block-spacer-_e47f1c-33 .kt-block-spacer{height:60px;}.wp-block-kadence-spacer.kt-block-spacer-_e47f1c-33 .kt-divider{border-top-width:1px;height:1px;border-top-color:#eee;width:80%;border-top-style:solid;}<\/style>\n<div class=\"wp-block-kadence-spacer aligncenter kt-block-spacer-_e47f1c-33\"><div class=\"kt-block-spacer kt-block-spacer-halign-center\" style=\"height:60px\"><hr class=\"kt-divider\" style=\"border-top-color:#eee;border-top-width:1px;width:80%;border-top-style:solid\"\/><\/div><\/div>\n\n\n\n<p>A Receita Federal publicou em 28\/06\/21 novo edital de transa\u00e7\u00e3o tribut\u00e1ria para fazer acordo sobre processos em discuss\u00e3o administrativa (contencioso administrativo) com valores de at\u00e9 60 sal\u00e1rios m\u00ednimos.<\/p>\n\n\n\n<p>As pessoas f\u00edsicas, microempresas (ME) e empresas de pequeno porte (EPP) poder\u00e3o aderir ao acordo entre 01\/07\/21 e 30\/11\/21, diretamente no portal e-CAC, por meio do servi\u00e7o \u201cTransacionar Contencioso de Pequeno Valor\u201d, dispon\u00edvel no menu \u201cPagamentos e Parcelamentos\u201d.<\/p>\n\n\n\n<p>S\u00f3 podem ser inclu\u00eddos no acordo os d\u00e9bitos cujo valor, somados com juros e multas, n\u00e3o superem 60 sal\u00e1rios m\u00ednimos na data de ades\u00e3o. Al\u00e9m disso, a multa de of\u00edcio j\u00e1 deve ter vencido. A negocia\u00e7\u00e3o inclui tamb\u00e9m d\u00e9bitos com contribui\u00e7\u00f5es sociais, que devem ser formalizadas separadamente das demais (a n\u00e3o ser que seu pagamento seja efetuado por meio de Darf). Os d\u00e9bitos precisam ser indicados pelo interessado no momento da ades\u00e3o.<\/p>\n\n\n\n<p>Os benef\u00edcios do acordo incluem, al\u00e9m de entrada facilitada, descontos de at\u00e9 50% sobre o valor total da d\u00edvida. O requerimento pela ades\u00e3o tamb\u00e9m suspende a tramita\u00e7\u00e3o de processos administrativos referentes aos d\u00e9bitos inclu\u00eddos na transa\u00e7\u00e3o enquanto o requerimento estiver sob an\u00e1lise.<\/p>\n\n\n\n<p>O c\u00e1lculo do valor l\u00edquido \u00e9 feito a partir do total da d\u00edvida (soma dos valores de principal, multa, juros e demais encargos). A entrada \u00e9 de 6% do valor l\u00edquido, calculado de acordo com o n\u00famero de parcelas escolhido pelo solicitante conforme a tabela abaixo:<\/p>\n\n\n\n<figure class=\"wp-block-image size-large\"><img loading=\"lazy\" decoding=\"async\" width=\"661\" height=\"283\" src=\"https:\/\/sincomavi.org.br\/wp-content\/uploads\/2021\/06\/image-12.png\" alt=\"\" class=\"wp-image-6596\" srcset=\"https:\/\/sincomavi.org.br\/wp-content\/uploads\/2021\/06\/image-12.png 661w, https:\/\/sincomavi.org.br\/wp-content\/uploads\/2021\/06\/image-12-300x128.png 300w, https:\/\/sincomavi.org.br\/wp-content\/uploads\/2021\/06\/image-12-640x274.png 640w\" sizes=\"auto, (max-width: 661px) 100vw, 661px\" \/><\/figure>\n\n\n\n<p>&nbsp;A escolha das presta\u00e7\u00f5es depende tamb\u00e9m do valor m\u00ednimo das parcelas: R$ 100 para pessoa f\u00edsica e R$ 500 para microempresas ou EPP. O prazo m\u00e1ximo da negocia\u00e7\u00e3o \u00e9 de 60 meses (no caso da op\u00e7\u00e3o por 8 meses de entrada e mais 52 meses do restante da d\u00edvida, respeitando o limite m\u00ednimo da parcela).<\/p>\n\n\n\n<p>A parcela n\u00e3o \u00e9 fixa. Ao valor de cada uma \u00e9 somado o juro Selic acumulado mensalmente mais 1% do valor da parcela no m\u00eas do pagamento. Al\u00e9m disso, a falta de pagamento de at\u00e9 duas parcelas resulta em rescis\u00e3o (cancelamento) da negocia\u00e7\u00e3o (parcela paga parcialmente conta como parcela n\u00e3o paga).<\/p>\n\n\n\n<p>Impedimentos<\/p>\n\n\n\n<p>Os descontos n\u00e3o s\u00e3o v\u00e1lidos para d\u00e9bitos relativos a tributos do Simples Nacional.<\/p>\n\n\n\n<p>D\u00e9bitos que tenham sido parcelados anteriormente n\u00e3o poder\u00e3o ser inclu\u00eddos e, caso a negocia\u00e7\u00e3o seja rescindida (cancelada), n\u00e3o \u00e9 poss\u00edvel aderir a outra negocia\u00e7\u00e3o pelo prazo de dois anos, mesmo que os d\u00e9bitos sejam diferentes.<\/p>\n\n\n\n<p><a href=\"Receita Federal\" target=\"_blank\" rel=\"noreferrer noopener\"><strong>F<\/strong><\/a><a href=\"https:\/\/www.gov.br\/economia\/pt-br\/assuntos\/noticias\/2021\/junho\/receita-federal-publica-edital-para-fazer-acordos-de-transacao-referentes-a-dividas-de-ate-60-salarios-minimos\" target=\"_blank\" rel=\"noreferrer noopener\"><strong>onte: Receita Federal<\/strong><\/a><\/p>\n\n\n<style>.wp-block-kadence-spacer.kt-block-spacer-_46bfd5-26 .kt-block-spacer{height:60px;}.wp-block-kadence-spacer.kt-block-spacer-_46bfd5-26 .kt-divider{border-top-width:1px;height:1px;border-top-color:#eee;width:80%;border-top-style:solid;}<\/style>\n<div class=\"wp-block-kadence-spacer aligncenter kt-block-spacer-_46bfd5-26\"><div class=\"kt-block-spacer kt-block-spacer-halign-center\" style=\"height:60px\"><hr class=\"kt-divider\" style=\"border-top-color:#eee;border-top-width:1px;width:80%;border-top-style:solid\"\/><\/div><\/div>\n","protected":false},"excerpt":{"rendered":"<p>A Receita Federal publicou em 28\/06\/21 novo edital de transa\u00e7\u00e3o tribut\u00e1ria para fazer acordo sobre processos em discuss\u00e3o administrativa (contencioso administrativo) com valores de at\u00e9 60 sal\u00e1rios m\u00ednimos. As pessoas f\u00edsicas, microempresas (ME) e empresas de pequeno porte (EPP) poder\u00e3o aderir ao acordo entre 01\/07\/21 e 30\/11\/21, diretamente no portal e-CAC, por meio do servi\u00e7o [&hellip;]<\/p>\n","protected":false},"author":1,"featured_media":6597,"comment_status":"closed","ping_status":"open","sticky":false,"template":"","format":"standard","meta":{"tdm_status":"","tdm_grid_status":"","footnotes":""},"categories":[157],"tags":[706,393,100,124,311,705],"class_list":["post-6595","post","type-post","status-publish","format-standard","has-post-thumbnail","hentry","category-alerta","tag-cotencioso","tag-divida","tag-e-cac","tag-epp","tag-receita-federal","tag-regularizacao-tributaria"],"amp_enabled":true,"_links":{"self":[{"href":"https:\/\/sincomavi.org.br\/index.php?rest_route=\/wp\/v2\/posts\/6595","targetHints":{"allow":["GET"]}}],"collection":[{"href":"https:\/\/sincomavi.org.br\/index.php?rest_route=\/wp\/v2\/posts"}],"about":[{"href":"https:\/\/sincomavi.org.br\/index.php?rest_route=\/wp\/v2\/types\/post"}],"author":[{"embeddable":true,"href":"https:\/\/sincomavi.org.br\/index.php?rest_route=\/wp\/v2\/users\/1"}],"replies":[{"embeddable":true,"href":"https:\/\/sincomavi.org.br\/index.php?rest_route=%2Fwp%2Fv2%2Fcomments&post=6595"}],"version-history":[{"count":2,"href":"https:\/\/sincomavi.org.br\/index.php?rest_route=\/wp\/v2\/posts\/6595\/revisions"}],"predecessor-version":[{"id":6622,"href":"https:\/\/sincomavi.org.br\/index.php?rest_route=\/wp\/v2\/posts\/6595\/revisions\/6622"}],"wp:featuredmedia":[{"embeddable":true,"href":"https:\/\/sincomavi.org.br\/index.php?rest_route=\/wp\/v2\/media\/6597"}],"wp:attachment":[{"href":"https:\/\/sincomavi.org.br\/index.php?rest_route=%2Fwp%2Fv2%2Fmedia&parent=6595"}],"wp:term":[{"taxonomy":"category","embeddable":true,"href":"https:\/\/sincomavi.org.br\/index.php?rest_route=%2Fwp%2Fv2%2Fcategories&post=6595"},{"taxonomy":"post_tag","embeddable":true,"href":"https:\/\/sincomavi.org.br\/index.php?rest_route=%2Fwp%2Fv2%2Ftags&post=6595"}],"curies":[{"name":"wp","href":"https:\/\/api.w.org\/{rel}","templated":true}]}}