{"id":6526,"date":"2021-06-29T15:54:13","date_gmt":"2021-06-29T18:54:13","guid":{"rendered":"https:\/\/sincomavi.org.br\/?p=6526"},"modified":"2021-06-30T08:28:06","modified_gmt":"2021-06-30T11:28:06","slug":"entrada-do-novo-iva-st-foi-adiada-para-01-de-agosto","status":"publish","type":"post","link":"https:\/\/sincomavi.org.br\/?p=6526","title":{"rendered":"Entrada do novo IVA-ST foi adiada para 01 de agosto"},"content":{"rendered":"<style>.wp-block-kadence-spacer.kt-block-spacer-_2565ff-ce .kt-block-spacer{height:60px;}.wp-block-kadence-spacer.kt-block-spacer-_2565ff-ce .kt-divider{border-top-width:1px;height:1px;border-top-color:#eee;width:80%;border-top-style:solid;}<\/style>\n<div class=\"wp-block-kadence-spacer aligncenter kt-block-spacer-_2565ff-ce\"><div class=\"kt-block-spacer kt-block-spacer-halign-center\" style=\"height:60px\"><hr class=\"kt-divider\" style=\"border-top-color:#eee;border-top-width:1px;width:80%;border-top-style:solid\"\/><\/div><\/div>\n\n\n\n<p>A Portaria CAT-41, publicada no Di\u00e1rio Oficial do Estado de S\u00e3o Paulo em 26 de junho, estabeleceu o adiamento para 01 de agosto de 2021 da entrada em vigor do novo \u00cdndice de Valor Adicional Setorial (IVA-ST) para os itens de materiais de constru\u00e7\u00e3o enquadrados na substitui\u00e7\u00e3o tribut\u00e1ria. Tal processo poder\u00e1 gerar corre\u00e7\u00f5es e aumentos de al\u00edquotas. Por essa raz\u00e3o, \u00e9 preciso reafirmar a import\u00e2ncia dos empresarios do segmento verificarem junto a seus fornecedores poss\u00edveis aumentos no citado IVA-ST em fun\u00e7\u00e3o das consequ\u00eancias previstas no com\u00e9rcio varejista. Esse cuidado se mostra fundamental para a regulariza\u00e7\u00e3o e adequa\u00e7\u00e3o das compras e dos estoques, tendo em vista os efeitos administrativos, o aumento do custo e at\u00e9 mesmo o risco da falta de produtos comercializados pela categoria.<\/p>\n\n\n<style>.wp-block-kadence-advancedbtn.kb-btns_7982ef-eb{gap:var(--global-kb-gap-xs, 0.5rem );justify-content:center;align-items:center;}.kt-btns_7982ef-eb .kt-button{font-weight:normal;font-style:normal;}.kt-btns_7982ef-eb .kt-btn-wrap-0{margin-right:5px;}.wp-block-kadence-advancedbtn.kt-btns_7982ef-eb .kt-btn-wrap-0 .kt-button{color:#555555;border-color:#555555;}.wp-block-kadence-advancedbtn.kt-btns_7982ef-eb .kt-btn-wrap-0 .kt-button:hover, .wp-block-kadence-advancedbtn.kt-btns_7982ef-eb .kt-btn-wrap-0 .kt-button:focus{color:#ffffff;border-color:#444444;}.wp-block-kadence-advancedbtn.kt-btns_7982ef-eb .kt-btn-wrap-0 .kt-button::before{display:none;}.wp-block-kadence-advancedbtn.kt-btns_7982ef-eb .kt-btn-wrap-0 .kt-button:hover, .wp-block-kadence-advancedbtn.kt-btns_7982ef-eb .kt-btn-wrap-0 .kt-button:focus{background:#444444;}<\/style>\n<div class=\"wp-block-kadence-advancedbtn kt-btn-align-center kt-btn-tablet-align-inherit kt-btn-mobile-align-inherit kt-btns-wrap kt-btns_7982ef-eb\"><div class=\"kt-btn-wrap kt-btn-wrap-0\"><a class=\"kt-button button kt-btn-0-action kt-btn-size-standard kt-btn-style-basic kt-btn-svg-show-always kt-btn-has-text-true kt-btn-has-svg-false\" href=\"https:\/\/sincomavi.org.br\/wp-content\/uploads\/2021\/06\/CAT_41.pdf\" target=\"_blank\" rel=\"noreferrer noopener\"><span class=\"kt-btn-inner-text\">PORTARIA CAT-41<\/span><\/a><\/div><\/div>\n\n\n<style>.wp-block-kadence-spacer.kt-block-spacer-_879657-d9 .kt-block-spacer{height:60px;}.wp-block-kadence-spacer.kt-block-spacer-_879657-d9 .kt-divider{border-top-width:1px;height:1px;border-top-color:#eee;width:80%;border-top-style:solid;}<\/style>\n<div class=\"wp-block-kadence-spacer aligncenter kt-block-spacer-_879657-d9\"><div class=\"kt-block-spacer kt-block-spacer-halign-center\" style=\"height:60px\"><hr class=\"kt-divider\" style=\"border-top-color:#eee;border-top-width:1px;width:80%;border-top-style:solid\"\/><\/div><\/div>\n","protected":false},"excerpt":{"rendered":"<p>A Portaria CAT-41, publicada no Di\u00e1rio Oficial do Estado de S\u00e3o Paulo em 26 de junho, estabeleceu o adiamento para 01 de agosto de 2021 da entrada em vigor do novo \u00cdndice de Valor Adicional Setorial (IVA-ST) para os itens de materiais de constru\u00e7\u00e3o enquadrados na substitui\u00e7\u00e3o tribut\u00e1ria. Tal processo poder\u00e1 gerar corre\u00e7\u00f5es e aumentos [&hellip;]<\/p>\n","protected":false},"author":1,"featured_media":6529,"comment_status":"closed","ping_status":"open","sticky":false,"template":"","format":"standard","meta":{"tdm_status":"","tdm_grid_status":"","footnotes":""},"categories":[157],"tags":[700,158,704],"class_list":["post-6526","post","type-post","status-publish","format-standard","has-post-thumbnail","hentry","category-alerta","tag-iva-st","tag-material-de-construcao","tag-portaria-cat-41-21"],"amp_enabled":true,"_links":{"self":[{"href":"https:\/\/sincomavi.org.br\/index.php?rest_route=\/wp\/v2\/posts\/6526","targetHints":{"allow":["GET"]}}],"collection":[{"href":"https:\/\/sincomavi.org.br\/index.php?rest_route=\/wp\/v2\/posts"}],"about":[{"href":"https:\/\/sincomavi.org.br\/index.php?rest_route=\/wp\/v2\/types\/post"}],"author":[{"embeddable":true,"href":"https:\/\/sincomavi.org.br\/index.php?rest_route=\/wp\/v2\/users\/1"}],"replies":[{"embeddable":true,"href":"https:\/\/sincomavi.org.br\/index.php?rest_route=%2Fwp%2Fv2%2Fcomments&post=6526"}],"version-history":[{"count":2,"href":"https:\/\/sincomavi.org.br\/index.php?rest_route=\/wp\/v2\/posts\/6526\/revisions"}],"predecessor-version":[{"id":6619,"href":"https:\/\/sincomavi.org.br\/index.php?rest_route=\/wp\/v2\/posts\/6526\/revisions\/6619"}],"wp:featuredmedia":[{"embeddable":true,"href":"https:\/\/sincomavi.org.br\/index.php?rest_route=\/wp\/v2\/media\/6529"}],"wp:attachment":[{"href":"https:\/\/sincomavi.org.br\/index.php?rest_route=%2Fwp%2Fv2%2Fmedia&parent=6526"}],"wp:term":[{"taxonomy":"category","embeddable":true,"href":"https:\/\/sincomavi.org.br\/index.php?rest_route=%2Fwp%2Fv2%2Fcategories&post=6526"},{"taxonomy":"post_tag","embeddable":true,"href":"https:\/\/sincomavi.org.br\/index.php?rest_route=%2Fwp%2Fv2%2Ftags&post=6526"}],"curies":[{"name":"wp","href":"https:\/\/api.w.org\/{rel}","templated":true}]}}