{"id":6514,"date":"2021-06-23T15:45:48","date_gmt":"2021-06-23T18:45:48","guid":{"rendered":"https:\/\/sincomavi.org.br\/?p=6514"},"modified":"2021-06-23T15:45:49","modified_gmt":"2021-06-23T18:45:49","slug":"governo-de-sao-paulo-mantem-fase-de-transicao-ate-15-de-julho","status":"publish","type":"post","link":"https:\/\/sincomavi.org.br\/?p=6514","title":{"rendered":"Governo de S\u00e3o Paulo mant\u00e9m fase de transi\u00e7\u00e3o at\u00e9 15 de julho"},"content":{"rendered":"<style>.wp-block-kadence-spacer.kt-block-spacer-_f87439-61 .kt-block-spacer{height:60px;}.wp-block-kadence-spacer.kt-block-spacer-_f87439-61 .kt-divider{border-top-width:1px;height:1px;border-top-color:#eee;width:80%;border-top-style:solid;}<\/style>\n<div class=\"wp-block-kadence-spacer aligncenter kt-block-spacer-_f87439-61\"><div class=\"kt-block-spacer kt-block-spacer-halign-center\" style=\"height:60px\"><hr class=\"kt-divider\" style=\"border-top-color:#eee;border-top-width:1px;width:80%;border-top-style:solid\"\/><\/div><\/div>\n\n\n\n<p>Foi anunciado hoje, 23 de junho, pelo Governo do Estado de S\u00e3o Paulo a porroga\u00e7\u00e3o at\u00e9 15 de julho da fase de transi\u00e7\u00e3o do Plano S\u00e3o Paulo. As condi\u00e7\u00f5es para o funcionamento das atividades econ\u00f4micas continuam as mesmas. Ou seja, as empresas est\u00e3o liberadas para operar das 6h \u00e0s 21h com ocupa\u00e7\u00e3o m\u00e1xima de 40% de sua capacidade. Para tanto, devem ser obedecidos os protocolos setorias de seguran\u00e7a sanit\u00e1ria.<\/p>\n\n\n\n<p>Vale ressaltar que o toque de recolher, das 21h \u00e0s 5h, foi igualmente prorrogado para o mesmo per\u00edodo. O governo estadual prossegue recomendando o teletrabalho para as atividades administrativas e o escalonamento de hor\u00e1rios para entrada e sa\u00edda de trabalhadores.<\/p>\n\n\n\n<p>No quadro abaixo \u00e9 poss\u00edvel conferir um resumo das medidas adotadas em territ\u00f3rio paulista.<\/p>\n\n\n\n<figure class=\"wp-block-image size-large\"><img loading=\"lazy\" decoding=\"async\" width=\"944\" height=\"552\" src=\"https:\/\/sincomavi.org.br\/wp-content\/uploads\/2021\/06\/WhatsApp-Image-2021-06-23-at-14.59.55.jpeg\" alt=\"\" class=\"wp-image-6515\" srcset=\"https:\/\/sincomavi.org.br\/wp-content\/uploads\/2021\/06\/WhatsApp-Image-2021-06-23-at-14.59.55.jpeg 944w, https:\/\/sincomavi.org.br\/wp-content\/uploads\/2021\/06\/WhatsApp-Image-2021-06-23-at-14.59.55-300x175.jpeg 300w, https:\/\/sincomavi.org.br\/wp-content\/uploads\/2021\/06\/WhatsApp-Image-2021-06-23-at-14.59.55-768x449.jpeg 768w, https:\/\/sincomavi.org.br\/wp-content\/uploads\/2021\/06\/WhatsApp-Image-2021-06-23-at-14.59.55-718x420.jpeg 718w, https:\/\/sincomavi.org.br\/wp-content\/uploads\/2021\/06\/WhatsApp-Image-2021-06-23-at-14.59.55-640x374.jpeg 640w, https:\/\/sincomavi.org.br\/wp-content\/uploads\/2021\/06\/WhatsApp-Image-2021-06-23-at-14.59.55-681x398.jpeg 681w\" sizes=\"auto, (max-width: 944px) 100vw, 944px\" \/><figcaption>Fonte: Governo do Estado de S\u00e3o Paulo<\/figcaption><\/figure>\n\n\n<style>.wp-block-kadence-spacer.kt-block-spacer-_d28690-65 .kt-block-spacer{height:60px;}.wp-block-kadence-spacer.kt-block-spacer-_d28690-65 .kt-divider{border-top-width:1px;height:1px;border-top-color:#eee;width:80%;border-top-style:solid;}<\/style>\n<div class=\"wp-block-kadence-spacer aligncenter kt-block-spacer-_d28690-65\"><div class=\"kt-block-spacer kt-block-spacer-halign-center\" style=\"height:60px\"><hr class=\"kt-divider\" style=\"border-top-color:#eee;border-top-width:1px;width:80%;border-top-style:solid\"\/><\/div><\/div>\n","protected":false},"excerpt":{"rendered":"<p>Foi anunciado hoje, 23 de junho, pelo Governo do Estado de S\u00e3o Paulo a porroga\u00e7\u00e3o at\u00e9 15 de julho da fase de transi\u00e7\u00e3o do Plano S\u00e3o Paulo. As condi\u00e7\u00f5es para o funcionamento das atividades econ\u00f4micas continuam as mesmas. Ou seja, as empresas est\u00e3o liberadas para operar das 6h \u00e0s 21h com ocupa\u00e7\u00e3o m\u00e1xima de 40% [&hellip;]<\/p>\n","protected":false},"author":1,"featured_media":6516,"comment_status":"closed","ping_status":"open","sticky":false,"template":"","format":"standard","meta":{"tdm_status":"","tdm_grid_status":"","footnotes":""},"categories":[157],"tags":[349,397,588],"class_list":["post-6514","post","type-post","status-publish","format-standard","has-post-thumbnail","hentry","category-alerta","tag-coronavirus","tag-covid-19","tag-plano-sao-paulo"],"amp_enabled":true,"_links":{"self":[{"href":"https:\/\/sincomavi.org.br\/index.php?rest_route=\/wp\/v2\/posts\/6514","targetHints":{"allow":["GET"]}}],"collection":[{"href":"https:\/\/sincomavi.org.br\/index.php?rest_route=\/wp\/v2\/posts"}],"about":[{"href":"https:\/\/sincomavi.org.br\/index.php?rest_route=\/wp\/v2\/types\/post"}],"author":[{"embeddable":true,"href":"https:\/\/sincomavi.org.br\/index.php?rest_route=\/wp\/v2\/users\/1"}],"replies":[{"embeddable":true,"href":"https:\/\/sincomavi.org.br\/index.php?rest_route=%2Fwp%2Fv2%2Fcomments&post=6514"}],"version-history":[{"count":2,"href":"https:\/\/sincomavi.org.br\/index.php?rest_route=\/wp\/v2\/posts\/6514\/revisions"}],"predecessor-version":[{"id":6618,"href":"https:\/\/sincomavi.org.br\/index.php?rest_route=\/wp\/v2\/posts\/6514\/revisions\/6618"}],"wp:featuredmedia":[{"embeddable":true,"href":"https:\/\/sincomavi.org.br\/index.php?rest_route=\/wp\/v2\/media\/6516"}],"wp:attachment":[{"href":"https:\/\/sincomavi.org.br\/index.php?rest_route=%2Fwp%2Fv2%2Fmedia&parent=6514"}],"wp:term":[{"taxonomy":"category","embeddable":true,"href":"https:\/\/sincomavi.org.br\/index.php?rest_route=%2Fwp%2Fv2%2Fcategories&post=6514"},{"taxonomy":"post_tag","embeddable":true,"href":"https:\/\/sincomavi.org.br\/index.php?rest_route=%2Fwp%2Fv2%2Ftags&post=6514"}],"curies":[{"name":"wp","href":"https:\/\/api.w.org\/{rel}","templated":true}]}}