{"id":6509,"date":"2021-06-21T13:48:33","date_gmt":"2021-06-21T16:48:33","guid":{"rendered":"https:\/\/sincomavi.org.br\/?p=6509"},"modified":"2021-06-21T13:48:35","modified_gmt":"2021-06-21T16:48:35","slug":"elevacao-de-22-do-movimento-do-comercio-em-maio","status":"publish","type":"post","link":"https:\/\/sincomavi.org.br\/?p=6509","title":{"rendered":"Eleva\u00e7\u00e3o de 2,2% do movimento do com\u00e9rcio em maio"},"content":{"rendered":"<style>.wp-block-kadence-spacer.kt-block-spacer-_47ecb3-f7 .kt-block-spacer{height:60px;}.wp-block-kadence-spacer.kt-block-spacer-_47ecb3-f7 .kt-divider{border-top-width:1px;height:1px;border-top-color:#eee;width:80%;border-top-style:solid;}<\/style>\n<div class=\"wp-block-kadence-spacer aligncenter kt-block-spacer-_47ecb3-f7\"><div class=\"kt-block-spacer kt-block-spacer-halign-center\" style=\"height:60px\"><hr class=\"kt-divider\" style=\"border-top-color:#eee;border-top-width:1px;width:80%;border-top-style:solid\"\/><\/div><\/div>\n\n\n\n<p>Levantamento revela que ocorreu um aumento do movimento do com\u00e9rcio em maio de 2,2%, tendo como refer\u00eancia as consultas \u00e0 base de dados da Boa Vista. O trabalho mostra ainda que na varia\u00e7\u00e3o acumulada em 12 meses, a queda desacelerou para 1,7% ap\u00f3s o Indicador do Movimento do Com\u00e9rcio ter uma varia\u00e7\u00e3o positiva de 19,2% na compara\u00e7\u00e3o interanual.<\/p>\n\n\n\n<div class=\"wp-block-image\"><figure class=\"aligncenter size-large\"><img loading=\"lazy\" decoding=\"async\" width=\"500\" height=\"211\" src=\"https:\/\/sincomavi.org.br\/wp-content\/uploads\/2021\/06\/boavist.png\" alt=\"\" class=\"wp-image-6510\" srcset=\"https:\/\/sincomavi.org.br\/wp-content\/uploads\/2021\/06\/boavist.png 500w, https:\/\/sincomavi.org.br\/wp-content\/uploads\/2021\/06\/boavist-300x127.png 300w\" sizes=\"auto, (max-width: 500px) 100vw, 500px\" \/><\/figure><\/div>\n\n\n\n<p>Segundo nota da Boa Vista, o resultado veio alinhado \u00e0s expectativas para o per\u00edodo, dado que as medidas de isolamento foram ainda mais flex\u00edveis em rela\u00e7\u00e3o aos meses anteriores. Apesar dos bom resultado em maio, o indicador conta com alta de apenas 0,1% em 2021. A an\u00e1lise aponta ainda que a melhora no indicador reflete, n\u00e3o apenas as medidas de isolamento mais brandas, como tamb\u00e9m a retomada, mesmo que parcial, da confian\u00e7a do com\u00e9rcio e dos consumidores. \u201cEmbora a taxa de desemprego esteja num n\u00edvel elevado, a infla\u00e7\u00e3o esteja pesando sobre o or\u00e7amento das fam\u00edlias e o cr\u00e9dito, por sua vez, esteja ficando mais caro, a tend\u00eancia de desacelera\u00e7\u00e3o da queda na an\u00e1lise de longo prazo se mant\u00e9m. No entanto, a partir do segundo semestre, uma melhora, sobretudo, no mercado de trabalho se torna cada vez mais importante, dado que a infla\u00e7\u00e3o deve continuar sendo um obst\u00e1culo por um pouco mais de tempo. Para tanto, um impulso na campanha de vacina\u00e7\u00e3o \u00e9 essencial, e ele est\u00e1 chegando\u201d.\u00a0<\/p>\n\n\n<style>.wp-block-kadence-spacer.kt-block-spacer-_89d7ac-3d .kt-block-spacer{height:60px;}.wp-block-kadence-spacer.kt-block-spacer-_89d7ac-3d .kt-divider{border-top-width:1px;height:1px;border-top-color:#eee;width:80%;border-top-style:solid;}<\/style>\n<div class=\"wp-block-kadence-spacer aligncenter kt-block-spacer-_89d7ac-3d\"><div class=\"kt-block-spacer kt-block-spacer-halign-center\" style=\"height:60px\"><hr class=\"kt-divider\" style=\"border-top-color:#eee;border-top-width:1px;width:80%;border-top-style:solid\"\/><\/div><\/div>\n","protected":false},"excerpt":{"rendered":"<p>Levantamento revela que ocorreu um aumento do movimento do com\u00e9rcio em maio de 2,2%, tendo como refer\u00eancia as consultas \u00e0 base de dados da Boa Vista. O trabalho mostra ainda que na varia\u00e7\u00e3o acumulada em 12 meses, a queda desacelerou para 1,7% ap\u00f3s o Indicador do Movimento do Com\u00e9rcio ter uma varia\u00e7\u00e3o positiva de 19,2% [&hellip;]<\/p>\n","protected":false},"author":1,"featured_media":6511,"comment_status":"closed","ping_status":"open","sticky":false,"template":"","format":"standard","meta":{"tdm_status":"","tdm_grid_status":"","footnotes":""},"categories":[153],"tags":[199,201,200,75],"class_list":["post-6509","post","type-post","status-publish","format-standard","has-post-thumbnail","hentry","category-noticias","tag-comercio","tag-movimento","tag-varejo","tag-vendas"],"amp_enabled":true,"_links":{"self":[{"href":"https:\/\/sincomavi.org.br\/index.php?rest_route=\/wp\/v2\/posts\/6509","targetHints":{"allow":["GET"]}}],"collection":[{"href":"https:\/\/sincomavi.org.br\/index.php?rest_route=\/wp\/v2\/posts"}],"about":[{"href":"https:\/\/sincomavi.org.br\/index.php?rest_route=\/wp\/v2\/types\/post"}],"author":[{"embeddable":true,"href":"https:\/\/sincomavi.org.br\/index.php?rest_route=\/wp\/v2\/users\/1"}],"replies":[{"embeddable":true,"href":"https:\/\/sincomavi.org.br\/index.php?rest_route=%2Fwp%2Fv2%2Fcomments&post=6509"}],"version-history":[{"count":1,"href":"https:\/\/sincomavi.org.br\/index.php?rest_route=\/wp\/v2\/posts\/6509\/revisions"}],"predecessor-version":[{"id":6512,"href":"https:\/\/sincomavi.org.br\/index.php?rest_route=\/wp\/v2\/posts\/6509\/revisions\/6512"}],"wp:featuredmedia":[{"embeddable":true,"href":"https:\/\/sincomavi.org.br\/index.php?rest_route=\/wp\/v2\/media\/6511"}],"wp:attachment":[{"href":"https:\/\/sincomavi.org.br\/index.php?rest_route=%2Fwp%2Fv2%2Fmedia&parent=6509"}],"wp:term":[{"taxonomy":"category","embeddable":true,"href":"https:\/\/sincomavi.org.br\/index.php?rest_route=%2Fwp%2Fv2%2Fcategories&post=6509"},{"taxonomy":"post_tag","embeddable":true,"href":"https:\/\/sincomavi.org.br\/index.php?rest_route=%2Fwp%2Fv2%2Ftags&post=6509"}],"curies":[{"name":"wp","href":"https:\/\/api.w.org\/{rel}","templated":true}]}}