{"id":6489,"date":"2021-06-17T10:41:03","date_gmt":"2021-06-17T13:41:03","guid":{"rendered":"https:\/\/sincomavi.org.br\/?p=6489"},"modified":"2021-06-17T10:41:05","modified_gmt":"2021-06-17T13:41:05","slug":"prorrogado-o-prazo-de-entrega-da-efd-reinf-e-dctfweb","status":"publish","type":"post","link":"https:\/\/sincomavi.org.br\/?p=6489","title":{"rendered":"Prorrogado o prazo de entrega da EFD-Reinf e DCTFWeb"},"content":{"rendered":"<style>.wp-block-kadence-spacer.kt-block-spacer-_986046-d1 .kt-block-spacer{height:60px;}.wp-block-kadence-spacer.kt-block-spacer-_986046-d1 .kt-divider{border-top-width:1px;height:1px;border-top-color:#eee;width:80%;border-top-style:solid;}<\/style>\n<div class=\"wp-block-kadence-spacer aligncenter kt-block-spacer-_986046-d1\"><div class=\"kt-block-spacer kt-block-spacer-halign-center\" style=\"height:60px\"><hr class=\"kt-divider\" style=\"border-top-color:#eee;border-top-width:1px;width:80%;border-top-style:solid\"\/><\/div><\/div>\n\n\n\n<p>17\/06\/21 | A Portaria RFB n\u00ba 43\/21 prorrogou o prazo de entrega da Escritura\u00e7\u00e3o Fiscal Digital de Reten\u00e7\u00f5es e Outras Informa\u00e7\u00f5es Fiscais (EFD-Reinf) e da Declara\u00e7\u00e3o de D\u00e9bitos e Cr\u00e9ditos Tribut\u00e1rios Federais Previdenci\u00e1rios e de Outras Entidades e Fundos (DCTFWeb), relativas ao per\u00edodo de apura\u00e7\u00e3o maio de 2021, para at\u00e9 o dia 18 de junho de 2021.<\/p>\n\n\n\n<p>A prorroga\u00e7\u00e3o foi motivada pela verifica\u00e7\u00e3o de instabilidade no acesso ao Centro Virtual de Atendimento ao Contribuinte (e-CAC) no dia 15 de junho, prazo originalmente previsto para o envio das obriga\u00e7\u00f5es.<\/p>\n\n\n\n<p>Tanto a EFD-Reinf como a DCTFWeb s\u00e3o transmitidas \u00e0 Receita Federal por meio do e-CAC, raz\u00e3o pela qual, alguns contribuintes ficaram impedidos de apresentar as declara\u00e7\u00f5es.<\/p>\n\n\n\n<p>N\u00e3o haver\u00e1 incid\u00eancia de multas ou outros encargos relativos \u00e0 entrega das declara\u00e7\u00f5es para os contribuintes que enviarem at\u00e9 o novo prazo.<\/p>\n\n\n\n<p><a href=\"https:\/\/www.gov.br\/receitafederal\/pt-br\/assuntos\/noticias\/2021\/junho\/prorrogado-o-prazo-de-entrega-da-efd-reinf-e-dctfweb\" target=\"_blank\" rel=\"noreferrer noopener\"><strong>Fonte:<\/strong> Receita Federal<\/a><\/p>\n\n\n<style>.wp-block-kadence-spacer.kt-block-spacer-_8de48a-4d .kt-block-spacer{height:60px;}.wp-block-kadence-spacer.kt-block-spacer-_8de48a-4d .kt-divider{border-top-width:1px;height:1px;border-top-color:#eee;width:80%;border-top-style:solid;}<\/style>\n<div class=\"wp-block-kadence-spacer aligncenter kt-block-spacer-_8de48a-4d\"><div class=\"kt-block-spacer kt-block-spacer-halign-center\" style=\"height:60px\"><hr class=\"kt-divider\" style=\"border-top-color:#eee;border-top-width:1px;width:80%;border-top-style:solid\"\/><\/div><\/div>\n","protected":false},"excerpt":{"rendered":"<p>17\/06\/21 | A Portaria RFB n\u00ba 43\/21 prorrogou o prazo de entrega da Escritura\u00e7\u00e3o Fiscal Digital de Reten\u00e7\u00f5es e Outras Informa\u00e7\u00f5es Fiscais (EFD-Reinf) e da Declara\u00e7\u00e3o de D\u00e9bitos e Cr\u00e9ditos Tribut\u00e1rios Federais Previdenci\u00e1rios e de Outras Entidades e Fundos (DCTFWeb), relativas ao per\u00edodo de apura\u00e7\u00e3o maio de 2021, para at\u00e9 o dia 18 de junho [&hellip;]<\/p>\n","protected":false},"author":1,"featured_media":6490,"comment_status":"closed","ping_status":"open","sticky":false,"template":"","format":"standard","meta":{"tdm_status":"","tdm_grid_status":"","footnotes":""},"categories":[157],"tags":[108,134,699,351],"class_list":["post-6489","post","type-post","status-publish","format-standard","has-post-thumbnail","hentry","category-alerta","tag-dctfweb","tag-efd-reinf","tag-portaria-rfb-43-21","tag-prorrogacao"],"amp_enabled":true,"_links":{"self":[{"href":"https:\/\/sincomavi.org.br\/index.php?rest_route=\/wp\/v2\/posts\/6489","targetHints":{"allow":["GET"]}}],"collection":[{"href":"https:\/\/sincomavi.org.br\/index.php?rest_route=\/wp\/v2\/posts"}],"about":[{"href":"https:\/\/sincomavi.org.br\/index.php?rest_route=\/wp\/v2\/types\/post"}],"author":[{"embeddable":true,"href":"https:\/\/sincomavi.org.br\/index.php?rest_route=\/wp\/v2\/users\/1"}],"replies":[{"embeddable":true,"href":"https:\/\/sincomavi.org.br\/index.php?rest_route=%2Fwp%2Fv2%2Fcomments&post=6489"}],"version-history":[{"count":2,"href":"https:\/\/sincomavi.org.br\/index.php?rest_route=\/wp\/v2\/posts\/6489\/revisions"}],"predecessor-version":[{"id":6614,"href":"https:\/\/sincomavi.org.br\/index.php?rest_route=\/wp\/v2\/posts\/6489\/revisions\/6614"}],"wp:featuredmedia":[{"embeddable":true,"href":"https:\/\/sincomavi.org.br\/index.php?rest_route=\/wp\/v2\/media\/6490"}],"wp:attachment":[{"href":"https:\/\/sincomavi.org.br\/index.php?rest_route=%2Fwp%2Fv2%2Fmedia&parent=6489"}],"wp:term":[{"taxonomy":"category","embeddable":true,"href":"https:\/\/sincomavi.org.br\/index.php?rest_route=%2Fwp%2Fv2%2Fcategories&post=6489"},{"taxonomy":"post_tag","embeddable":true,"href":"https:\/\/sincomavi.org.br\/index.php?rest_route=%2Fwp%2Fv2%2Ftags&post=6489"}],"curies":[{"name":"wp","href":"https:\/\/api.w.org\/{rel}","templated":true}]}}