{"id":647,"date":"2019-08-16T11:23:54","date_gmt":"2019-08-16T14:23:54","guid":{"rendered":"http:\/\/sincomavi.org.br\/?p=647"},"modified":"2019-08-19T12:05:38","modified_gmt":"2019-08-19T15:05:38","slug":"avanco-de-quase-27-na-producao-de-bicicletas-em-julho","status":"publish","type":"post","link":"https:\/\/sincomavi.org.br\/?p=647","title":{"rendered":"Avan\u00e7o de quase 27% na produ\u00e7\u00e3o de bicicletas em julho"},"content":{"rendered":"\n<p>A Associa\u00e7\u00e3o Brasileira dos Fabricantes de Motocicletas, Ciclomotores, Motonetas, Bicicletas e Similares (Abraciclo) divulgou o balan\u00e7o da produ\u00e7\u00e3o do Polo Ind\u00fastrial de Manaus (AM) em julho &#8211; crescimento de 26,9% em rela\u00e7\u00e3o ao m\u00eas anterior. O setor fabricou um total de 67.068 unidades no per\u00edodo.  A categoria Urbana foi a mais produzida do m\u00eas de julho, com 35.038 bicicletas, seguida por Mountain Bike (MTB), com 32.629, Infanto-Juvenil, com 16.168 bikes, e, por fim, Estrada, com 793 unidades.<\/p>\n\n\n\n<p>Para Cyro Gazola, vice-presidente do Segmento de Bicicletas da Abraciclo, \u201co aumento da produ\u00e7\u00e3o de bicicletas est\u00e1 relacionado a dois fatores: prepara\u00e7\u00e3o das f\u00e1bricas para datas sazonais, como o Dia das Crian\u00e7as, e os lan\u00e7amentos previstos para o segundo semestre, que v\u00e3o manter o setor aquecido nos pr\u00f3ximos meses&#8221;.<\/p>\n","protected":false},"excerpt":{"rendered":"<p>A Associa\u00e7\u00e3o Brasileira dos Fabricantes de Motocicletas, Ciclomotores, Motonetas, Bicicletas e Similares (Abraciclo) divulgou o balan\u00e7o da produ\u00e7\u00e3o do Polo Ind\u00fastrial de Manaus (AM) em julho &#8211; crescimento de 26,9% em rela\u00e7\u00e3o ao m\u00eas anterior. O setor fabricou um total de 67.068 unidades no per\u00edodo. A categoria Urbana foi a mais produzida do m\u00eas de [&hellip;]<\/p>\n","protected":false},"author":1,"featured_media":648,"comment_status":"closed","ping_status":"open","sticky":false,"template":"","format":"standard","meta":{"tdm_status":"","tdm_grid_status":"","footnotes":""},"categories":[153],"tags":[155,154],"class_list":["post-647","post","type-post","status-publish","format-standard","has-post-thumbnail","hentry","category-noticias","tag-bicicletas","tag-producao"],"amp_enabled":true,"_links":{"self":[{"href":"https:\/\/sincomavi.org.br\/index.php?rest_route=\/wp\/v2\/posts\/647","targetHints":{"allow":["GET"]}}],"collection":[{"href":"https:\/\/sincomavi.org.br\/index.php?rest_route=\/wp\/v2\/posts"}],"about":[{"href":"https:\/\/sincomavi.org.br\/index.php?rest_route=\/wp\/v2\/types\/post"}],"author":[{"embeddable":true,"href":"https:\/\/sincomavi.org.br\/index.php?rest_route=\/wp\/v2\/users\/1"}],"replies":[{"embeddable":true,"href":"https:\/\/sincomavi.org.br\/index.php?rest_route=%2Fwp%2Fv2%2Fcomments&post=647"}],"version-history":[{"count":1,"href":"https:\/\/sincomavi.org.br\/index.php?rest_route=\/wp\/v2\/posts\/647\/revisions"}],"predecessor-version":[{"id":649,"href":"https:\/\/sincomavi.org.br\/index.php?rest_route=\/wp\/v2\/posts\/647\/revisions\/649"}],"wp:featuredmedia":[{"embeddable":true,"href":"https:\/\/sincomavi.org.br\/index.php?rest_route=\/wp\/v2\/media\/648"}],"wp:attachment":[{"href":"https:\/\/sincomavi.org.br\/index.php?rest_route=%2Fwp%2Fv2%2Fmedia&parent=647"}],"wp:term":[{"taxonomy":"category","embeddable":true,"href":"https:\/\/sincomavi.org.br\/index.php?rest_route=%2Fwp%2Fv2%2Fcategories&post=647"},{"taxonomy":"post_tag","embeddable":true,"href":"https:\/\/sincomavi.org.br\/index.php?rest_route=%2Fwp%2Fv2%2Ftags&post=647"}],"curies":[{"name":"wp","href":"https:\/\/api.w.org\/{rel}","templated":true}]}}