{"id":6438,"date":"2021-06-09T16:53:33","date_gmt":"2021-06-09T19:53:33","guid":{"rendered":"https:\/\/sincomavi.org.br\/?p=6438"},"modified":"2021-06-09T16:57:14","modified_gmt":"2021-06-09T19:57:14","slug":"plano-sao-paulo-medidas-anunciadas","status":"publish","type":"post","link":"https:\/\/sincomavi.org.br\/?p=6438","title":{"rendered":"Plano S\u00e3o Paulo: medidas anunciadas"},"content":{"rendered":"<style>.wp-block-kadence-spacer.kt-block-spacer-_581603-a0 .kt-block-spacer{height:60px;}.wp-block-kadence-spacer.kt-block-spacer-_581603-a0 .kt-divider{border-top-width:1px;height:1px;border-top-color:#eee;width:80%;border-top-style:solid;}<\/style>\n<div class=\"wp-block-kadence-spacer aligncenter kt-block-spacer-_581603-a0\"><div class=\"kt-block-spacer kt-block-spacer-halign-center\" style=\"height:60px\"><hr class=\"kt-divider\" style=\"border-top-color:#eee;border-top-width:1px;width:80%;border-top-style:solid\"\/><\/div><\/div>\n\n\n\n<p>09\/06\/21 | Em entrevista coletiva concedida hoje, 09 de junho de 2021, o governo estadual anunciou as seguintes medidas a respeito do enfrentamento ao coronav\u00edrus:<\/p>\n\n\n\n<p>&#8211; prorroga\u00e7\u00e3o da fase de transi\u00e7\u00e3o do Plano S\u00e3o Paulo para todo o Estado at\u00e9 o dia 30 de junho. As regras atuais permanecem as mesmas: funcionamento das atividades econ\u00f4micas at\u00e9 as 21 horas e permiss\u00e3o de 40% de ocupa\u00e7\u00e3o nos estabelecimentos. O toque de recolher continua nas 645 cidades do Estado, das 21h \u00e0s 5h, assim como a recomenda\u00e7\u00e3o de teletrabalho para atividades administrativas n\u00e3o essenciais e escalonamento de hor\u00e1rios para entrada e sa\u00edda de trabalhadores do com\u00e9rcio, servi\u00e7os e ind\u00fastrias. A amplia\u00e7\u00e3o dessas condi\u00e7\u00f5es, por recomenda\u00e7\u00e3o do Centro de Conting\u00eancia, foi prorrogada at\u00e9 que as condi\u00e7\u00f5es dos \u00edndices da pandemia permitam essa expans\u00e3o.<\/p>\n\n\n\n<p>&#8211; apoio econ\u00f4mico aos estabelecimentos comerciais afetados pela pandemia, com a n\u00e3o suspens\u00e3o do fornecimento de \u00e1gua pela Sabesp e programa de renegocia\u00e7\u00e3o de d\u00e9bitos, denominado Programa D\u00e9bito Parcelado.<\/p>\n\n\n\n<p>Na esfera da Sabesp, os alvos s\u00e3o os estabelecimentos que t\u00eam consumo de at\u00e9 100 metros c\u00fabicos ao m\u00eas. A vig\u00eancia \u00e9 de 1\u00ba de junho a 31 de agosto e n\u00e3o haver\u00e1 a interrup\u00e7\u00e3o dos servi\u00e7os da Sabesp no per\u00edodo. Os d\u00e9bitos existentes, incluindo acordos durante a pandemia, poder\u00e3o ser renegociados sem multa e juros, e os estabelecimentos negativados ter\u00e3o os efeitos suspensos ap\u00f3s a repactua\u00e7\u00e3o. O prazo de parcelamento \u00e9 de at\u00e9 12 meses.<\/p>\n\n\n\n<p>O Programa D\u00e9bito Parcelado vai dar desconto nas d\u00edvidas de ICMS e IPVA para at\u00e9 1 milh\u00e3o e 600 mil contribuintes e permite que pessoas f\u00edsicas e empresas de micro e pequeno portes, atingidas pelo efeito da pandemia em 2020, tenham desconto no pagamento de suas d\u00edvidas de at\u00e9 40% nos juros e nas multas de ICMS e IPVA. O programa possibilita parcelamento em at\u00e9 60 meses de d\u00e9bitos de ICMS do ano de 2020 inscritos em d\u00edvida ativa, contando com desconto exclusivo de at\u00e9 40% em juros e multas. Ele iniciou-se para ICMS em 1 de junho e para o IPVA est\u00e1 marcado para come\u00e7ar em 15 de junho.<\/p>\n\n\n\n<p>A transa\u00e7\u00e3o tribut\u00e1ria \u00e9 uma ferramenta inovadora de cobran\u00e7a que melhorar\u00e1 a arrecada\u00e7\u00e3o e viabilizar\u00e1 n\u00e3o apenas a extin\u00e7\u00e3o de processos judiciais, como tamb\u00e9m a r\u00e1pida regulariza\u00e7\u00e3o de situa\u00e7\u00f5es jur\u00eddicas tribut\u00e1rias. O detalhamento encontra-se no site <a href=\"http:\/\/www.dividaativa.pge.sp.gov.br\/transacao\" target=\"_blank\" rel=\"noreferrer noopener\"><strong>www.dividaativa.pge.sp.gov.br\/transacao<\/strong><\/a>.<\/p>\n\n\n\n<p>Para melhor entendimento das medidas, confira as reprodu\u00e7\u00f5es abaixo das informa\u00e7\u00f5es divulgadas pelos \u00f3rg\u00e3os oficiais do governo estadual.<\/p>\n\n\n\n<figure class=\"wp-block-image size-large\"><img loading=\"lazy\" decoding=\"async\" width=\"934\" height=\"544\" src=\"https:\/\/sincomavi.org.br\/wp-content\/uploads\/2021\/06\/image.png\" alt=\"\" class=\"wp-image-6439\" srcset=\"https:\/\/sincomavi.org.br\/wp-content\/uploads\/2021\/06\/image.png 934w, https:\/\/sincomavi.org.br\/wp-content\/uploads\/2021\/06\/image-300x175.png 300w, https:\/\/sincomavi.org.br\/wp-content\/uploads\/2021\/06\/image-768x447.png 768w, https:\/\/sincomavi.org.br\/wp-content\/uploads\/2021\/06\/image-721x420.png 721w, https:\/\/sincomavi.org.br\/wp-content\/uploads\/2021\/06\/image-640x373.png 640w, https:\/\/sincomavi.org.br\/wp-content\/uploads\/2021\/06\/image-681x397.png 681w\" sizes=\"auto, (max-width: 934px) 100vw, 934px\" \/><\/figure>\n\n\n\n<figure class=\"wp-block-image size-large\"><img loading=\"lazy\" decoding=\"async\" width=\"979\" height=\"559\" src=\"https:\/\/sincomavi.org.br\/wp-content\/uploads\/2021\/06\/image-1.png\" alt=\"\" class=\"wp-image-6440\" srcset=\"https:\/\/sincomavi.org.br\/wp-content\/uploads\/2021\/06\/image-1.png 979w, https:\/\/sincomavi.org.br\/wp-content\/uploads\/2021\/06\/image-1-300x171.png 300w, https:\/\/sincomavi.org.br\/wp-content\/uploads\/2021\/06\/image-1-768x439.png 768w, https:\/\/sincomavi.org.br\/wp-content\/uploads\/2021\/06\/image-1-736x420.png 736w, https:\/\/sincomavi.org.br\/wp-content\/uploads\/2021\/06\/image-1-640x365.png 640w, https:\/\/sincomavi.org.br\/wp-content\/uploads\/2021\/06\/image-1-681x389.png 681w\" sizes=\"auto, (max-width: 979px) 100vw, 979px\" \/><\/figure>\n\n\n\n<figure class=\"wp-block-image size-large\"><img loading=\"lazy\" decoding=\"async\" width=\"679\" height=\"403\" src=\"https:\/\/sincomavi.org.br\/wp-content\/uploads\/2021\/06\/image-2.png\" alt=\"\" class=\"wp-image-6441\" srcset=\"https:\/\/sincomavi.org.br\/wp-content\/uploads\/2021\/06\/image-2.png 679w, https:\/\/sincomavi.org.br\/wp-content\/uploads\/2021\/06\/image-2-300x178.png 300w, https:\/\/sincomavi.org.br\/wp-content\/uploads\/2021\/06\/image-2-640x380.png 640w\" sizes=\"auto, (max-width: 679px) 100vw, 679px\" \/><\/figure>\n\n\n<style>.wp-block-kadence-spacer.kt-block-spacer-_bd3d68-97 .kt-block-spacer{height:60px;}.wp-block-kadence-spacer.kt-block-spacer-_bd3d68-97 .kt-divider{border-top-width:1px;height:1px;border-top-color:#eee;width:80%;border-top-style:solid;}<\/style>\n<div class=\"wp-block-kadence-spacer aligncenter kt-block-spacer-_bd3d68-97\"><div class=\"kt-block-spacer kt-block-spacer-halign-center\" style=\"height:60px\"><hr class=\"kt-divider\" style=\"border-top-color:#eee;border-top-width:1px;width:80%;border-top-style:solid\"\/><\/div><\/div>\n","protected":false},"excerpt":{"rendered":"<p>09\/06\/21 | Em entrevista coletiva concedida hoje, 09 de junho de 2021, o governo estadual anunciou as seguintes medidas a respeito do enfrentamento ao coronav\u00edrus: &#8211; prorroga\u00e7\u00e3o da fase de transi\u00e7\u00e3o do Plano S\u00e3o Paulo para todo o Estado at\u00e9 o dia 30 de junho. As regras atuais permanecem as mesmas: funcionamento das atividades econ\u00f4micas [&hellip;]<\/p>\n","protected":false},"author":1,"featured_media":6442,"comment_status":"closed","ping_status":"open","sticky":false,"template":"","format":"standard","meta":{"tdm_status":"","tdm_grid_status":"","footnotes":""},"categories":[157],"tags":[375,397,588],"class_list":["post-6438","post","type-post","status-publish","format-standard","has-post-thumbnail","hentry","category-alerta","tag-coronavirus-2","tag-covid-19","tag-plano-sao-paulo"],"amp_enabled":true,"_links":{"self":[{"href":"https:\/\/sincomavi.org.br\/index.php?rest_route=\/wp\/v2\/posts\/6438","targetHints":{"allow":["GET"]}}],"collection":[{"href":"https:\/\/sincomavi.org.br\/index.php?rest_route=\/wp\/v2\/posts"}],"about":[{"href":"https:\/\/sincomavi.org.br\/index.php?rest_route=\/wp\/v2\/types\/post"}],"author":[{"embeddable":true,"href":"https:\/\/sincomavi.org.br\/index.php?rest_route=\/wp\/v2\/users\/1"}],"replies":[{"embeddable":true,"href":"https:\/\/sincomavi.org.br\/index.php?rest_route=%2Fwp%2Fv2%2Fcomments&post=6438"}],"version-history":[{"count":7,"href":"https:\/\/sincomavi.org.br\/index.php?rest_route=\/wp\/v2\/posts\/6438\/revisions"}],"predecessor-version":[{"id":6610,"href":"https:\/\/sincomavi.org.br\/index.php?rest_route=\/wp\/v2\/posts\/6438\/revisions\/6610"}],"wp:featuredmedia":[{"embeddable":true,"href":"https:\/\/sincomavi.org.br\/index.php?rest_route=\/wp\/v2\/media\/6442"}],"wp:attachment":[{"href":"https:\/\/sincomavi.org.br\/index.php?rest_route=%2Fwp%2Fv2%2Fmedia&parent=6438"}],"wp:term":[{"taxonomy":"category","embeddable":true,"href":"https:\/\/sincomavi.org.br\/index.php?rest_route=%2Fwp%2Fv2%2Fcategories&post=6438"},{"taxonomy":"post_tag","embeddable":true,"href":"https:\/\/sincomavi.org.br\/index.php?rest_route=%2Fwp%2Fv2%2Ftags&post=6438"}],"curies":[{"name":"wp","href":"https:\/\/api.w.org\/{rel}","templated":true}]}}