{"id":6360,"date":"2021-06-01T09:31:31","date_gmt":"2021-06-01T12:31:31","guid":{"rendered":"https:\/\/sincomavi.org.br\/?p=6360"},"modified":"2021-06-01T09:32:02","modified_gmt":"2021-06-01T12:32:02","slug":"abril-espelha-marco-e-emprego-avanca-no-varejo-de-material-de-construcao","status":"publish","type":"post","link":"https:\/\/sincomavi.org.br\/?p=6360","title":{"rendered":"Abril espelha mar\u00e7o e emprego avan\u00e7a no varejo de matcons"},"content":{"rendered":"<style>.wp-block-kadence-spacer.kt-block-spacer-_64b70e-58 .kt-block-spacer{height:60px;}.wp-block-kadence-spacer.kt-block-spacer-_64b70e-58 .kt-divider{border-top-width:1px;height:1px;border-top-color:#eee;width:80%;border-top-style:solid;}<\/style>\n<div class=\"wp-block-kadence-spacer aligncenter kt-block-spacer-_64b70e-58\"><div class=\"kt-block-spacer kt-block-spacer-halign-center\" style=\"height:60px\"><hr class=\"kt-divider\" style=\"border-top-color:rgba(238, 238, 238, 1);border-top-width:1px;width:80%;border-top-style:solid\"\/><\/div><\/div>\n\n\n\n<p>O mercado de trabalho do com\u00e9rcio varejista de material de constru\u00e7\u00e3o da Regi\u00e3o Metropolitana de S\u00e3o Paulo (RMSP) criou 407 empregos com carteira assinada em abril. Resultado de 2.362 admiss\u00f5es e 1.955 desligamentos no per\u00edodo. Na capital paulista, o avan\u00e7o foi de 104 postos. Em ambos os casos o movimento de m\u00e3o de obra mensal se revelou bastante similar ao registrado em mar\u00e7o.<\/p>\n\n\n\n<p><strong>Evolu\u00e7\u00e3o do saldo de empregos do varejo de materiais de constru\u00e7\u00e3o \u2013 RMSP e S\u00e3o Paulo\/SP<\/strong><\/p>\n\n\n\n<div class=\"wp-block-image\"><figure class=\"aligncenter size-large\"><img loading=\"lazy\" decoding=\"async\" width=\"696\" height=\"451\" src=\"https:\/\/sincomavi.org.br\/wp-content\/uploads\/2021\/06\/GR1.jpg\" alt=\"\" class=\"wp-image-6361\" srcset=\"https:\/\/sincomavi.org.br\/wp-content\/uploads\/2021\/06\/GR1.jpg 696w, https:\/\/sincomavi.org.br\/wp-content\/uploads\/2021\/06\/GR1-300x194.jpg 300w, https:\/\/sincomavi.org.br\/wp-content\/uploads\/2021\/06\/GR1-648x420.jpg 648w, https:\/\/sincomavi.org.br\/wp-content\/uploads\/2021\/06\/GR1-341x220.jpg 341w, https:\/\/sincomavi.org.br\/wp-content\/uploads\/2021\/06\/GR1-640x415.jpg 640w, https:\/\/sincomavi.org.br\/wp-content\/uploads\/2021\/06\/GR1-681x441.jpg 681w\" sizes=\"auto, (max-width: 696px) 100vw, 696px\" \/><figcaption>Fonte: Caged<\/figcaption><\/figure><\/div>\n\n\n\n<p>No m\u00eas analisado apenas o varejo de vidros registrou mais desligamentos que admiss\u00f5es, com -4 vagas. J\u00e1 os melhores desempenhos absolutos foram obtidos pelos estabelecimentos de materiais de constru\u00e7\u00e3o em geral (+174 vagas) e no varejo de ferragens e ferramentas (+112 vagas). Ao todo s\u00e3o mais de 85,8 mil v\u00ednculos empregat\u00edcios ativos na soma dos segmentos da RMSP.<\/p>\n\n\n\n<div class=\"wp-block-image\"><figure class=\"aligncenter size-large\"><img loading=\"lazy\" decoding=\"async\" width=\"520\" height=\"267\" src=\"https:\/\/sincomavi.org.br\/wp-content\/uploads\/2021\/06\/GR2.jpg\" alt=\"\" class=\"wp-image-6362\" srcset=\"https:\/\/sincomavi.org.br\/wp-content\/uploads\/2021\/06\/GR2.jpg 520w, https:\/\/sincomavi.org.br\/wp-content\/uploads\/2021\/06\/GR2-300x154.jpg 300w\" sizes=\"auto, (max-width: 520px) 100vw, 520px\" \/><\/figure><\/div>\n\n\n\n<p>Considerando o desempenho acumulado no primeiro quadrimestre h\u00e1 evolu\u00e7\u00e3o de 3.278 vagas. J\u00e1 nos \u00faltimos doze meses, de maio de 2020 a abril de 2021, h\u00e1 um saldo positivo de cerca de 6,6 mil vagas. O crescimento ficou concentrado nos dois casos, primeiro quadrimestre e acumulado dos \u00faltimos doze meses, no varejo de ferragens e ferramentas e nas lojas de materiais de constru\u00e7\u00e3o em geral.<\/p>\n\n\n\n<div class=\"wp-block-image\"><figure class=\"aligncenter size-large\"><img loading=\"lazy\" decoding=\"async\" width=\"397\" height=\"286\" src=\"https:\/\/sincomavi.org.br\/wp-content\/uploads\/2021\/06\/GR3.jpg\" alt=\"\" class=\"wp-image-6363\" srcset=\"https:\/\/sincomavi.org.br\/wp-content\/uploads\/2021\/06\/GR3.jpg 397w, https:\/\/sincomavi.org.br\/wp-content\/uploads\/2021\/06\/GR3-300x216.jpg 300w\" sizes=\"auto, (max-width: 397px) 100vw, 397px\" \/><\/figure><\/div>\n\n\n\n<p>O economista Jaime Vasconcellos confessa que at\u00e9 se esperava melhores n\u00fameros de emprego para os estabelecimentos varejistas de materiais de constru\u00e7\u00e3o em abril. Por\u00e9m, o ritmo de crescimento se manteve muito pela permiss\u00e3o do setor ao retorno de atendimento presencial ter ocorrido apenas no ter\u00e7o final do m\u00eas. \u201cEste saldo mais arrefecido no \u00faltimo bimestre foi impactado exatamente pelas restri\u00e7\u00f5es do Plano S\u00e3o Paulo e a tend\u00eancia \u00e9 o retorno ao maior ritmo de gera\u00e7\u00e3o de vagas, dado que a demanda ao setor se mant\u00e9m firme e consolidada\u201d, avalia. O risco em potencial se d\u00e1 pela infla\u00e7\u00e3o severa que acomete o setor, bem como evolu\u00e7\u00e3o do desemprego e do juro na economia brasileira. Para Jaime, os impactos destas vari\u00e1veis no or\u00e7amento e confian\u00e7a das fam\u00edlias devem ser observados de forma ainda mais criteriosa.<\/p>\n\n\n<style>.wp-block-kadence-spacer.kt-block-spacer-_bed36a-33 .kt-block-spacer{height:60px;}.wp-block-kadence-spacer.kt-block-spacer-_bed36a-33 .kt-divider{border-top-width:1px;height:1px;border-top-color:#eee;width:80%;border-top-style:solid;}<\/style>\n<div class=\"wp-block-kadence-spacer aligncenter kt-block-spacer-_bed36a-33\"><div class=\"kt-block-spacer kt-block-spacer-halign-center\" style=\"height:60px\"><hr class=\"kt-divider\" style=\"border-top-color:rgba(238, 238, 238, 1);border-top-width:1px;width:80%;border-top-style:solid\"\/><\/div><\/div>\n","protected":false},"excerpt":{"rendered":"<p>O mercado de trabalho do com\u00e9rcio varejista de material de constru\u00e7\u00e3o da Regi\u00e3o Metropolitana de S\u00e3o Paulo (RMSP) criou 407 empregos com carteira assinada em abril. Resultado de 2.362 admiss\u00f5es e 1.955 desligamentos no per\u00edodo. Na capital paulista, o avan\u00e7o foi de 104 postos. Em ambos os casos o movimento de m\u00e3o de obra mensal [&hellip;]<\/p>\n","protected":false},"author":1,"featured_media":6364,"comment_status":"closed","ping_status":"open","sticky":false,"template":"","format":"standard","meta":{"tdm_status":"","tdm_grid_status":"","footnotes":""},"categories":[153],"tags":[89,53,277,376,158,694],"class_list":["post-6360","post","type-post","status-publish","format-standard","has-post-thumbnail","hentry","category-noticias","tag-caged","tag-emprego","tag-ferragens","tag-ferramentas","tag-material-de-construcao","tag-mercado-de-trabalho"],"amp_enabled":true,"_links":{"self":[{"href":"https:\/\/sincomavi.org.br\/index.php?rest_route=\/wp\/v2\/posts\/6360","targetHints":{"allow":["GET"]}}],"collection":[{"href":"https:\/\/sincomavi.org.br\/index.php?rest_route=\/wp\/v2\/posts"}],"about":[{"href":"https:\/\/sincomavi.org.br\/index.php?rest_route=\/wp\/v2\/types\/post"}],"author":[{"embeddable":true,"href":"https:\/\/sincomavi.org.br\/index.php?rest_route=\/wp\/v2\/users\/1"}],"replies":[{"embeddable":true,"href":"https:\/\/sincomavi.org.br\/index.php?rest_route=%2Fwp%2Fv2%2Fcomments&post=6360"}],"version-history":[{"count":3,"href":"https:\/\/sincomavi.org.br\/index.php?rest_route=\/wp\/v2\/posts\/6360\/revisions"}],"predecessor-version":[{"id":6607,"href":"https:\/\/sincomavi.org.br\/index.php?rest_route=\/wp\/v2\/posts\/6360\/revisions\/6607"}],"wp:featuredmedia":[{"embeddable":true,"href":"https:\/\/sincomavi.org.br\/index.php?rest_route=\/wp\/v2\/media\/6364"}],"wp:attachment":[{"href":"https:\/\/sincomavi.org.br\/index.php?rest_route=%2Fwp%2Fv2%2Fmedia&parent=6360"}],"wp:term":[{"taxonomy":"category","embeddable":true,"href":"https:\/\/sincomavi.org.br\/index.php?rest_route=%2Fwp%2Fv2%2Fcategories&post=6360"},{"taxonomy":"post_tag","embeddable":true,"href":"https:\/\/sincomavi.org.br\/index.php?rest_route=%2Fwp%2Fv2%2Ftags&post=6360"}],"curies":[{"name":"wp","href":"https:\/\/api.w.org\/{rel}","templated":true}]}}