{"id":6342,"date":"2021-05-26T14:52:21","date_gmt":"2021-05-26T17:52:21","guid":{"rendered":"https:\/\/sincomavi.org.br\/?p=6342"},"modified":"2021-05-26T14:52:43","modified_gmt":"2021-05-26T17:52:43","slug":"covid-19-prorrogada-a-fase-de-transicao-em-sp-ate-14-de-junho","status":"publish","type":"post","link":"https:\/\/sincomavi.org.br\/?p=6342","title":{"rendered":"Covid-19: prorrogada a fase de transi\u00e7\u00e3o em SP at\u00e9 14 de junho"},"content":{"rendered":"<style>.wp-block-kadence-spacer.kt-block-spacer-_2c73d6-0e .kt-block-spacer{height:60px;}.wp-block-kadence-spacer.kt-block-spacer-_2c73d6-0e .kt-divider{border-top-width:1px;height:1px;border-top-color:#eee;width:80%;border-top-style:solid;}<\/style>\n<div class=\"wp-block-kadence-spacer aligncenter kt-block-spacer-_2c73d6-0e\"><div class=\"kt-block-spacer kt-block-spacer-halign-center\" style=\"height:60px\"><hr class=\"kt-divider\" style=\"border-top-color:rgba(238, 238, 238, 1);border-top-width:1px;width:80%;border-top-style:solid\"\/><\/div><\/div>\n\n\n\n<p>O governo do Estado de S\u00e3o Paulo informou nesta quarta-feira, 26 de maio de 2021, a prorroga\u00e7\u00e3o da fase de transi\u00e7\u00e3o do Plano S\u00e3o Paulo para todo o Estado at\u00e9 o dia 14 de junho. As regras continuam sendo as atuais: funcionamento das atividades econ\u00f4micas at\u00e9 as 21 horas e permiss\u00e3o de 40% de ocupa\u00e7\u00e3o nos estabelecimentos.<\/p>\n\n\n\n<p>Dessa forma, os com\u00e9rcios, galerias e shoppings t\u00eam permiss\u00e3o para atendimento no hor\u00e1rio das 6h \u00e0s 21h.<\/p>\n\n\n\n<p>O toque de recolher permanece para as 645 cidades do estado, das 21h \u00e0s 5h, assim como a recomenda\u00e7\u00e3o de teletrabalho para atividades administrativas n\u00e3o essenciais e escalonamento de hor\u00e1rios para entrada e sa\u00edda de trabalhadores do com\u00e9rcio, servi\u00e7os e ind\u00fastrias.<\/p>\n\n\n\n<figure class=\"wp-block-image size-large\"><img loading=\"lazy\" decoding=\"async\" width=\"852\" height=\"505\" src=\"https:\/\/sincomavi.org.br\/wp-content\/uploads\/2021\/05\/ESTADO.jpg\" alt=\"\" class=\"wp-image-6343\" srcset=\"https:\/\/sincomavi.org.br\/wp-content\/uploads\/2021\/05\/ESTADO.jpg 852w, https:\/\/sincomavi.org.br\/wp-content\/uploads\/2021\/05\/ESTADO-300x178.jpg 300w, https:\/\/sincomavi.org.br\/wp-content\/uploads\/2021\/05\/ESTADO-768x455.jpg 768w, https:\/\/sincomavi.org.br\/wp-content\/uploads\/2021\/05\/ESTADO-709x420.jpg 709w, https:\/\/sincomavi.org.br\/wp-content\/uploads\/2021\/05\/ESTADO-640x379.jpg 640w, https:\/\/sincomavi.org.br\/wp-content\/uploads\/2021\/05\/ESTADO-681x404.jpg 681w\" sizes=\"auto, (max-width: 852px) 100vw, 852px\" \/><\/figure>\n\n\n<style>.wp-block-kadence-spacer.kt-block-spacer-_dfe17d-5e .kt-block-spacer{height:60px;}.wp-block-kadence-spacer.kt-block-spacer-_dfe17d-5e .kt-divider{border-top-width:1px;height:1px;border-top-color:#eee;width:80%;border-top-style:solid;}<\/style>\n<div class=\"wp-block-kadence-spacer aligncenter kt-block-spacer-_dfe17d-5e\"><div class=\"kt-block-spacer kt-block-spacer-halign-center\" style=\"height:60px\"><hr class=\"kt-divider\" style=\"border-top-color:rgba(238, 238, 238, 1);border-top-width:1px;width:80%;border-top-style:solid\"\/><\/div><\/div>\n","protected":false},"excerpt":{"rendered":"<p>O governo do Estado de S\u00e3o Paulo informou nesta quarta-feira, 26 de maio de 2021, a prorroga\u00e7\u00e3o da fase de transi\u00e7\u00e3o do Plano S\u00e3o Paulo para todo o Estado at\u00e9 o dia 14 de junho. As regras continuam sendo as atuais: funcionamento das atividades econ\u00f4micas at\u00e9 as 21 horas e permiss\u00e3o de 40% de ocupa\u00e7\u00e3o [&hellip;]<\/p>\n","protected":false},"author":1,"featured_media":6344,"comment_status":"closed","ping_status":"open","sticky":false,"template":"","format":"standard","meta":{"tdm_status":"","tdm_grid_status":"","footnotes":""},"categories":[157],"tags":[199,349,397,588,200],"class_list":["post-6342","post","type-post","status-publish","format-standard","has-post-thumbnail","hentry","category-alerta","tag-comercio","tag-coronavirus","tag-covid-19","tag-plano-sao-paulo","tag-varejo"],"amp_enabled":true,"_links":{"self":[{"href":"https:\/\/sincomavi.org.br\/index.php?rest_route=\/wp\/v2\/posts\/6342","targetHints":{"allow":["GET"]}}],"collection":[{"href":"https:\/\/sincomavi.org.br\/index.php?rest_route=\/wp\/v2\/posts"}],"about":[{"href":"https:\/\/sincomavi.org.br\/index.php?rest_route=\/wp\/v2\/types\/post"}],"author":[{"embeddable":true,"href":"https:\/\/sincomavi.org.br\/index.php?rest_route=\/wp\/v2\/users\/1"}],"replies":[{"embeddable":true,"href":"https:\/\/sincomavi.org.br\/index.php?rest_route=%2Fwp%2Fv2%2Fcomments&post=6342"}],"version-history":[{"count":2,"href":"https:\/\/sincomavi.org.br\/index.php?rest_route=\/wp\/v2\/posts\/6342\/revisions"}],"predecessor-version":[{"id":6402,"href":"https:\/\/sincomavi.org.br\/index.php?rest_route=\/wp\/v2\/posts\/6342\/revisions\/6402"}],"wp:featuredmedia":[{"embeddable":true,"href":"https:\/\/sincomavi.org.br\/index.php?rest_route=\/wp\/v2\/media\/6344"}],"wp:attachment":[{"href":"https:\/\/sincomavi.org.br\/index.php?rest_route=%2Fwp%2Fv2%2Fmedia&parent=6342"}],"wp:term":[{"taxonomy":"category","embeddable":true,"href":"https:\/\/sincomavi.org.br\/index.php?rest_route=%2Fwp%2Fv2%2Fcategories&post=6342"},{"taxonomy":"post_tag","embeddable":true,"href":"https:\/\/sincomavi.org.br\/index.php?rest_route=%2Fwp%2Fv2%2Ftags&post=6342"}],"curies":[{"name":"wp","href":"https:\/\/api.w.org\/{rel}","templated":true}]}}