{"id":6329,"date":"2021-05-21T13:42:05","date_gmt":"2021-05-21T16:42:05","guid":{"rendered":"https:\/\/sincomavi.org.br\/?p=6329"},"modified":"2021-05-21T13:42:06","modified_gmt":"2021-05-21T16:42:06","slug":"nao-perca-webinario-ead-nos-novos-tempos-ja-esta-disponivel","status":"publish","type":"post","link":"https:\/\/sincomavi.org.br\/?p=6329","title":{"rendered":"N\u00e3o perca: webin\u00e1rio &#8220;EAD nos novos tempos&#8221; j\u00e1 est\u00e1 dispon\u00edvel"},"content":{"rendered":"<style>.wp-block-kadence-spacer.kt-block-spacer-_4037c4-16 .kt-block-spacer{height:60px;}.wp-block-kadence-spacer.kt-block-spacer-_4037c4-16 .kt-divider{border-top-width:1px;height:1px;border-top-color:#eee;width:80%;border-top-style:solid;}<\/style>\n<div class=\"wp-block-kadence-spacer aligncenter kt-block-spacer-_4037c4-16\"><div class=\"kt-block-spacer kt-block-spacer-halign-center\" style=\"height:60px\"><hr class=\"kt-divider\" style=\"border-top-color:rgba(238, 238, 238, 1);border-top-width:1px;width:80%;border-top-style:solid\"\/><\/div><\/div>\n\n\n\n<p>Para quem perdeu a oportunidade de assistir o webin\u00e1rio \u201cEAD nos novos tempos\u201d, realizado em 12 de maio, agora \u00e9 poss\u00edvel ver o conte\u00fado completo na plataforma de ensino a dist\u00e2ncia do Sincomavi.<\/p>\n\n\n<style>.wp-block-kadence-advancedbtn.kb-btns_5ed39a-9c{gap:var(--global-kb-gap-xs, 0.5rem );justify-content:center;align-items:center;}.kt-btns_5ed39a-9c .kt-button{font-weight:normal;font-style:normal;}.kt-btns_5ed39a-9c .kt-btn-wrap-0{margin-right:5px;}.wp-block-kadence-advancedbtn.kt-btns_5ed39a-9c .kt-btn-wrap-0 .kt-button{color:#555555;border-color:#555555;}.wp-block-kadence-advancedbtn.kt-btns_5ed39a-9c .kt-btn-wrap-0 .kt-button:hover, .wp-block-kadence-advancedbtn.kt-btns_5ed39a-9c .kt-btn-wrap-0 .kt-button:focus{color:#ffffff;border-color:#444444;}.wp-block-kadence-advancedbtn.kt-btns_5ed39a-9c .kt-btn-wrap-0 .kt-button::before{display:none;}.wp-block-kadence-advancedbtn.kt-btns_5ed39a-9c .kt-btn-wrap-0 .kt-button:hover, .wp-block-kadence-advancedbtn.kt-btns_5ed39a-9c .kt-btn-wrap-0 .kt-button:focus{background:#444444;}<\/style>\n<div class=\"wp-block-kadence-advancedbtn kt-btn-align-center kt-btn-tablet-align-inherit kt-btn-mobile-align-inherit kt-btns-wrap kt-btns_5ed39a-9c\"><div class=\"kt-btn-wrap kt-btn-wrap-0\"><a class=\"kt-button button kt-btn-0-action kt-btn-size-standard kt-btn-style-basic kt-btn-svg-show-always kt-btn-has-text-true kt-btn-has-svg-false\" href=\"https:\/\/sincomavieduca.org.br\/c\/webinario-ead-nos-novos-tempos\" target=\"_blank\" rel=\"noreferrer noopener\"><span class=\"kt-btn-inner-text\">CLIQUE AQUI<\/span><\/a><\/div><\/div>\n\n\n\n<p>A programa\u00e7\u00e3o ficou sob a responsabilidade de Samuel Sena, COO do <a href=\"https:\/\/sincomavi.org.br\/curseduca\/\" target=\"_blank\" rel=\"noreferrer noopener\"><strong>Curseduca<\/strong><\/a>, que possui experi\u00eancia de mais de quatro anos na capacita\u00e7\u00e3o de parceiros e clientes no Brasil, Dubai, Irlanda, Alemanha Espanha, Estados Unidos e Bangladesh. Entre os pontos abordados no webin\u00e1rio est\u00e3o como esse novo ecossistema est\u00e1 colaborando no amadurecimento da educa\u00e7\u00e3o corporativa, vantagens e desvantagens do sistema e a aplica\u00e7\u00e3o da tecnologia para facilitar a implanta\u00e7\u00e3o do EAD nos mais diferentes tipos de neg\u00f3cios.<\/p>\n\n\n<style>.wp-block-kadence-spacer.kt-block-spacer-_ef657f-50 .kt-block-spacer{height:60px;}.wp-block-kadence-spacer.kt-block-spacer-_ef657f-50 .kt-divider{border-top-width:1px;height:1px;border-top-color:#eee;width:80%;border-top-style:solid;}<\/style>\n<div class=\"wp-block-kadence-spacer aligncenter kt-block-spacer-_ef657f-50\"><div class=\"kt-block-spacer kt-block-spacer-halign-center\" style=\"height:60px\"><hr class=\"kt-divider\" style=\"border-top-color:rgba(238, 238, 238, 1);border-top-width:1px;width:80%;border-top-style:solid\"\/><\/div><\/div>\n","protected":false},"excerpt":{"rendered":"<p>Para quem perdeu a oportunidade de assistir o webin\u00e1rio \u201cEAD nos novos tempos\u201d, realizado em 12 de maio, agora \u00e9 poss\u00edvel ver o conte\u00fado completo na plataforma de ensino a dist\u00e2ncia do Sincomavi. A programa\u00e7\u00e3o ficou sob a responsabilidade de Samuel Sena, COO do Curseduca, que possui experi\u00eancia de mais de quatro anos na capacita\u00e7\u00e3o [&hellip;]<\/p>\n","protected":false},"author":1,"featured_media":6330,"comment_status":"closed","ping_status":"open","sticky":false,"template":"","format":"standard","meta":{"tdm_status":"","tdm_grid_status":"","footnotes":""},"categories":[153],"tags":[690,187,59,617,178,343,459],"class_list":["post-6329","post","type-post","status-publish","format-standard","has-post-thumbnail","hentry","category-noticias","tag-curseduca","tag-ead","tag-marketing-digital","tag-sincomavi-educa","tag-treinamento","tag-webinar","tag-webinario"],"amp_enabled":true,"_links":{"self":[{"href":"https:\/\/sincomavi.org.br\/index.php?rest_route=\/wp\/v2\/posts\/6329","targetHints":{"allow":["GET"]}}],"collection":[{"href":"https:\/\/sincomavi.org.br\/index.php?rest_route=\/wp\/v2\/posts"}],"about":[{"href":"https:\/\/sincomavi.org.br\/index.php?rest_route=\/wp\/v2\/types\/post"}],"author":[{"embeddable":true,"href":"https:\/\/sincomavi.org.br\/index.php?rest_route=\/wp\/v2\/users\/1"}],"replies":[{"embeddable":true,"href":"https:\/\/sincomavi.org.br\/index.php?rest_route=%2Fwp%2Fv2%2Fcomments&post=6329"}],"version-history":[{"count":2,"href":"https:\/\/sincomavi.org.br\/index.php?rest_route=\/wp\/v2\/posts\/6329\/revisions"}],"predecessor-version":[{"id":6400,"href":"https:\/\/sincomavi.org.br\/index.php?rest_route=\/wp\/v2\/posts\/6329\/revisions\/6400"}],"wp:featuredmedia":[{"embeddable":true,"href":"https:\/\/sincomavi.org.br\/index.php?rest_route=\/wp\/v2\/media\/6330"}],"wp:attachment":[{"href":"https:\/\/sincomavi.org.br\/index.php?rest_route=%2Fwp%2Fv2%2Fmedia&parent=6329"}],"wp:term":[{"taxonomy":"category","embeddable":true,"href":"https:\/\/sincomavi.org.br\/index.php?rest_route=%2Fwp%2Fv2%2Fcategories&post=6329"},{"taxonomy":"post_tag","embeddable":true,"href":"https:\/\/sincomavi.org.br\/index.php?rest_route=%2Fwp%2Fv2%2Ftags&post=6329"}],"curies":[{"name":"wp","href":"https:\/\/api.w.org\/{rel}","templated":true}]}}