{"id":6320,"date":"2021-05-21T08:42:33","date_gmt":"2021-05-21T11:42:33","guid":{"rendered":"https:\/\/sincomavi.org.br\/?p=6320"},"modified":"2021-05-21T08:48:23","modified_gmt":"2021-05-21T11:48:23","slug":"cotia-e-regiao-firmada-a-convencao-coletiva","status":"publish","type":"post","link":"https:\/\/sincomavi.org.br\/?p=6320","title":{"rendered":"Cotia e Regi\u00e3o: firmada a Conven\u00e7\u00e3o Coletiva"},"content":{"rendered":"<style>.wp-block-kadence-spacer.kt-block-spacer-_895c55-8e .kt-block-spacer{height:60px;}.wp-block-kadence-spacer.kt-block-spacer-_895c55-8e .kt-divider{border-top-width:1px;height:1px;border-top-color:#eee;width:80%;border-top-style:solid;}<\/style>\n<div class=\"wp-block-kadence-spacer aligncenter kt-block-spacer-_895c55-8e\"><div class=\"kt-block-spacer kt-block-spacer-halign-center\" style=\"height:60px\"><hr class=\"kt-divider\" style=\"border-top-color:rgba(238, 238, 238, 1);border-top-width:1px;width:80%;border-top-style:solid\"\/><\/div><\/div>\n\n\n\n<p>Assinada Conven\u00e7\u00e3o Coletiva de Trabalho com o SEC Cotia e Regi\u00e3o, com validade at\u00e9 30\/09\/2021, que abrange e devem ser seguidas pelas empresas do <strong>com\u00e9rcio varejista<\/strong> de materiais para constru\u00e7\u00e3o em geral; maquinismos novos e usados (m\u00e1quinas e equipamentos industriais e comerciais, bem como seus componentes, m\u00e1quinas de terraplanagem, m\u00e1quinas de escrit\u00f3rio, equipamentos de computa\u00e7\u00e3o, m\u00e1quinas de costuras e etc.); ferragens em geral; ferramentas; tintas; vidros (planos em geral para engenharia, quadros, espelhos, outros artigos de vidra\u00e7aria e artigos de vidro para uso dom\u00e9stico); lou\u00e7as (de uso dom\u00e9stico, pe\u00e7as de cer\u00e2mica, lou\u00e7as sanit\u00e1rias e etc.); fog\u00f5es e aquecedores a carv\u00e3o; balan\u00e7as; bicicletas (novas e usadas); e equipamentos e produtos para piscina, estabelecidas em Cotia e seu distrito de Caucaia do Alto, Embu-Gua\u00e7u, Itapecerica da Serra e Juquitiba.<\/p>\n\n\n\n<p>As altera\u00e7\u00f5es principais ocorreram nos seguintes itens:<\/p>\n\n\n\n<ul class=\"wp-block-list\"><li>Reajustamento salarial somente a partir de 01 de maio de 2021<\/li><li>Atualiza\u00e7\u00e3o de outros valores econ\u00f4micos da CCT<\/li><li>Sal\u00e1rios de admiss\u00e3o<\/li><li>Garantia de emprego ao futuro aposentado<\/li><li>Auxilio Funeral<\/li><\/ul>\n\n\n\n<p>Dado a novidade e o alcance dessas normas, o Departamento Jur\u00eddico do Sincomavi aconselha a todos o estudo completo do acordo, principalmente a cl\u00e1usula referente ao reajustamento.<\/p>\n\n\n\n<h2 class=\"wp-block-heading\">Esclarecimento importante:<\/h2>\n\n\n\n<p>As empresas do com\u00e9rcio atacadista, importador, exportador e distribuidor de material de constru\u00e7\u00e3o, de material el\u00e9trico e de m\u00e1rmores e granitos dever\u00e3o seguir as disposi\u00e7\u00f5es da CCT assinada pelo Sindicato do Com\u00e9rcio Atacadista, Importador, Exportador e Distribuidor de Material de Constru\u00e7\u00e3o e de Material El\u00e9trico no Estado de S\u00e3o Paulo, j\u00e1 que existem caracter\u00edsticas diferentes entre elas.<\/p>\n\n\n<style>.wp-block-kadence-advancedbtn.kb-btns_e119b9-9e{gap:var(--global-kb-gap-xs, 0.5rem );justify-content:center;align-items:center;}.kt-btns_e119b9-9e .kt-button{font-weight:normal;font-style:normal;}.kt-btns_e119b9-9e .kt-btn-wrap-0{margin-right:5px;}.wp-block-kadence-advancedbtn.kt-btns_e119b9-9e .kt-btn-wrap-0 .kt-button{color:#555555;border-color:#555555;}.wp-block-kadence-advancedbtn.kt-btns_e119b9-9e .kt-btn-wrap-0 .kt-button:hover, .wp-block-kadence-advancedbtn.kt-btns_e119b9-9e .kt-btn-wrap-0 .kt-button:focus{color:#ffffff;border-color:#444444;}.wp-block-kadence-advancedbtn.kt-btns_e119b9-9e .kt-btn-wrap-0 .kt-button::before{display:none;}.wp-block-kadence-advancedbtn.kt-btns_e119b9-9e .kt-btn-wrap-0 .kt-button:hover, .wp-block-kadence-advancedbtn.kt-btns_e119b9-9e .kt-btn-wrap-0 .kt-button:focus{background:#444444;}<\/style>\n<div class=\"wp-block-kadence-advancedbtn kt-btn-align-center kt-btn-tablet-align-inherit kt-btn-mobile-align-inherit kt-btns-wrap kt-btns_e119b9-9e\"><div class=\"kt-btn-wrap kt-btn-wrap-0\"><a class=\"kt-button button kt-btn-0-action kt-btn-size-standard kt-btn-style-basic kt-btn-svg-show-always kt-btn-has-text-true kt-btn-has-svg-false\" href=\"https:\/\/sincomavi.org.br\/wp-content\/uploads\/2021\/05\/CCT-COTIA-PARA-O-SITE-2020-2021.pdf\" target=\"_blank\" rel=\"noreferrer noopener\"><span class=\"kt-btn-inner-text\">DOWNLOAD DA CCT<\/span><\/a><\/div><\/div>\n\n\n<style>.wp-block-kadence-spacer.kt-block-spacer-_b09a8a-fc .kt-block-spacer{height:60px;}.wp-block-kadence-spacer.kt-block-spacer-_b09a8a-fc .kt-divider{border-top-width:1px;height:1px;border-top-color:#eee;width:80%;border-top-style:solid;}<\/style>\n<div class=\"wp-block-kadence-spacer aligncenter kt-block-spacer-_b09a8a-fc\"><div class=\"kt-block-spacer kt-block-spacer-halign-center\" style=\"height:60px\"><hr class=\"kt-divider\" style=\"border-top-color:rgba(238, 238, 238, 1);border-top-width:1px;width:80%;border-top-style:solid\"\/><\/div><\/div>\n","protected":false},"excerpt":{"rendered":"<p>Assinada Conven\u00e7\u00e3o Coletiva de Trabalho com o SEC Cotia e Regi\u00e3o, com validade at\u00e9 30\/09\/2021, que abrange e devem ser seguidas pelas empresas do com\u00e9rcio varejista de materiais para constru\u00e7\u00e3o em geral; maquinismos novos e usados (m\u00e1quinas e equipamentos industriais e comerciais, bem como seus componentes, m\u00e1quinas de terraplanagem, m\u00e1quinas de escrit\u00f3rio, equipamentos de computa\u00e7\u00e3o, [&hellip;]<\/p>\n","protected":false},"author":1,"featured_media":6322,"comment_status":"closed","ping_status":"open","sticky":false,"template":"","format":"standard","meta":{"tdm_status":"","tdm_grid_status":"","footnotes":""},"categories":[157],"tags":[192,391],"class_list":["post-6320","post","type-post","status-publish","format-standard","has-post-thumbnail","hentry","category-alerta","tag-convencao-coletiva-de-trabalho","tag-cotia"],"amp_enabled":true,"_links":{"self":[{"href":"https:\/\/sincomavi.org.br\/index.php?rest_route=\/wp\/v2\/posts\/6320","targetHints":{"allow":["GET"]}}],"collection":[{"href":"https:\/\/sincomavi.org.br\/index.php?rest_route=\/wp\/v2\/posts"}],"about":[{"href":"https:\/\/sincomavi.org.br\/index.php?rest_route=\/wp\/v2\/types\/post"}],"author":[{"embeddable":true,"href":"https:\/\/sincomavi.org.br\/index.php?rest_route=\/wp\/v2\/users\/1"}],"replies":[{"embeddable":true,"href":"https:\/\/sincomavi.org.br\/index.php?rest_route=%2Fwp%2Fv2%2Fcomments&post=6320"}],"version-history":[{"count":3,"href":"https:\/\/sincomavi.org.br\/index.php?rest_route=\/wp\/v2\/posts\/6320\/revisions"}],"predecessor-version":[{"id":6399,"href":"https:\/\/sincomavi.org.br\/index.php?rest_route=\/wp\/v2\/posts\/6320\/revisions\/6399"}],"wp:featuredmedia":[{"embeddable":true,"href":"https:\/\/sincomavi.org.br\/index.php?rest_route=\/wp\/v2\/media\/6322"}],"wp:attachment":[{"href":"https:\/\/sincomavi.org.br\/index.php?rest_route=%2Fwp%2Fv2%2Fmedia&parent=6320"}],"wp:term":[{"taxonomy":"category","embeddable":true,"href":"https:\/\/sincomavi.org.br\/index.php?rest_route=%2Fwp%2Fv2%2Fcategories&post=6320"},{"taxonomy":"post_tag","embeddable":true,"href":"https:\/\/sincomavi.org.br\/index.php?rest_route=%2Fwp%2Fv2%2Ftags&post=6320"}],"curies":[{"name":"wp","href":"https:\/\/api.w.org\/{rel}","templated":true}]}}