{"id":6275,"date":"2021-05-19T18:31:48","date_gmt":"2021-05-19T21:31:48","guid":{"rendered":"https:\/\/sincomavi.org.br\/?p=6275"},"modified":"2021-05-19T18:31:50","modified_gmt":"2021-05-19T21:31:50","slug":"estado-mantem-fase-de-transicao-ate-31-de-maio-e-inicia-nova-etapa-do-plano-sp-em-junho","status":"publish","type":"post","link":"https:\/\/sincomavi.org.br\/?p=6275","title":{"rendered":"Estado mant\u00e9m fase de transi\u00e7\u00e3o at\u00e9 31 de maio e inicia nova etapa do Plano SP em junho"},"content":{"rendered":"<style>.wp-block-kadence-spacer.kt-block-spacer-_07bff9-ce .kt-block-spacer{height:60px;}.wp-block-kadence-spacer.kt-block-spacer-_07bff9-ce .kt-divider{border-top-width:1px;height:1px;border-top-color:#eee;width:80%;border-top-style:solid;}<\/style>\n<div class=\"wp-block-kadence-spacer aligncenter kt-block-spacer-_07bff9-ce\"><div class=\"kt-block-spacer kt-block-spacer-halign-center\" style=\"height:60px\"><hr class=\"kt-divider\" style=\"border-top-color:rgba(238, 238, 238, 1);border-top-width:1px;width:80%;border-top-style:solid\"\/><\/div><\/div>\n\n\n\n<p>19\/05\/2021 &#8211; O Governo de S\u00e3o Paulo anunciou, em entrevista coletiva, a prorroga\u00e7\u00e3o da fase de transi\u00e7\u00e3o do Plano S\u00e3o Paulo para todo o Estado, com aumento de lota\u00e7\u00e3o dos estabelecimentos comerciais para 40% valendo do dia 24\/05 at\u00e9 o pr\u00f3ximo dia 31\/05\/21.<\/p>\n\n\n\n<p>A partir de 1\u00ba de junho, o Governo de S\u00e3o Paulo vai iniciar uma nova fase de gest\u00e3o da pandemia, com amplia\u00e7\u00e3o do hor\u00e1rio de funcionamento dos estabelecimentos comerciais at\u00e9 as 22h, ocupa\u00e7\u00e3o de 60% dos estabelecimentos e testagem r\u00e1pida de pessoas sintom\u00e1ticas.<\/p>\n\n\n\n<p>O toque de recolher continua nas 645 cidades do Estado, das 21h \u00e0s 5h, assim como a recomenda\u00e7\u00e3o de teletrabalho para atividades administrativas n\u00e3o essenciais e escalonamento de hor\u00e1rios para entrada e sa\u00edda de trabalhadores do com\u00e9rcio, servi\u00e7os e ind\u00fastrias. A partir do dia 1\u00ba de junho, o toque de recolher ser\u00e1 das 22h \u00e0s 5h.<\/p>\n\n\n\n<p>O modelo da testagem r\u00e1pida para sintom\u00e1ticos nos munic\u00edpios foi recomendado pelo Centro de Conting\u00eancia do coronav\u00edrus. Toda a frente de testagem e monitoramento da transmiss\u00e3o vai incluir essa estrat\u00e9gia de distribui\u00e7\u00e3o de testes r\u00e1pidos e metas de testagem. Os munic\u00edpios dever\u00e3o ter a estrat\u00e9gia de monitoramento de contatos atualizada e a testagem em ambientes privados. Ficou acertado que dever\u00e1 haver uma reuni\u00e3o do Governo para lan\u00e7ar oficialmente essa nova etapa.<\/p>\n\n\n\n<p>Confira a reprodu\u00e7\u00e3o abaixo para um melhor entendimento das medidas divulgadas.<\/p>\n\n\n\n<figure class=\"wp-block-image size-large\"><img loading=\"lazy\" decoding=\"async\" width=\"969\" height=\"544\" src=\"https:\/\/sincomavi.org.br\/wp-content\/uploads\/2021\/05\/image-5.png\" alt=\"\" class=\"wp-image-6276\" srcset=\"https:\/\/sincomavi.org.br\/wp-content\/uploads\/2021\/05\/image-5.png 969w, https:\/\/sincomavi.org.br\/wp-content\/uploads\/2021\/05\/image-5-300x168.png 300w, https:\/\/sincomavi.org.br\/wp-content\/uploads\/2021\/05\/image-5-768x431.png 768w, https:\/\/sincomavi.org.br\/wp-content\/uploads\/2021\/05\/image-5-748x420.png 748w, https:\/\/sincomavi.org.br\/wp-content\/uploads\/2021\/05\/image-5-640x359.png 640w, https:\/\/sincomavi.org.br\/wp-content\/uploads\/2021\/05\/image-5-681x382.png 681w\" sizes=\"auto, (max-width: 969px) 100vw, 969px\" \/><\/figure>\n\n\n\n<p><strong>Fonte: Portal do Governo do Estado de S\u00e3o Paulo<\/strong><\/p>\n\n\n<style>.wp-block-kadence-spacer.kt-block-spacer-_a9b986-13 .kt-block-spacer{height:60px;}.wp-block-kadence-spacer.kt-block-spacer-_a9b986-13 .kt-divider{border-top-width:1px;height:1px;border-top-color:#eee;width:80%;border-top-style:solid;}<\/style>\n<div class=\"wp-block-kadence-spacer aligncenter kt-block-spacer-_a9b986-13\"><div class=\"kt-block-spacer kt-block-spacer-halign-center\" style=\"height:60px\"><hr class=\"kt-divider\" style=\"border-top-color:rgba(238, 238, 238, 1);border-top-width:1px;width:80%;border-top-style:solid\"\/><\/div><\/div>\n\n\n\n<p><\/p>\n","protected":false},"excerpt":{"rendered":"<p>19\/05\/2021 &#8211; O Governo de S\u00e3o Paulo anunciou, em entrevista coletiva, a prorroga\u00e7\u00e3o da fase de transi\u00e7\u00e3o do Plano S\u00e3o Paulo para todo o Estado, com aumento de lota\u00e7\u00e3o dos estabelecimentos comerciais para 40% valendo do dia 24\/05 at\u00e9 o pr\u00f3ximo dia 31\/05\/21. A partir de 1\u00ba de junho, o Governo de S\u00e3o Paulo vai [&hellip;]<\/p>\n","protected":false},"author":1,"featured_media":6277,"comment_status":"closed","ping_status":"open","sticky":false,"template":"","format":"standard","meta":{"tdm_status":"","tdm_grid_status":"","footnotes":""},"categories":[157],"tags":[349,397,588],"class_list":["post-6275","post","type-post","status-publish","format-standard","has-post-thumbnail","hentry","category-alerta","tag-coronavirus","tag-covid-19","tag-plano-sao-paulo"],"amp_enabled":true,"_links":{"self":[{"href":"https:\/\/sincomavi.org.br\/index.php?rest_route=\/wp\/v2\/posts\/6275","targetHints":{"allow":["GET"]}}],"collection":[{"href":"https:\/\/sincomavi.org.br\/index.php?rest_route=\/wp\/v2\/posts"}],"about":[{"href":"https:\/\/sincomavi.org.br\/index.php?rest_route=\/wp\/v2\/types\/post"}],"author":[{"embeddable":true,"href":"https:\/\/sincomavi.org.br\/index.php?rest_route=\/wp\/v2\/users\/1"}],"replies":[{"embeddable":true,"href":"https:\/\/sincomavi.org.br\/index.php?rest_route=%2Fwp%2Fv2%2Fcomments&post=6275"}],"version-history":[{"count":2,"href":"https:\/\/sincomavi.org.br\/index.php?rest_route=\/wp\/v2\/posts\/6275\/revisions"}],"predecessor-version":[{"id":6397,"href":"https:\/\/sincomavi.org.br\/index.php?rest_route=\/wp\/v2\/posts\/6275\/revisions\/6397"}],"wp:featuredmedia":[{"embeddable":true,"href":"https:\/\/sincomavi.org.br\/index.php?rest_route=\/wp\/v2\/media\/6277"}],"wp:attachment":[{"href":"https:\/\/sincomavi.org.br\/index.php?rest_route=%2Fwp%2Fv2%2Fmedia&parent=6275"}],"wp:term":[{"taxonomy":"category","embeddable":true,"href":"https:\/\/sincomavi.org.br\/index.php?rest_route=%2Fwp%2Fv2%2Fcategories&post=6275"},{"taxonomy":"post_tag","embeddable":true,"href":"https:\/\/sincomavi.org.br\/index.php?rest_route=%2Fwp%2Fv2%2Ftags&post=6275"}],"curies":[{"name":"wp","href":"https:\/\/api.w.org\/{rel}","templated":true}]}}