{"id":6246,"date":"2021-05-13T09:14:15","date_gmt":"2021-05-13T12:14:15","guid":{"rendered":"https:\/\/sincomavi.org.br\/?p=6246"},"modified":"2021-05-13T09:14:46","modified_gmt":"2021-05-13T12:14:46","slug":"carta-de-conjuntura-maio-de-2021","status":"publish","type":"post","link":"https:\/\/sincomavi.org.br\/?p=6246","title":{"rendered":"Carta de Conjuntura &#8211; maio de 2021"},"content":{"rendered":"<style>.wp-block-kadence-spacer.kt-block-spacer-_c00e20-a2 .kt-block-spacer{height:60px;}.wp-block-kadence-spacer.kt-block-spacer-_c00e20-a2 .kt-divider{border-top-width:1px;height:1px;border-top-color:#eee;width:80%;border-top-style:solid;}<\/style>\n<div class=\"wp-block-kadence-spacer aligncenter kt-block-spacer-_c00e20-a2\"><div class=\"kt-block-spacer kt-block-spacer-halign-center\" style=\"height:60px\"><hr class=\"kt-divider\" style=\"border-top-color:rgba(238, 238, 238, 1);border-top-width:1px;width:80%;border-top-style:solid\"\/><\/div><\/div>\n\n\n\n<p><strong>13\/06\/2021 | Por Jaime Vasconcellos, Economista.<\/strong><\/p>\n\n\n\n<p>Ainda que n\u00e3o seja garantido, nos parece seguro dizer que os \u00faltimos n\u00fameros da pandemia nos apresentam um est\u00e1gio decrescente da segunda onda da Covid-19 no territ\u00f3rio brasileiro. O avan\u00e7o da vacina\u00e7\u00e3o, ainda que lento, gera efeitos positivos \u00e0 vida das pessoas, menor press\u00e3o aos equipamentos hospitalares e auxilia na reabertura das atividades econ\u00f4micas, sobretudo do com\u00e9rcio e servi\u00e7os considerados n\u00e3o essenciais.<\/p>\n\n\n\n<p>Se por um lado a abertura das empresas significa maior normaliza\u00e7\u00e3o do processo econ\u00f4mico, ao mesmo tempo nos escancara como os condicionantes do consumo est\u00e3o mais fr\u00e1geis em 2021. H\u00e1 uma infla\u00e7\u00e3o maior, principalmente \u00e0s fam\u00edlias de baixa renda, avan\u00e7o dos juros (para at\u00e9 mesmo garantir controle desses pre\u00e7os em 2022), crescimento do desemprego e n\u00edveis mais preocupantes de endividamento e inadimpl\u00eancia das fam\u00edlias. Em suma, quando reabertos, \u00e9 o bolso dos clientes que se mostra como maior limitador para a recupera\u00e7\u00e3o das atividades.<\/p>\n\n\n\n<p>No \u00e2mbito empresarial esses impactos de um consumo mais fraco aliam-se a pouca previsibilidade dos setores no que tange seu funcionamento se houver novas ondas da doen\u00e7a. Ao mesmo tempo em que a reedi\u00e7\u00e3o da medida, que permite a redu\u00e7\u00e3o e suspens\u00e3o de contratos de trabalho e possibilita maior f\u00f4lego aos segmentos mais fragilizados, h\u00e1 muita incerteza com rela\u00e7\u00e3o a capacidade financeira que os pr\u00f3prios estabelecimentos ter\u00e3o no futuro ao serem obrigados a garantir estabilidade dos v\u00ednculos suspensos ou reduzidos pelo mesmo per\u00edodo em que vigeu este instituto.<\/p>\n\n\n\n<p>J\u00e1 no campo fiscal, ainda que o or\u00e7amento do pa\u00eds esteja sancionado, o desgaste para isso denota o confuso ambiente pol\u00edtico brasileiro, fora que suas conting\u00eancias (para n\u00e3o furarmos o teto de gastos) impor\u00e3o muitas dificuldades a setores-chave para a sociedade, bem como diminuir\u00e3o recursos para poss\u00edveis novas medidas de amparo \u00e0s fam\u00edlias e segmentos mais prejudicados pela pandemia e pelos impactos do isolamento social, seja por meio de transfer\u00eancia de renda ou de cr\u00e9dito emergencial direcionado.<\/p>\n\n\n\n<p>Torcendo para que o arrefecimento da segunda onda da pandemia seja consolidado e que n\u00e3o tenhamos maiores picos, roga-se pela \u00fanica a\u00e7\u00e3o pr\u00e1tica que \u00e9 a vacina. Ao mesmo tempo vamos projetando este fim do primeiro semestre de 2021 com um certo \u201cotimismo realista\u201d, pragm\u00e1tico quanto aos desafios, mas esperan\u00e7oso quanto ao horizonte.<\/p>\n\n\n\n<p>Abaixo seguem nossas proje\u00e7\u00f5es macroecon\u00f4micas atualizadas para 2021:<br>\u2022 <strong>PIB:<\/strong> +3,2%<br>\u2022 <strong>IPCA\/IBGE:<\/strong> +5,3%<br>\u2022 <strong>SELIC:<\/strong> 5,5%<br>\u2022 <strong>Taxa de C\u00e2mbio:<\/strong> 5,40<br>\u2022 <strong>Balan\u00e7a comercial:<\/strong> + US$ 60 bi<br>\u2022 <strong>Vendas do varejo:<\/strong> +3,0%<br>\u2022 <strong>Volume dos servi\u00e7os:<\/strong> +3,5%<\/p>\n\n\n<style>.wp-block-kadence-spacer.kt-block-spacer-_bde1f9-0f .kt-block-spacer{height:60px;}.wp-block-kadence-spacer.kt-block-spacer-_bde1f9-0f .kt-divider{border-top-width:1px;height:1px;border-top-color:#eee;width:80%;border-top-style:solid;}<\/style>\n<div class=\"wp-block-kadence-spacer aligncenter kt-block-spacer-_bde1f9-0f\"><div class=\"kt-block-spacer kt-block-spacer-halign-center\" style=\"height:60px\"><hr class=\"kt-divider\" style=\"border-top-color:rgba(238, 238, 238, 1);border-top-width:1px;width:80%;border-top-style:solid\"\/><\/div><\/div>\n","protected":false},"excerpt":{"rendered":"<p>13\/06\/2021 | Por Jaime Vasconcellos, Economista. Ainda que n\u00e3o seja garantido, nos parece seguro dizer que os \u00faltimos n\u00fameros da pandemia nos apresentam um est\u00e1gio decrescente da segunda onda da Covid-19 no territ\u00f3rio brasileiro. O avan\u00e7o da vacina\u00e7\u00e3o, ainda que lento, gera efeitos positivos \u00e0 vida das pessoas, menor press\u00e3o aos equipamentos hospitalares e auxilia [&hellip;]<\/p>\n","protected":false},"author":1,"featured_media":6247,"comment_status":"closed","ping_status":"open","sticky":false,"template":"","format":"standard","meta":{"tdm_status":"","tdm_grid_status":"","footnotes":""},"categories":[210],"tags":[275,272,199,349,397,156,273,202,203,417,274,200,75],"class_list":["post-6246","post","type-post","status-publish","format-standard","has-post-thumbnail","hentry","category-artigos","tag-balanca-comercial","tag-carta-de-conjuntura","tag-comercio","tag-coronavirus","tag-covid-19","tag-economia","tag-ipca","tag-pib","tag-selic","tag-servicos","tag-taxa-de-cambio","tag-varejo","tag-vendas"],"amp_enabled":true,"_links":{"self":[{"href":"https:\/\/sincomavi.org.br\/index.php?rest_route=\/wp\/v2\/posts\/6246","targetHints":{"allow":["GET"]}}],"collection":[{"href":"https:\/\/sincomavi.org.br\/index.php?rest_route=\/wp\/v2\/posts"}],"about":[{"href":"https:\/\/sincomavi.org.br\/index.php?rest_route=\/wp\/v2\/types\/post"}],"author":[{"embeddable":true,"href":"https:\/\/sincomavi.org.br\/index.php?rest_route=\/wp\/v2\/users\/1"}],"replies":[{"embeddable":true,"href":"https:\/\/sincomavi.org.br\/index.php?rest_route=%2Fwp%2Fv2%2Fcomments&post=6246"}],"version-history":[{"count":2,"href":"https:\/\/sincomavi.org.br\/index.php?rest_route=\/wp\/v2\/posts\/6246\/revisions"}],"predecessor-version":[{"id":6396,"href":"https:\/\/sincomavi.org.br\/index.php?rest_route=\/wp\/v2\/posts\/6246\/revisions\/6396"}],"wp:featuredmedia":[{"embeddable":true,"href":"https:\/\/sincomavi.org.br\/index.php?rest_route=\/wp\/v2\/media\/6247"}],"wp:attachment":[{"href":"https:\/\/sincomavi.org.br\/index.php?rest_route=%2Fwp%2Fv2%2Fmedia&parent=6246"}],"wp:term":[{"taxonomy":"category","embeddable":true,"href":"https:\/\/sincomavi.org.br\/index.php?rest_route=%2Fwp%2Fv2%2Fcategories&post=6246"},{"taxonomy":"post_tag","embeddable":true,"href":"https:\/\/sincomavi.org.br\/index.php?rest_route=%2Fwp%2Fv2%2Ftags&post=6246"}],"curies":[{"name":"wp","href":"https:\/\/api.w.org\/{rel}","templated":true}]}}