{"id":6235,"date":"2021-05-10T14:06:18","date_gmt":"2021-05-10T17:06:18","guid":{"rendered":"https:\/\/sincomavi.org.br\/?p=6235"},"modified":"2021-05-10T14:06:19","modified_gmt":"2021-05-10T17:06:19","slug":"alta-do-comercio-eletronico-supera-35-em-marco","status":"publish","type":"post","link":"https:\/\/sincomavi.org.br\/?p=6235","title":{"rendered":"Alta do com\u00e9rcio eletr\u00f4nico supera 35% em mar\u00e7o"},"content":{"rendered":"<style>.wp-block-kadence-spacer.kt-block-spacer-_b2d390-bc .kt-block-spacer{height:60px;}.wp-block-kadence-spacer.kt-block-spacer-_b2d390-bc .kt-divider{border-top-width:1px;height:1px;border-top-color:#eee;width:80%;border-top-style:solid;}<\/style>\n<div class=\"wp-block-kadence-spacer aligncenter kt-block-spacer-_b2d390-bc\"><div class=\"kt-block-spacer kt-block-spacer-halign-center\" style=\"height:60px\"><hr class=\"kt-divider\" style=\"border-top-color:rgba(238, 238, 238, 1);border-top-width:1px;width:80%;border-top-style:solid\"\/><\/div><\/div>\n\n\n\n<p>O \u00edndice MCC-ENET, do Comit\u00ea de M\u00e9tricas da C\u00e2mara Brasileira da Economia Digital (<a href=\"http:\/\/www.camara-e.net\" target=\"_blank\" rel=\"noreferrer noopener\"><strong>camara-e.net<\/strong><\/a>), registrou em mar\u00e7o um aumento de 35,81% nas vendas do com\u00e9rcio eletr\u00f4nico nacional em compara\u00e7\u00e3o com fevereiro deste ano. J\u00e1 tendo como refer\u00eancia o mesmo m\u00eas do ano passado, a eleva\u00e7\u00e3o se mostra ainda mais expressiva: 72,56%. Felipe Brand\u00e3o, secret\u00e1rio Executivo da camara-e.net, acredita que esses resultados s\u00e3o uma mostra que o processo de transforma\u00e7\u00e3o do e-commerce brasileiro \u00e9 permanente. Em sua opini\u00e3o, \u201cas medidas de isolamento social mais restritivas, observadas em algumas regi\u00f5es do pa\u00eds por conta do agravamento da crise do Covid-19, tamb\u00e9m contribu\u00edram com a expans\u00e3o das vendas online&#8221;.<\/p>\n\n\n\n<p>A participa\u00e7\u00e3o do com\u00e9rcio eletr\u00f4nico no segmento varejista restrito, que n\u00e3o contabiliza ve\u00edculos, pe\u00e7as e material de constru\u00e7\u00e3o, passou a representar 10,6% do total em fevereiro. A categoria equipamentos e materiais para escrit\u00f3rio, inform\u00e1tica e comunica\u00e7\u00e3o responde por 42,6% das opera\u00e7\u00f5es digitais, seguida por m\u00f3veis e eletrodom\u00e9sticos (26,7%) e tecidos, vestu\u00e1rio e cal\u00e7ados (10,8%).<\/p>\n\n\n<style>.wp-block-kadence-spacer.kt-block-spacer-_938590-72 .kt-block-spacer{height:60px;}.wp-block-kadence-spacer.kt-block-spacer-_938590-72 .kt-divider{border-top-width:1px;height:1px;border-top-color:#eee;width:80%;border-top-style:solid;}<\/style>\n<div class=\"wp-block-kadence-spacer aligncenter kt-block-spacer-_938590-72\"><div class=\"kt-block-spacer kt-block-spacer-halign-center\" style=\"height:60px\"><hr class=\"kt-divider\" style=\"border-top-color:rgba(238, 238, 238, 1);border-top-width:1px;width:80%;border-top-style:solid\"\/><\/div><\/div>\n\n\n\n<p><\/p>\n","protected":false},"excerpt":{"rendered":"<p>O \u00edndice MCC-ENET, do Comit\u00ea de M\u00e9tricas da C\u00e2mara Brasileira da Economia Digital (camara-e.net), registrou em mar\u00e7o um aumento de 35,81% nas vendas do com\u00e9rcio eletr\u00f4nico nacional em compara\u00e7\u00e3o com fevereiro deste ano. J\u00e1 tendo como refer\u00eancia o mesmo m\u00eas do ano passado, a eleva\u00e7\u00e3o se mostra ainda mais expressiva: 72,56%. Felipe Brand\u00e3o, secret\u00e1rio Executivo [&hellip;]<\/p>\n","protected":false},"author":1,"featured_media":6237,"comment_status":"closed","ping_status":"open","sticky":false,"template":"","format":"standard","meta":{"tdm_status":"","tdm_grid_status":"","footnotes":""},"categories":[153],"tags":[199,34,165,159,158,200,75],"class_list":["post-6235","post","type-post","status-publish","format-standard","has-post-thumbnail","hentry","category-noticias","tag-comercio","tag-comercio-eletronico","tag-e-commerce","tag-informatica","tag-material-de-construcao","tag-varejo","tag-vendas"],"amp_enabled":true,"_links":{"self":[{"href":"https:\/\/sincomavi.org.br\/index.php?rest_route=\/wp\/v2\/posts\/6235","targetHints":{"allow":["GET"]}}],"collection":[{"href":"https:\/\/sincomavi.org.br\/index.php?rest_route=\/wp\/v2\/posts"}],"about":[{"href":"https:\/\/sincomavi.org.br\/index.php?rest_route=\/wp\/v2\/types\/post"}],"author":[{"embeddable":true,"href":"https:\/\/sincomavi.org.br\/index.php?rest_route=\/wp\/v2\/users\/1"}],"replies":[{"embeddable":true,"href":"https:\/\/sincomavi.org.br\/index.php?rest_route=%2Fwp%2Fv2%2Fcomments&post=6235"}],"version-history":[{"count":1,"href":"https:\/\/sincomavi.org.br\/index.php?rest_route=\/wp\/v2\/posts\/6235\/revisions"}],"predecessor-version":[{"id":6238,"href":"https:\/\/sincomavi.org.br\/index.php?rest_route=\/wp\/v2\/posts\/6235\/revisions\/6238"}],"wp:featuredmedia":[{"embeddable":true,"href":"https:\/\/sincomavi.org.br\/index.php?rest_route=\/wp\/v2\/media\/6237"}],"wp:attachment":[{"href":"https:\/\/sincomavi.org.br\/index.php?rest_route=%2Fwp%2Fv2%2Fmedia&parent=6235"}],"wp:term":[{"taxonomy":"category","embeddable":true,"href":"https:\/\/sincomavi.org.br\/index.php?rest_route=%2Fwp%2Fv2%2Fcategories&post=6235"},{"taxonomy":"post_tag","embeddable":true,"href":"https:\/\/sincomavi.org.br\/index.php?rest_route=%2Fwp%2Fv2%2Ftags&post=6235"}],"curies":[{"name":"wp","href":"https:\/\/api.w.org\/{rel}","templated":true}]}}