{"id":6230,"date":"2021-05-07T14:20:24","date_gmt":"2021-05-07T17:20:24","guid":{"rendered":"https:\/\/sincomavi.org.br\/?p=6230"},"modified":"2021-05-07T14:20:26","modified_gmt":"2021-05-07T17:20:26","slug":"atencao-atualizacao-do-plano-sao-paulo","status":"publish","type":"post","link":"https:\/\/sincomavi.org.br\/?p=6230","title":{"rendered":"Aten\u00e7\u00e3o: atualiza\u00e7\u00e3o do Plano S\u00e3o Paulo"},"content":{"rendered":"<style>.wp-block-kadence-spacer.kt-block-spacer-_bb9cf8-d7 .kt-block-spacer{height:60px;}.wp-block-kadence-spacer.kt-block-spacer-_bb9cf8-d7 .kt-divider{border-top-width:1px;height:1px;border-top-color:#eee;width:80%;border-top-style:solid;}<\/style>\n<div class=\"wp-block-kadence-spacer aligncenter kt-block-spacer-_bb9cf8-d7\"><div class=\"kt-block-spacer kt-block-spacer-halign-center\" style=\"height:60px\"><hr class=\"kt-divider\" style=\"border-top-color:rgba(238, 238, 238, 1);border-top-width:1px;width:80%;border-top-style:solid\"\/><\/div><\/div>\n\n\n\n<p>07\/05\/2021 &#8211; O Governo de S\u00e3o Paulo, em entrevista coletiva, anunciou uma nova prorroga\u00e7\u00e3o da fase de transi\u00e7\u00e3o do Plano S\u00e3o Paulo para todo o estado por mais duas semanas, compreendendo o per\u00edodo de 08 a 23 de maio de 2021.<\/p>\n\n\n\n<p>A medida ainda abre a possibilidade da extens\u00e3o de mais uma hora no atendimento presencial. Ou seja, agora o hor\u00e1rio permitido \u00e9 das 6h \u00e0s 21h com limita\u00e7\u00e3o de 30% de capacidade em com\u00e9rcios e servi\u00e7os n\u00e3o essenciais.<\/p>\n\n\n\n<p>O toque de recolher continua nas 645 cidades do estado, agora das 21h \u00e0s 5h, assim como a recomenda\u00e7\u00e3o de teletrabalho para atividades administrativas n\u00e3o essenciais e escalonamento de hor\u00e1rios para entrada e sa\u00edda de trabalhadores do com\u00e9rcio, servi\u00e7os e ind\u00fastrias.<\/p>\n\n\n\n<p>Vale lembrar que nessa fase ainda devem ser seguidos rigorosamente todos os protocolos de higiene e distanciamento social.<\/p>\n\n\n\n<figure class=\"wp-block-image size-large\"><img loading=\"lazy\" decoding=\"async\" width=\"696\" height=\"391\" src=\"https:\/\/sincomavi.org.br\/wp-content\/uploads\/2021\/05\/image-4.png\" alt=\"\" class=\"wp-image-6231\" srcset=\"https:\/\/sincomavi.org.br\/wp-content\/uploads\/2021\/05\/image-4.png 696w, https:\/\/sincomavi.org.br\/wp-content\/uploads\/2021\/05\/image-4-300x169.png 300w, https:\/\/sincomavi.org.br\/wp-content\/uploads\/2021\/05\/image-4-640x360.png 640w, https:\/\/sincomavi.org.br\/wp-content\/uploads\/2021\/05\/image-4-681x383.png 681w\" sizes=\"auto, (max-width: 696px) 100vw, 696px\" \/><\/figure>\n\n\n\n<p><strong>Fonte: Portal do Governo do Estado de S\u00e3o Paulo<\/strong><\/p>\n\n\n<style>.wp-block-kadence-spacer.kt-block-spacer-_804629-b8 .kt-block-spacer{height:60px;}.wp-block-kadence-spacer.kt-block-spacer-_804629-b8 .kt-divider{border-top-width:1px;height:1px;border-top-color:#eee;width:80%;border-top-style:solid;}<\/style>\n<div class=\"wp-block-kadence-spacer aligncenter kt-block-spacer-_804629-b8\"><div class=\"kt-block-spacer kt-block-spacer-halign-center\" style=\"height:60px\"><hr class=\"kt-divider\" style=\"border-top-color:rgba(238, 238, 238, 1);border-top-width:1px;width:80%;border-top-style:solid\"\/><\/div><\/div>\n","protected":false},"excerpt":{"rendered":"<p>07\/05\/2021 &#8211; O Governo de S\u00e3o Paulo, em entrevista coletiva, anunciou uma nova prorroga\u00e7\u00e3o da fase de transi\u00e7\u00e3o do Plano S\u00e3o Paulo para todo o estado por mais duas semanas, compreendendo o per\u00edodo de 08 a 23 de maio de 2021. A medida ainda abre a possibilidade da extens\u00e3o de mais uma hora no atendimento [&hellip;]<\/p>\n","protected":false},"author":1,"featured_media":6232,"comment_status":"closed","ping_status":"open","sticky":false,"template":"","format":"standard","meta":{"tdm_status":"","tdm_grid_status":"","footnotes":""},"categories":[157],"tags":[199,349,397,588,358,200],"class_list":["post-6230","post","type-post","status-publish","format-standard","has-post-thumbnail","hentry","category-alerta","tag-comercio","tag-coronavirus","tag-covid-19","tag-plano-sao-paulo","tag-quarentena","tag-varejo"],"amp_enabled":true,"_links":{"self":[{"href":"https:\/\/sincomavi.org.br\/index.php?rest_route=\/wp\/v2\/posts\/6230","targetHints":{"allow":["GET"]}}],"collection":[{"href":"https:\/\/sincomavi.org.br\/index.php?rest_route=\/wp\/v2\/posts"}],"about":[{"href":"https:\/\/sincomavi.org.br\/index.php?rest_route=\/wp\/v2\/types\/post"}],"author":[{"embeddable":true,"href":"https:\/\/sincomavi.org.br\/index.php?rest_route=\/wp\/v2\/users\/1"}],"replies":[{"embeddable":true,"href":"https:\/\/sincomavi.org.br\/index.php?rest_route=%2Fwp%2Fv2%2Fcomments&post=6230"}],"version-history":[{"count":2,"href":"https:\/\/sincomavi.org.br\/index.php?rest_route=\/wp\/v2\/posts\/6230\/revisions"}],"predecessor-version":[{"id":6393,"href":"https:\/\/sincomavi.org.br\/index.php?rest_route=\/wp\/v2\/posts\/6230\/revisions\/6393"}],"wp:featuredmedia":[{"embeddable":true,"href":"https:\/\/sincomavi.org.br\/index.php?rest_route=\/wp\/v2\/media\/6232"}],"wp:attachment":[{"href":"https:\/\/sincomavi.org.br\/index.php?rest_route=%2Fwp%2Fv2%2Fmedia&parent=6230"}],"wp:term":[{"taxonomy":"category","embeddable":true,"href":"https:\/\/sincomavi.org.br\/index.php?rest_route=%2Fwp%2Fv2%2Fcategories&post=6230"},{"taxonomy":"post_tag","embeddable":true,"href":"https:\/\/sincomavi.org.br\/index.php?rest_route=%2Fwp%2Fv2%2Ftags&post=6230"}],"curies":[{"name":"wp","href":"https:\/\/api.w.org\/{rel}","templated":true}]}}