{"id":6165,"date":"2021-04-28T14:07:18","date_gmt":"2021-04-28T17:07:18","guid":{"rendered":"https:\/\/sincomavi.org.br\/?p=6165"},"modified":"2021-04-28T14:07:20","modified_gmt":"2021-04-28T17:07:20","slug":"plano-sp-prorrogada-a-fase-de-transicao-e-horario-foi-estendido","status":"publish","type":"post","link":"https:\/\/sincomavi.org.br\/?p=6165","title":{"rendered":"Plano SP: prorrogada a fase de transi\u00e7\u00e3o e hor\u00e1rio foi estendido"},"content":{"rendered":"<style>.wp-block-kadence-spacer.kt-block-spacer-_40eb79-00 .kt-block-spacer{height:60px;}.wp-block-kadence-spacer.kt-block-spacer-_40eb79-00 .kt-divider{border-top-width:1px;height:1px;border-top-color:#eee;width:80%;border-top-style:solid;}<\/style>\n<div class=\"wp-block-kadence-spacer aligncenter kt-block-spacer-_40eb79-00\"><div class=\"kt-block-spacer kt-block-spacer-halign-center\" style=\"height:60px\"><hr class=\"kt-divider\" style=\"border-top-color:rgba(238, 238, 238, 1);border-top-width:1px;width:80%;border-top-style:solid\"\/><\/div><\/div>\n\n\n\n<p>28\/04\/2021 &#8211; O governo de S\u00e3o Paulo anunciou nesta quarta-feira, em entrevista coletiva, a prorroga\u00e7\u00e3o da fase de transi\u00e7\u00e3o do Plano S\u00e3o Paulo para todo o estado por mais uma semana, at\u00e9 o dia 9 de maio, e fixou o hor\u00e1rio das 6h \u00e0s 20h para atendimento presencial limitado a 25% de capacidade em com\u00e9rcios e servi\u00e7os n\u00e3o essenciais.<\/p>\n\n\n\n<p>Essa medida vem ao encontro das solicita\u00e7\u00f5es feitas por todas entidades que representam a atividade empresarial do estado, entre as quais o Sincomavi.<\/p>\n\n\n\n<p>O hor\u00e1rio estendido das 6h \u00e0s 20h vale a partir do pr\u00f3ximo s\u00e1bado (01\/05) para estabelecimentos comerciais, galerias e shoppings. At\u00e9 sexta (30\/04), por\u00e9m, continua a vigorar o hor\u00e1rio atual das 11h \u00e0s 19h.<\/p>\n\n\n\n<p>Para evitar aglomera\u00e7\u00f5es, a capacidade m\u00e1xima de ocupa\u00e7\u00e3o nos estabelecimentos liberados est\u00e1 mantida em 25%. O toque de recolher continua nas 645 cidades do estado, das 20h \u00e0s 5h, assim como a recomenda\u00e7\u00e3o de teletrabalho para atividades administrativas n\u00e3o essenciais e escalonamento de hor\u00e1rios para entrada e sa\u00edda de trabalhadores do com\u00e9rcio, servi\u00e7os e ind\u00fastrias.<\/p>\n\n\n\n<p>\u00c9 importante lembrar que as demais medidas previstas nos protocolos sanit\u00e1rios devem continuar sendo obedecidas.<\/p>\n\n\n\n<p>Havendo alguma altera\u00e7\u00e3o substancial nos documentos oficiais, que ainda ser\u00e3o publicados, as mesmas ser\u00e3o aqui publicadas.<\/p>\n\n\n\n<p><strong>Fonte: <a href=\"https:\/\/www.saopaulo.sp.gov.br\/sala-de-imprensa\/release\/sp-prorroga-fase-de-transicao-com-horario-estendido-para-comercio-e-servicos\/\" target=\"_blank\" rel=\"noreferrer noopener\">Governo do Estado de S\u00e3o Paulo<\/a><\/strong><\/p>\n\n\n<style>.wp-block-kadence-spacer.kt-block-spacer-_77c200-24 .kt-block-spacer{height:60px;}.wp-block-kadence-spacer.kt-block-spacer-_77c200-24 .kt-divider{border-top-width:1px;height:1px;border-top-color:#eee;width:80%;border-top-style:solid;}<\/style>\n<div class=\"wp-block-kadence-spacer aligncenter kt-block-spacer-_77c200-24\"><div class=\"kt-block-spacer kt-block-spacer-halign-center\" style=\"height:60px\"><hr class=\"kt-divider\" style=\"border-top-color:rgba(238, 238, 238, 1);border-top-width:1px;width:80%;border-top-style:solid\"\/><\/div><\/div>\n","protected":false},"excerpt":{"rendered":"<p>28\/04\/2021 &#8211; O governo de S\u00e3o Paulo anunciou nesta quarta-feira, em entrevista coletiva, a prorroga\u00e7\u00e3o da fase de transi\u00e7\u00e3o do Plano S\u00e3o Paulo para todo o estado por mais uma semana, at\u00e9 o dia 9 de maio, e fixou o hor\u00e1rio das 6h \u00e0s 20h para atendimento presencial limitado a 25% de capacidade em com\u00e9rcios [&hellip;]<\/p>\n","protected":false},"author":1,"featured_media":6166,"comment_status":"closed","ping_status":"open","sticky":false,"template":"","format":"standard","meta":{"tdm_status":"","tdm_grid_status":"","footnotes":""},"categories":[157],"tags":[199,349,397,588,200],"class_list":["post-6165","post","type-post","status-publish","format-standard","has-post-thumbnail","hentry","category-alerta","tag-comercio","tag-coronavirus","tag-covid-19","tag-plano-sao-paulo","tag-varejo"],"amp_enabled":true,"_links":{"self":[{"href":"https:\/\/sincomavi.org.br\/index.php?rest_route=\/wp\/v2\/posts\/6165","targetHints":{"allow":["GET"]}}],"collection":[{"href":"https:\/\/sincomavi.org.br\/index.php?rest_route=\/wp\/v2\/posts"}],"about":[{"href":"https:\/\/sincomavi.org.br\/index.php?rest_route=\/wp\/v2\/types\/post"}],"author":[{"embeddable":true,"href":"https:\/\/sincomavi.org.br\/index.php?rest_route=\/wp\/v2\/users\/1"}],"replies":[{"embeddable":true,"href":"https:\/\/sincomavi.org.br\/index.php?rest_route=%2Fwp%2Fv2%2Fcomments&post=6165"}],"version-history":[{"count":2,"href":"https:\/\/sincomavi.org.br\/index.php?rest_route=\/wp\/v2\/posts\/6165\/revisions"}],"predecessor-version":[{"id":6189,"href":"https:\/\/sincomavi.org.br\/index.php?rest_route=\/wp\/v2\/posts\/6165\/revisions\/6189"}],"wp:featuredmedia":[{"embeddable":true,"href":"https:\/\/sincomavi.org.br\/index.php?rest_route=\/wp\/v2\/media\/6166"}],"wp:attachment":[{"href":"https:\/\/sincomavi.org.br\/index.php?rest_route=%2Fwp%2Fv2%2Fmedia&parent=6165"}],"wp:term":[{"taxonomy":"category","embeddable":true,"href":"https:\/\/sincomavi.org.br\/index.php?rest_route=%2Fwp%2Fv2%2Fcategories&post=6165"},{"taxonomy":"post_tag","embeddable":true,"href":"https:\/\/sincomavi.org.br\/index.php?rest_route=%2Fwp%2Fv2%2Ftags&post=6165"}],"curies":[{"name":"wp","href":"https:\/\/api.w.org\/{rel}","templated":true}]}}