{"id":6140,"date":"2021-04-23T14:53:34","date_gmt":"2021-04-23T17:53:34","guid":{"rendered":"https:\/\/sincomavi.org.br\/?p=6140"},"modified":"2021-04-23T14:59:40","modified_gmt":"2021-04-23T17:59:40","slug":"termo-de-aditamento-a-cct-franco-da-rocha-e-regiao","status":"publish","type":"post","link":"https:\/\/sincomavi.org.br\/?p=6140","title":{"rendered":"Termo de Aditamento \u00e0 CCT \u2013 Franco da Rocha e Regi\u00e3o"},"content":{"rendered":"<style>.wp-block-kadence-spacer.kt-block-spacer-_0b9c6a-d6 .kt-block-spacer{height:60px;}.wp-block-kadence-spacer.kt-block-spacer-_0b9c6a-d6 .kt-divider{border-top-width:1px;height:1px;border-top-color:#eee;width:80%;border-top-style:solid;}<\/style>\n<div class=\"wp-block-kadence-spacer aligncenter kt-block-spacer-_0b9c6a-d6\"><div class=\"kt-block-spacer kt-block-spacer-halign-center\" style=\"height:60px\"><hr class=\"kt-divider\" style=\"border-top-color:rgba(238, 238, 238, 1);border-top-width:1px;width:80%;border-top-style:solid\"\/><\/div><\/div>\n\n\n\n<p>Assinado o Termo de Aditamento \u00e0 Conven\u00e7\u00e3o Coletiva de Trabalho com o SEC Franco da Rocha e Regi\u00e3o, com validade at\u00e9 30\/09\/2021, cujos pontos principais s\u00e3o os seguintes:<\/p>\n\n\n\n<ul class=\"wp-block-list\"><li>Reajustamento salarial somente a partir de 01 de abril de 2021<\/li><\/ul>\n\n\n\n<ul class=\"wp-block-list\"><li>Atualiza\u00e7\u00e3o de outros valores econ\u00f4micos da CCT<\/li><\/ul>\n\n\n\n<ul class=\"wp-block-list\"><li>Amplia\u00e7\u00e3o extraordin\u00e1ria do prazo do banco de horas negativo<\/li><\/ul>\n\n\n\n<ul class=\"wp-block-list\"><li>Sal\u00e1rios de admiss\u00e3o<\/li><\/ul>\n\n\n\n<ul class=\"wp-block-list\"><li>Garantia de emprego ao futuro aposentado<\/li><\/ul>\n\n\n\n<ul class=\"wp-block-list\"><li>Redu\u00e7\u00e3o de jornada e sal\u00e1rio<\/li><\/ul>\n\n\n\n<ul class=\"wp-block-list\"><li>Suspens\u00e3o do contrato de trabalho<\/li><\/ul>\n\n\n\n<ul class=\"wp-block-list\"><li>Teletrabalho (home office)<\/li><\/ul>\n\n\n\n<ul class=\"wp-block-list\"><li>Concess\u00e3o excepcional de f\u00e9rias<\/li><\/ul>\n\n\n\n<ul class=\"wp-block-list\"><li>Antecipa\u00e7\u00e3o excepcional de feriados<\/li><\/ul>\n\n\n\n<ul class=\"wp-block-list\"><li>Vig\u00eancia, inclusive das cl\u00e1usulas n\u00e3o aditadas<\/li><\/ul>\n\n\n\n<p>Dado a novidade e o alcance dessas normas, o Departamento Jur\u00eddico do Sincomavi aconselha a todos o estudo completo do acordo, principalmente da Cl\u00e1usula Reajustamento.<\/p>\n\n\n<style>.wp-block-kadence-advancedbtn.kb-btns_834892-01{gap:var(--global-kb-gap-xs, 0.5rem );justify-content:center;align-items:center;}.kt-btns_834892-01 .kt-button{font-weight:normal;font-style:normal;}.kt-btns_834892-01 .kt-btn-wrap-0{margin-right:5px;}.wp-block-kadence-advancedbtn.kt-btns_834892-01 .kt-btn-wrap-0 .kt-button{color:#555555;border-color:#555555;}.wp-block-kadence-advancedbtn.kt-btns_834892-01 .kt-btn-wrap-0 .kt-button:hover, .wp-block-kadence-advancedbtn.kt-btns_834892-01 .kt-btn-wrap-0 .kt-button:focus{color:#ffffff;border-color:#444444;}.wp-block-kadence-advancedbtn.kt-btns_834892-01 .kt-btn-wrap-0 .kt-button::before{display:none;}.wp-block-kadence-advancedbtn.kt-btns_834892-01 .kt-btn-wrap-0 .kt-button:hover, .wp-block-kadence-advancedbtn.kt-btns_834892-01 .kt-btn-wrap-0 .kt-button:focus{background:#444444;}<\/style>\n<div class=\"wp-block-kadence-advancedbtn kt-btn-align-center kt-btn-tablet-align-inherit kt-btn-mobile-align-inherit kt-btns-wrap kt-btns_834892-01\"><div class=\"kt-btn-wrap kt-btn-wrap-0\"><a class=\"kt-button button kt-btn-0-action kt-btn-size-standard kt-btn-style-basic kt-btn-svg-show-always kt-btn-has-text-true kt-btn-has-svg-false\" href=\"https:\/\/sincomavi.org.br\/wp-content\/uploads\/2021\/04\/TERMO-DE-ADITAMENTO-CCT-FRANCO-DA-ROCHA-2019_2020_2021-V-19-04-21.pdf\" target=\"_blank\" rel=\"noreferrer noopener\"><span class=\"kt-btn-inner-text\">DOWNLOAD<\/span><\/a><\/div><\/div>\n\n\n<style>.wp-block-kadence-spacer.kt-block-spacer-_e55f02-bd .kt-block-spacer{height:60px;}.wp-block-kadence-spacer.kt-block-spacer-_e55f02-bd .kt-divider{border-top-width:1px;height:1px;border-top-color:#eee;width:80%;border-top-style:solid;}<\/style>\n<div class=\"wp-block-kadence-spacer aligncenter kt-block-spacer-_e55f02-bd\"><div class=\"kt-block-spacer kt-block-spacer-halign-center\" style=\"height:60px\"><hr class=\"kt-divider\" style=\"border-top-color:rgba(238, 238, 238, 1);border-top-width:1px;width:80%;border-top-style:solid\"\/><\/div><\/div>\n","protected":false},"excerpt":{"rendered":"<p>Assinado o Termo de Aditamento \u00e0 Conven\u00e7\u00e3o Coletiva de Trabalho com o SEC Franco da Rocha e Regi\u00e3o, com validade at\u00e9 30\/09\/2021, cujos pontos principais s\u00e3o os seguintes: Reajustamento salarial somente a partir de 01 de abril de 2021 Atualiza\u00e7\u00e3o de outros valores econ\u00f4micos da CCT Amplia\u00e7\u00e3o extraordin\u00e1ria do prazo do banco de horas negativo [&hellip;]<\/p>\n","protected":false},"author":1,"featured_media":6144,"comment_status":"closed","ping_status":"open","sticky":false,"template":"","format":"standard","meta":{"tdm_status":"","tdm_grid_status":"","footnotes":""},"categories":[157],"tags":[192,356,395],"class_list":["post-6140","post","type-post","status-publish","format-standard","has-post-thumbnail","hentry","category-alerta","tag-convencao-coletiva-de-trabalho","tag-franco-da-rocha","tag-termo-de-aditamento"],"amp_enabled":true,"_links":{"self":[{"href":"https:\/\/sincomavi.org.br\/index.php?rest_route=\/wp\/v2\/posts\/6140","targetHints":{"allow":["GET"]}}],"collection":[{"href":"https:\/\/sincomavi.org.br\/index.php?rest_route=\/wp\/v2\/posts"}],"about":[{"href":"https:\/\/sincomavi.org.br\/index.php?rest_route=\/wp\/v2\/types\/post"}],"author":[{"embeddable":true,"href":"https:\/\/sincomavi.org.br\/index.php?rest_route=\/wp\/v2\/users\/1"}],"replies":[{"embeddable":true,"href":"https:\/\/sincomavi.org.br\/index.php?rest_route=%2Fwp%2Fv2%2Fcomments&post=6140"}],"version-history":[{"count":3,"href":"https:\/\/sincomavi.org.br\/index.php?rest_route=\/wp\/v2\/posts\/6140\/revisions"}],"predecessor-version":[{"id":6186,"href":"https:\/\/sincomavi.org.br\/index.php?rest_route=\/wp\/v2\/posts\/6140\/revisions\/6186"}],"wp:featuredmedia":[{"embeddable":true,"href":"https:\/\/sincomavi.org.br\/index.php?rest_route=\/wp\/v2\/media\/6144"}],"wp:attachment":[{"href":"https:\/\/sincomavi.org.br\/index.php?rest_route=%2Fwp%2Fv2%2Fmedia&parent=6140"}],"wp:term":[{"taxonomy":"category","embeddable":true,"href":"https:\/\/sincomavi.org.br\/index.php?rest_route=%2Fwp%2Fv2%2Fcategories&post=6140"},{"taxonomy":"post_tag","embeddable":true,"href":"https:\/\/sincomavi.org.br\/index.php?rest_route=%2Fwp%2Fv2%2Ftags&post=6140"}],"curies":[{"name":"wp","href":"https:\/\/api.w.org\/{rel}","templated":true}]}}